{"id":2462,"date":"2018-07-16T23:00:28","date_gmt":"2018-07-16T22:00:28","guid":{"rendered":"https:\/\/www.ecletismomusical.pt\/?p=2462"},"modified":"2018-07-19T17:12:56","modified_gmt":"2018-07-19T16:12:56","slug":"entrevista-cristina-branco","status":"publish","type":"post","link":"https:\/\/www.ecletismomusical.pt\/en\/entrevista-cristina-branco\/","title":{"rendered":"[Entrevista] Cristina Branco"},"content":{"rendered":"<p><img class=\"alignnone wp-image-2474\" src=\"https:\/\/www.ecletismomusical.pt\/wp-content\/uploads\/2018\/07\/CB2018cJoanaLinda-14.jpg\" alt=\"\" width=\"438\" height=\"291\" srcset=\"https:\/\/www.ecletismomusical.pt\/wp-content\/uploads\/2018\/07\/CB2018cJoanaLinda-14.jpg 400w, https:\/\/www.ecletismomusical.pt\/wp-content\/uploads\/2018\/07\/CB2018cJoanaLinda-14-300x200.jpg 300w\" \/><\/p>\n<p>Mais um enorme privil\u00e9gio para o <strong>Ecletismo Musical!\u00a0<\/strong>Desta vez, um dos nomes maiores da m\u00fasica feita em Portugu\u00eas (e que esta casa acompanha de perto desde 1998), teve a gentileza de dar uma entrevista ao EM. Fiquem a conhecer melhor: <a href=\"http:\/\/www.facebook.com\/CristinaBrancoOficial\/\">Cristina Branco<\/a>!<\/p>\n<div>\n<p><strong>EM: Concorda que, estes mais de 20 anos de carreira foram como que uma passagem de menina \u201cpresa\u201d ao Universo de Am\u00e1lia e aos c\u00e2nones (sombrios e pesados) do Fado cl\u00e1ssico, para uma mulher destemida, livre e sobretudo cantora e cidad\u00e3 do mundo?<\/strong><\/p>\n<p><strong>Cristina Branco:<\/strong> N\u00e3o acho mesmo que o fado tenha ensombrado a minha vida, o fado nunca foi o todo, na verdade foi como que um ponto de partida na voz e na obsess\u00e3o com Am\u00e1lia mas quando comecei a cantar nunca foi apenas fado. Foi Zeca, foi a obra po\u00e9tica de grandes autores da l\u00edngua portuguesa e muita m\u00fasica original e foi Am\u00e1lia. O fado foi um ve\u00edculo que era estranho ao meu ser e ao meu canto mais profundo e no qual eu hoje me reconhe\u00e7o muito mais do que antes. Ensinou-me a respeitar a m\u00e9trica dos textos, a encontrar o sil\u00eancio da m\u00fasica e a sentir, das entranhas. O resto foi a minha constante curiosidade e os milhares de km de mundo, de experi\u00eancias, que me trouxeram essa sensa\u00e7\u00e3o de nomadismo, de n\u00e3o perten\u00e7a. Tenho uma identidade, mas gosto profundamente de me adaptar. Os anos e a vida trouxeram-me isso!<\/p>\n<p><img class=\"alignnone wp-image-2464\" src=\"https:\/\/www.ecletismomusical.pt\/wp-content\/uploads\/2018\/07\/CB2018cJoanaLinda-15.png\" alt=\"\" width=\"267\" height=\"401\" srcset=\"https:\/\/www.ecletismomusical.pt\/wp-content\/uploads\/2018\/07\/CB2018cJoanaLinda-15.png 400w, https:\/\/www.ecletismomusical.pt\/wp-content\/uploads\/2018\/07\/CB2018cJoanaLinda-15-200x300.png 200w\" \/><\/p>\n<p><strong>EM: Em 2005, o EM escrevia, a prop\u00f3sito do lan\u00e7amento de \u00abUlisses\u00bb:<i>&#8220;Cristina\u00a0Branco\u00a0assume definitivamente que n\u00e3o \u00e9 uma fadista, \u00e9, e sempre foi, isso sim, uma grande artista.\u201d\u00a0<\/i>Partilha da vis\u00e3o de que, depois de \u00abSensus\u00bb ainda ser sobretudo um disco de Fado, foi a partir de \u00abUlisses\u00bb, o momento que se \u201clibertou das amarras\u201d ainda que o Fado esteja eternamente presente em si e em tudo o que faz?<\/strong><\/p>\n<p><strong>Cristina Branco:<\/strong> Sim, \u00e9 um pouco verdade, mas tem mais que ver com a versatilidade da chegada daquele novo instrumento \u00e0 minha m\u00fasica, o piano, que revestiu o todo de outros sons e novas possibilidades. O piano obrigou todos os outros instrumentos a ouvir e encontrar espa\u00e7o na minha m\u00fasica e tamb\u00e9m no meu fado. Tudo mudou porque foi preciso escrever cada nota e trabalhar em equipa, com subtileza com arranjos constru\u00eddos especificamente para cada um em que cada um passa a respeitar o espa\u00e7o do outro, se n\u00e3o seria uma confus\u00e3o. Isso permitiu construir uma nova vis\u00e3o do fado, pelo menos do meu fado.<\/p>\n<p><iframe src=\"https:\/\/www.youtube.com\/embed\/saiOlr0Vs6Q\" width=\"360\" height=\"215\" frameborder=\"0\" allowfullscreen=\"allowfullscreen\"><span style=\"width: 0px;overflow: hidden;line-height: 0\" class=\"mce_SELRES_start\"><\/span><span style=\"width: 0px;overflow: hidden;line-height: 0\" class=\"mce_SELRES_start\"><\/span><\/iframe><\/p>\n<p><strong>EM: A guitarra portuguesa do enorme Bernardo Couto teve o poder de permitir fazer, do Fado, \u201ca\u00a0<span class=\"m_-1456161463923564803m_-3778165872656997974m_-8579201950436323621gmail-il\">Cristina<\/span>\u201d?<\/strong><u><\/u><u><\/u><\/p>\n<p><strong>Cristina Branco:<\/strong> O Bernardo foi e \u00e9 sem d\u00favida alguma um grande guitarrista e o meu enorme guitarrista porque o seu ecletismo, a liberdade da sua abordagem me permitem ter um som <em>sui generis<\/em> e original. O Bernardo leva o instrumento para outra dimens\u00e3o.<\/p>\n<p><strong>EM:\u00a0\u00abAbril\u00bb (\u00e1lbum de 2007 &#8211; homenagem a Jos\u00e9 Afonso) ter\u00e1 sido decisivo para passar a ser um nome com maior visibilidade em Portugal? Essa aus\u00eancia de reconhecimento em Portugal era algo que a incomodava?<\/strong><\/p>\n<p><strong>Cristina Branco:<\/strong> N\u00e3o creio que tenha sido o Abril, mais o N\u00e3o h\u00e1 s\u00f3 tango em Paris, eu acho&#8230;seja como for, nunca me senti ou sinto incomodada com a escolha do p\u00fablico, muito honestamente. Sempre fiz o teu trabalho e fui fiel, profundamente fiel \u00e0s minhas op\u00e7\u00f5es e sei que isso pode ter um pre\u00e7o e a popularidade tamb\u00e9m nunca foi o meu fito. Gosto que gostem de mim e da minha m\u00fasica claro, mas para isso eu preciso de gostar tamb\u00e9m e ser verdadeira comigo.<\/p>\n<p><iframe src=\"https:\/\/www.youtube.com\/embed\/gPZYcLcshGk\" width=\"360\" height=\"215\" frameborder=\"0\" allowfullscreen=\"allowfullscreen\"><\/iframe><\/p>\n<p><strong>EM: De \u201cBomba Rel\u00f3gio\u201d a \u201cArmadilha\u201d passando por exemplo por \u201cAlice no pa\u00eds dos matraquilhos\u201d, S\u00e9rgio Godinho \u00e9 decididamente o seu autor fetiche?<\/strong><\/p>\n<p><strong>Cristina Branco:<\/strong> Oh!&#8230;talvez seja sim, \u00e9 pelo menos o autor que mais cantei, seja porque me identifico com as palavras, com a interpreta\u00e7\u00e3o, com as hist\u00f3rias reais.<\/p>\n<p><iframe src=\"https:\/\/www.youtube.com\/embed\/kluJyTzWLwA\" width=\"360\" height=\"215\" frameborder=\"0\" allowfullscreen=\"allowfullscreen\"><\/iframe><\/p>\n<p><strong>EM: Na primeira fase da sua carreira, dir\u00edamos at\u00e9 2005, procurou cantar poemas dos \u201cgrandes\u201d. Podemos dizer que, at\u00e9 na escolha dos autores, se nota ao longo dos anos que a Cristina passou a ser mais dona de si e das suas vontades, podendo, sem complexos ou medo de correr o risco, cantar composi\u00e7\u00f5es de jovens talentosos como Jorge Cruz, Filipe Sambado, Nuno Prata, Lu\u00eds Severo ou Beatriz Pessoa (em \u00abBranco\u00bb, de 2018), o que j\u00e1 tinha vindo a acontecer desde \u00abN\u00e3o h\u00e1 s\u00f3 tangos em Paris\u00bb?<\/strong><\/p>\n<p><strong>Cristina Branco:<\/strong> Sempre gostei de cantar os grandes poetas, porque sempre identifiquei com bons textos, sempre fui meticulosa a juntar m\u00fasica e letras, acontece que em determinado momento da minha vida achei que seria tamb\u00e9m importante cantar o talento de outros autores e criar para mim a enorme liberdade de poder discutir com autores vivos a dire\u00e7\u00e3o da minha m\u00fasica, a hist\u00f3ria contada em cada disco meu.<\/p>\n<p><iframe src=\"https:\/\/www.youtube.com\/embed\/_QiXGO1SkmM\" width=\"360\" height=\"215\" frameborder=\"0\" allowfullscreen=\"allowfullscreen\"><span style=\"width: 0px;overflow: hidden;line-height: 0\" class=\"mce_SELRES_start\"><\/span><\/iframe><\/p>\n<p><strong>EM: A prop\u00f3sito, qual considera ser o \u00abestado d\u2019arte\u00bb da m\u00fasica feita em Portugal?<\/strong><u><\/u><u><\/u><\/p>\n<p><strong>Cristina Branco:<\/strong> Este assunto tem muito que se lhe diga! Bom, acho que h\u00e1 bons autores de letras, bons compositores mas tamb\u00e9m h\u00e1 e felizmente, muito mais gente a identificar-se com a m\u00fasica portuguesa, a deixar cair aquele estigma de que a m\u00fasica estrangeira \u00e9 melhor. H\u00e1 em suma, melhor p\u00fablico, melhores canais para os autores jovens puderem mostrar a sua arte, mas tamb\u00e9m h\u00e1 m\u00e1s escolhas a passar no largo crivo da boa m\u00fasica. Nem tudo s\u00e3o rosas!<u><\/u><u><\/u><\/p>\n<p><strong>EM:\u00a0Que nomes colocava no seu \u201cFestival Ideal\u201d? (Vivos ou n\u00e3o)<\/strong><u><\/u><u><\/u><\/p>\n<p><strong>Cristina Branco:<\/strong> Marisa Monte, Jacques Brel, Gregory Porter,\u00a0 Nick Cave, Sting, Chico Buarque&#8230;e este festival durava um ano inteiro se continuasse a enumerar nomes!<\/p>\n<p><iframe src=\"https:\/\/www.youtube.com\/embed\/Ur4XiXJrd5o\" width=\"360\" height=\"215\" frameborder=\"0\" allowfullscreen=\"allowfullscreen\"><span style=\"width: 0px;overflow: hidden;line-height: 0\" class=\"mce_SELRES_start\"><\/span><\/iframe><\/p>\n<p><strong>EM: Se tivesse que identificar os 5 melhores \u00e1lbuns de sempre, qual era a sua escolha? E porqu\u00ea?<\/strong><u><\/u><u><\/u><\/p>\n<p><strong>Cristina Branco:<\/strong><br \/>\n<strong>Pink Floyd &#8211; The Wall<\/strong><\/p>\n<p><img class=\"alignnone wp-image-2469\" src=\"https:\/\/www.ecletismomusical.pt\/wp-content\/uploads\/2018\/07\/https_2F2Fimages.genius.com2Fd6b79e0bb40a5bd06c8bac11c2fbecbd.1000x1000x1.jpg\" alt=\"\" width=\"187\" height=\"187\" srcset=\"https:\/\/www.ecletismomusical.pt\/wp-content\/uploads\/2018\/07\/https_2F2Fimages.genius.com2Fd6b79e0bb40a5bd06c8bac11c2fbecbd.1000x1000x1.jpg 300w, https:\/\/www.ecletismomusical.pt\/wp-content\/uploads\/2018\/07\/https_2F2Fimages.genius.com2Fd6b79e0bb40a5bd06c8bac11c2fbecbd.1000x1000x1-150x150.jpg 150w\" \/><\/p>\n<p><strong>Chico Buarque &#8211; \u00d3pera do Malandro<\/strong><\/p>\n<p><img class=\"alignnone wp-image-2470\" src=\"https:\/\/www.ecletismomusical.pt\/wp-content\/uploads\/2018\/07\/UNL829609-2.jpg\" alt=\"\" width=\"189\" height=\"189\" srcset=\"https:\/\/www.ecletismomusical.pt\/wp-content\/uploads\/2018\/07\/UNL829609-2.jpg 400w, https:\/\/www.ecletismomusical.pt\/wp-content\/uploads\/2018\/07\/UNL829609-2-150x150.jpg 150w, https:\/\/www.ecletismomusical.pt\/wp-content\/uploads\/2018\/07\/UNL829609-2-300x300.jpg 300w\" \/><\/p>\n<p><strong>Fausto &#8211; Atr\u00e1s dos Tempos V\u00eam Tempos<\/strong><\/p>\n<p><img class=\"alignnone wp-image-2471\" src=\"https:\/\/www.ecletismomusical.pt\/wp-content\/uploads\/2018\/07\/268x0w.jpg\" alt=\"\" width=\"190\" height=\"190\" srcset=\"https:\/\/www.ecletismomusical.pt\/wp-content\/uploads\/2018\/07\/268x0w.jpg 268w, https:\/\/www.ecletismomusical.pt\/wp-content\/uploads\/2018\/07\/268x0w-150x150.jpg 150w\" \/><\/p>\n<p><strong>S\u00e9rgio Godinho &#8211; Era Uma Vez Um Rapaz<\/strong><\/p>\n<p><img class=\"alignnone size-full wp-image-2472\" src=\"https:\/\/www.ecletismomusical.pt\/wp-content\/uploads\/2018\/07\/R-3500210-1332870363.jpeg.jpg\" alt=\"\" width=\"188\" height=\"188\" srcset=\"https:\/\/www.ecletismomusical.pt\/wp-content\/uploads\/2018\/07\/R-3500210-1332870363.jpeg.jpg 188w, https:\/\/www.ecletismomusical.pt\/wp-content\/uploads\/2018\/07\/R-3500210-1332870363.jpeg-150x150.jpg 150w\" \/><\/p>\n<p><strong>Beach Boys &#8211; Pet Sounds<\/strong><\/p>\n<p><img class=\"alignnone wp-image-2473\" src=\"https:\/\/www.ecletismomusical.pt\/wp-content\/uploads\/2018\/07\/220px-PetSoundsCover-1.jpg\" alt=\"\" width=\"186\" height=\"186\" srcset=\"https:\/\/www.ecletismomusical.pt\/wp-content\/uploads\/2018\/07\/220px-PetSoundsCover-1.jpg 220w, https:\/\/www.ecletismomusical.pt\/wp-content\/uploads\/2018\/07\/220px-PetSoundsCover-1-150x150.jpg 150w\" \/><\/p>\n<p><strong>EM: <\/strong><strong>Quais s\u00e3o os seus planos para os pr\u00f3ximos meses? Por onde ir\u00e1 andar?<\/strong><u><\/u><u><\/u><\/p>\n<p><strong>Cristina Branco:<\/strong> Vou andar por a\u00ed! J\u00e1 este s\u00e1bado, dia 21 <strong>[de Julho]<\/strong> estarei em <strong>Matosinhos<\/strong>, no Matosinhos em Jazz, num concerto de entrada livre no Coreto em frente \u00e0 C\u00e2mara Municipal. Depois irei at\u00e9 \u00e0 Alemanha, \u00c1ustria, no final de Agosto passamos pelo Festival F, em Faro e por a\u00ed fora\u2026 estou tamb\u00e9m a escrever um pequeno livro de receitas de <em>comidinha<\/em> para os dias passados \u201cna estrada\u201d!<\/p>\n<p><strong>Muito obrigado Cristina!<\/strong><br \/>\nAgradecimento especial: <a href=\"http:\/\/www.arruada.com\">Arruada<\/a><br \/>\nFotos Cristina Branco:\u00a0<a href=\"https:\/\/www.facebook.com\/joanalindajoanalindajoanalinda\/\">Joana Linda<\/a><\/p>\n<\/div>","protected":false},"excerpt":{"rendered":"<p>Mais um enorme privil\u00e9gio para o Ecletismo Musical!\u00a0Desta vez, um dos nomes maiores da m\u00fasica feita em Portugu\u00eas (e que esta casa acompanha de perto desde 1998), teve a gentileza de dar uma entrevista ao EM. Fiquem a conhecer melhor: Cristina Branco! EM: Concorda que, estes mais de 20 anos de carreira foram como que<\/p>","protected":false},"author":3,"featured_media":2475,"comment_status":"open","ping_status":"open","sticky":false,"template":"","format":"standard","meta":[],"categories":[25],"tags":[244,52],"_links":{"self":[{"href":"https:\/\/www.ecletismomusical.pt\/en\/wp-json\/wp\/v2\/posts\/2462"}],"collection":[{"href":"https:\/\/www.ecletismomusical.pt\/en\/wp-json\/wp\/v2\/posts"}],"about":[{"href":"https:\/\/www.ecletismomusical.pt\/en\/wp-json\/wp\/v2\/types\/post"}],"author":[{"embeddable":true,"href":"https:\/\/www.ecletismomusical.pt\/en\/wp-json\/wp\/v2\/users\/3"}],"replies":[{"embeddable":true,"href":"https:\/\/www.ecletismomusical.pt\/en\/wp-json\/wp\/v2\/comments?post=2462"}],"version-history":[{"count":8,"href":"https:\/\/www.ecletismomusical.pt\/en\/wp-json\/wp\/v2\/posts\/2462\/revisions"}],"predecessor-version":[{"id":2490,"href":"https:\/\/www.ecletismomusical.pt\/en\/wp-json\/wp\/v2\/posts\/2462\/revisions\/2490"}],"wp:featuredmedia":[{"embeddable":true,"href":"https:\/\/www.ecletismomusical.pt\/en\/wp-json\/wp\/v2\/media\/2475"}],"wp:attachment":[{"href":"https:\/\/www.ecletismomusical.pt\/en\/wp-json\/wp\/v2\/media?parent=2462"}],"wp:term":[{"taxonomy":"category","embeddable":true,"href":"https:\/\/www.ecletismomusical.pt\/en\/wp-json\/wp\/v2\/categories?post=2462"},{"taxonomy":"post_tag","embeddable":true,"href":"https:\/\/www.ecletismomusical.pt\/en\/wp-json\/wp\/v2\/tags?post=2462"}],"curies":[{"name":"wp","href":"https:\/\/api.w.org\/{rel}","templated":true}]}}