{"id":2545,"date":"2018-07-20T22:00:01","date_gmt":"2018-07-20T21:00:01","guid":{"rendered":"https:\/\/www.ecletismomusical.pt\/?p=2545"},"modified":"2018-07-20T13:53:18","modified_gmt":"2018-07-20T12:53:18","slug":"2545-2","status":"publish","type":"post","link":"https:\/\/www.ecletismomusical.pt\/en\/2545-2\/","title":{"rendered":"[New Videos] Bon Iver &#038; TU Dance"},"content":{"rendered":"<p><img class=\"alignnone wp-image-2546\" src=\"https:\/\/www.ecletismomusical.pt\/wp-content\/uploads\/2018\/07\/bon.jpg\" alt=\"\" width=\"647\" height=\"334\" srcset=\"https:\/\/www.ecletismomusical.pt\/wp-content\/uploads\/2018\/07\/bon.jpg 852w, https:\/\/www.ecletismomusical.pt\/wp-content\/uploads\/2018\/07\/bon-300x155.jpg 300w, https:\/\/www.ecletismomusical.pt\/wp-content\/uploads\/2018\/07\/bon-768x397.jpg 768w\" \/><\/p>\n<p>Justin Vernon (<a href=\"http:\/\/www.facebook.com\/boniverwi\/\">Bon Iver<\/a>) colaborou com os <a href=\"http:\/\/www.facebook.com\/TU.Dance.MN\/\">TU Dance<\/a> de Minnesota numa extraordin\u00e1ria jun\u00e7\u00e3o entre m\u00fasica e dan\u00e7a contempor\u00e2nea. \u00c9 agora poss\u00edvel assistir a tr\u00eas fant\u00e1sticos v\u00eddeos, onde a simplicidade dos movimentos se alia na perfei\u00e7\u00e3o aos suaves e envolventes sons de <strong>Bon Iver<\/strong>.<\/p>\n<div class=\"text-wrap\">\n<div class=\"result-shield-container\"><strong>Imperd\u00edvel!<\/strong><\/div>\n<\/div>\n<p><iframe src=\"https:\/\/www.youtube.com\/embed\/C8D0xjGQexo\" width=\"560\" height=\"315\" frameborder=\"0\" allowfullscreen=\"allowfullscreen\"><\/iframe><\/p>\n<p><iframe src=\"https:\/\/www.youtube.com\/embed\/pi65k8EexEA\" width=\"560\" height=\"315\" frameborder=\"0\" allowfullscreen=\"allowfullscreen\"><\/iframe><\/p>\n<p><iframe src=\"https:\/\/www.youtube.com\/embed\/vWMNPRWUCXw\" width=\"560\" height=\"315\" frameborder=\"0\" allowfullscreen=\"allowfullscreen\"><\/iframe><\/p>","protected":false},"excerpt":{"rendered":"<p>Justin Vernon (Bon Iver) colaborou com os TU Dance de Minnesota numa extraordin\u00e1ria jun\u00e7\u00e3o entre m\u00fasica e dan\u00e7a contempor\u00e2nea. \u00c9 agora poss\u00edvel assistir a tr\u00eas fant\u00e1sticos v\u00eddeos, onde a simplicidade dos movimentos se alia na perfei\u00e7\u00e3o aos suaves e envolventes sons de Bon Iver. Imperd\u00edvel!<\/p>","protected":false},"author":3,"featured_media":2546,"comment_status":"open","ping_status":"open","sticky":false,"template":"","format":"video","meta":[],"categories":[1,235],"tags":[314,315,316],"_links":{"self":[{"href":"https:\/\/www.ecletismomusical.pt\/en\/wp-json\/wp\/v2\/posts\/2545"}],"collection":[{"href":"https:\/\/www.ecletismomusical.pt\/en\/wp-json\/wp\/v2\/posts"}],"about":[{"href":"https:\/\/www.ecletismomusical.pt\/en\/wp-json\/wp\/v2\/types\/post"}],"author":[{"embeddable":true,"href":"https:\/\/www.ecletismomusical.pt\/en\/wp-json\/wp\/v2\/users\/3"}],"replies":[{"embeddable":true,"href":"https:\/\/www.ecletismomusical.pt\/en\/wp-json\/wp\/v2\/comments?post=2545"}],"version-history":[{"count":3,"href":"https:\/\/www.ecletismomusical.pt\/en\/wp-json\/wp\/v2\/posts\/2545\/revisions"}],"predecessor-version":[{"id":2549,"href":"https:\/\/www.ecletismomusical.pt\/en\/wp-json\/wp\/v2\/posts\/2545\/revisions\/2549"}],"wp:featuredmedia":[{"embeddable":true,"href":"https:\/\/www.ecletismomusical.pt\/en\/wp-json\/wp\/v2\/media\/2546"}],"wp:attachment":[{"href":"https:\/\/www.ecletismomusical.pt\/en\/wp-json\/wp\/v2\/media?parent=2545"}],"wp:term":[{"taxonomy":"category","embeddable":true,"href":"https:\/\/www.ecletismomusical.pt\/en\/wp-json\/wp\/v2\/categories?post=2545"},{"taxonomy":"post_tag","embeddable":true,"href":"https:\/\/www.ecletismomusical.pt\/en\/wp-json\/wp\/v2\/tags?post=2545"}],"curies":[{"name":"wp","href":"https:\/\/api.w.org\/{rel}","templated":true}]}}