{"id":2557,"date":"2018-07-22T22:15:44","date_gmt":"2018-07-22T21:15:44","guid":{"rendered":"https:\/\/www.ecletismomusical.pt\/?p=2557"},"modified":"2018-07-20T14:34:52","modified_gmt":"2018-07-20T13:34:52","slug":"new-single-the-decemberists-once-in-my-life","status":"publish","type":"post","link":"https:\/\/www.ecletismomusical.pt\/en\/new-single-the-decemberists-once-in-my-life\/","title":{"rendered":"[New Single] The Decemberists &#8211; Once In My Life"},"content":{"rendered":"<p><iframe src=\"https:\/\/www.youtube.com\/embed\/bHFbaF9_kpI\" width=\"560\" height=\"315\" frameborder=\"0\" allowfullscreen=\"allowfullscreen\"><\/iframe><\/p>\n<p>Muito mais do que um simples videoclip de uma nova m\u00fasica. Num mundo de consumismo e imediatismo, <strong>Colin Meloy<\/strong> presta homenagem a Jacob, irm\u00e3o de\u00a0<strong>Autumn de Wilde<\/strong> (director do Video), um homem que viveu com diferen\u00e7as f\u00edsicas e intelectuais toda a sua vida, dan\u00e7ando nas ruas de Los Angeles. Tal como Colin refere, a m\u00fasica, torna-se mais do que apenas uma &#8220;celebra\u00e7\u00e3o da tristeza&#8221;, mas sim um desejo de gritar e mostrar ao universo que as diferen\u00e7as devem ser respeitadas!<\/p>\n<p><span class=\"tlid-translation translation\"><span class=\"\">Mais informa\u00e7\u00f5es sobre a hist\u00f3ria: <a href=\"http:\/\/www.decemberists.com\/2018\/07\/17\/once-in-my-life-directed-by-autumn-de-wilde\/\">Aqui!<\/a><br \/>\n<\/span><\/span><\/p>","protected":false},"excerpt":{"rendered":"<p>Muito mais do que um simples videoclip de uma nova m\u00fasica. Num mundo de consumismo e imediatismo, Colin Meloy presta homenagem a Jacob, irm\u00e3o de\u00a0Autumn de Wilde (director do Video), um homem que viveu com diferen\u00e7as f\u00edsicas e intelectuais toda a sua vida, dan\u00e7ando nas ruas de Los Angeles. Tal como Colin refere, a m\u00fasica,<\/p>","protected":false},"author":3,"featured_media":2558,"comment_status":"open","ping_status":"open","sticky":false,"template":"","format":"video","meta":[],"categories":[1,26],"tags":[87,320],"_links":{"self":[{"href":"https:\/\/www.ecletismomusical.pt\/en\/wp-json\/wp\/v2\/posts\/2557"}],"collection":[{"href":"https:\/\/www.ecletismomusical.pt\/en\/wp-json\/wp\/v2\/posts"}],"about":[{"href":"https:\/\/www.ecletismomusical.pt\/en\/wp-json\/wp\/v2\/types\/post"}],"author":[{"embeddable":true,"href":"https:\/\/www.ecletismomusical.pt\/en\/wp-json\/wp\/v2\/users\/3"}],"replies":[{"embeddable":true,"href":"https:\/\/www.ecletismomusical.pt\/en\/wp-json\/wp\/v2\/comments?post=2557"}],"version-history":[{"count":2,"href":"https:\/\/www.ecletismomusical.pt\/en\/wp-json\/wp\/v2\/posts\/2557\/revisions"}],"predecessor-version":[{"id":2566,"href":"https:\/\/www.ecletismomusical.pt\/en\/wp-json\/wp\/v2\/posts\/2557\/revisions\/2566"}],"wp:featuredmedia":[{"embeddable":true,"href":"https:\/\/www.ecletismomusical.pt\/en\/wp-json\/wp\/v2\/media\/2558"}],"wp:attachment":[{"href":"https:\/\/www.ecletismomusical.pt\/en\/wp-json\/wp\/v2\/media?parent=2557"}],"wp:term":[{"taxonomy":"category","embeddable":true,"href":"https:\/\/www.ecletismomusical.pt\/en\/wp-json\/wp\/v2\/categories?post=2557"},{"taxonomy":"post_tag","embeddable":true,"href":"https:\/\/www.ecletismomusical.pt\/en\/wp-json\/wp\/v2\/tags?post=2557"}],"curies":[{"name":"wp","href":"https:\/\/api.w.org\/{rel}","templated":true}]}}