{"id":2586,"date":"2018-07-24T21:45:46","date_gmt":"2018-07-24T20:45:46","guid":{"rendered":"https:\/\/www.ecletismomusical.pt\/?p=2586"},"modified":"2018-07-24T11:00:46","modified_gmt":"2018-07-24T10:00:46","slug":"festival-milhoes-de-festa-2018","status":"publish","type":"post","link":"https:\/\/www.ecletismomusical.pt\/en\/festival-milhoes-de-festa-2018\/","title":{"rendered":"[Festival] Milh\u00f5es de Festa 2018"},"content":{"rendered":"<p><img class=\"alignnone wp-image-2588\" src=\"https:\/\/www.ecletismomusical.pt\/wp-content\/uploads\/2018\/07\/37372188_10157574490424992_7168699449550569472_n.jpg\" alt=\"\" width=\"505\" height=\"284\" srcset=\"https:\/\/www.ecletismomusical.pt\/wp-content\/uploads\/2018\/07\/37372188_10157574490424992_7168699449550569472_n.jpg 960w, https:\/\/www.ecletismomusical.pt\/wp-content\/uploads\/2018\/07\/37372188_10157574490424992_7168699449550569472_n-300x169.jpg 300w, https:\/\/www.ecletismomusical.pt\/wp-content\/uploads\/2018\/07\/37372188_10157574490424992_7168699449550569472_n-768x432.jpg 768w\" \/><\/p>\n<p>Um dos mais criativos (e alternativos) Festivais em Portugal ir\u00e1 mudar. Sob o mote <strong>&#8220;A tradi\u00e7\u00e3o j\u00e1 n\u00e3o \u00e9 o que era&#8221;<\/strong>, o <a href=\"http:\/\/www.facebook.com\/milhoesdefesta\/\"><strong>Milh\u00f5es de Festa<\/strong><\/a>, em 2018, acontecer\u00e1 entre os dias <strong>6 e 9 de Setembro, em Barcelos.<\/strong><\/p>\n<p>De entre os j\u00e1 confirmados, destaque para o regresso dos\u00a0<strong>Electric Wizard\u00a0<\/strong>ao festival que os acolheu, pela primeira vez em Portugal, em 2010, \u00e0s estreias em Barcelos das entidades\u00a0<strong>Circle\u00a0<\/strong>and\u00a0<strong>The Heliocentrics\u00a0<\/strong>e a novidade\u00a0<strong>700 Bliss\u00a0<\/strong>(o mais recente projecto de Moor Mother). Pelos palcos do recinto passar\u00e3o ainda o punk explosivo do trio russo\u00a0<strong>Mirrored Lips,\u00a0<\/strong>o stoner de\u00a0<strong>Pharaoh Overlord\u00a0<\/strong>e o post-rock dos barcelenses\u00a0<strong>Indignu<\/strong>. Cumprindo com a anunciada vontade de refor\u00e7ar a componente imersiva das apresenta\u00e7\u00f5es, confirmam-se ainda as estreias do mais recente trabalho de\u00a0<strong>Natalie Sharp (Lone Taxidermist)\u00a0<\/strong>e o ritual imprevis\u00edvel dos\u00a0<strong>UKAEA\u00a0<\/strong>(<strong>United Kult of the Animist Endgame Apostles<\/strong>).<\/p>","protected":false},"excerpt":{"rendered":"<p>Um dos mais criativos (e alternativos) Festivais em Portugal ir\u00e1 mudar. Sob o mote &#8220;A tradi\u00e7\u00e3o j\u00e1 n\u00e3o \u00e9 o que era&#8221;, o Milh\u00f5es de Festa, em 2018, acontecer\u00e1 entre os dias 6 e 9 de Setembro, em Barcelos. De entre os j\u00e1 confirmados, destaque para o regresso dos\u00a0Electric Wizard\u00a0ao festival que os acolheu, pela<\/p>","protected":false},"author":3,"featured_media":2588,"comment_status":"open","ping_status":"open","sticky":false,"template":"","format":"standard","meta":[],"categories":[1,24],"tags":[328,54,327],"_links":{"self":[{"href":"https:\/\/www.ecletismomusical.pt\/en\/wp-json\/wp\/v2\/posts\/2586"}],"collection":[{"href":"https:\/\/www.ecletismomusical.pt\/en\/wp-json\/wp\/v2\/posts"}],"about":[{"href":"https:\/\/www.ecletismomusical.pt\/en\/wp-json\/wp\/v2\/types\/post"}],"author":[{"embeddable":true,"href":"https:\/\/www.ecletismomusical.pt\/en\/wp-json\/wp\/v2\/users\/3"}],"replies":[{"embeddable":true,"href":"https:\/\/www.ecletismomusical.pt\/en\/wp-json\/wp\/v2\/comments?post=2586"}],"version-history":[{"count":1,"href":"https:\/\/www.ecletismomusical.pt\/en\/wp-json\/wp\/v2\/posts\/2586\/revisions"}],"predecessor-version":[{"id":2589,"href":"https:\/\/www.ecletismomusical.pt\/en\/wp-json\/wp\/v2\/posts\/2586\/revisions\/2589"}],"wp:featuredmedia":[{"embeddable":true,"href":"https:\/\/www.ecletismomusical.pt\/en\/wp-json\/wp\/v2\/media\/2588"}],"wp:attachment":[{"href":"https:\/\/www.ecletismomusical.pt\/en\/wp-json\/wp\/v2\/media?parent=2586"}],"wp:term":[{"taxonomy":"category","embeddable":true,"href":"https:\/\/www.ecletismomusical.pt\/en\/wp-json\/wp\/v2\/categories?post=2586"},{"taxonomy":"post_tag","embeddable":true,"href":"https:\/\/www.ecletismomusical.pt\/en\/wp-json\/wp\/v2\/tags?post=2586"}],"curies":[{"name":"wp","href":"https:\/\/api.w.org\/{rel}","templated":true}]}}