{"id":2625,"date":"2018-07-27T12:51:19","date_gmt":"2018-07-27T11:51:19","guid":{"rendered":"https:\/\/www.ecletismomusical.pt\/?p=2625"},"modified":"2018-07-27T12:52:04","modified_gmt":"2018-07-27T11:52:04","slug":"festival-indie-music-fest","status":"publish","type":"post","link":"https:\/\/www.ecletismomusical.pt\/en\/festival-indie-music-fest\/","title":{"rendered":"[Festival] Indie Music Fest"},"content":{"rendered":"<p><img class=\"alignnone size-full wp-image-2627\" src=\"https:\/\/www.ecletismomusical.pt\/wp-content\/uploads\/2018\/07\/indie.jpg\" alt=\"\" width=\"451\" height=\"661\" srcset=\"https:\/\/www.ecletismomusical.pt\/wp-content\/uploads\/2018\/07\/indie.jpg 451w, https:\/\/www.ecletismomusical.pt\/wp-content\/uploads\/2018\/07\/indie-205x300.jpg 205w\" \/><\/p>\n<p>Estes s\u00e3o os \u00faltimos artistas dos palcos do Bosque M\u00e1gico.\u00a0<strong>Mundo<\/strong>\u00a0<strong>Segundo, Conan Osiris, Lu\u00eds Severo, Vaarwell, Prana, Omodo,\u00a0<\/strong><strong>The Jaqueline,\u00a0<\/strong><strong>DON PIE PIE, P\u00e2ntano,<\/strong><strong>\u00a0<\/strong><strong>Rei Bruxo\u00a0<\/strong>and<strong>\u00a0Glaucoma<\/strong>\u00a0juntam-se a outros nomes como Throes + The Shine, Keep Razors Sharp, Yuzi, Filipe Sambado e os Acompanhantes de Luxo, entre outros.<\/p>\n<p class=\"m_6121309376829578712gmail-m_2449090458377790267m_6098135903226927780m_3370222737041898349inbox-inbox-p1\"><span class=\"m_6121309376829578712gmail-m_2449090458377790267im\"><span class=\"m_6121309376829578712gmail-m_2449090458377790267m_6098135903226927780m_3370222737041898349inbox-inbox-s1\">O\u00a0<strong><a href=\"http:\/\/www.facebook.com\/indiemusicfestofficialpage\/\">Indie Music Fest<\/a>\u00a0<\/strong>\u00e9 uma celebra\u00e7\u00e3o art\u00edstica independente que tem vindo a ganhar a sua voz na esfera da m\u00fasica nacional, recebendo alguns dos maiores nomes da m\u00fasica independente portuguesa e abrindo portas a novos projetos ainda \u00a0\u00e0 procura do seu lugar.\u00a0<\/span><\/span><\/p>\n<p class=\"m_6121309376829578712gmail-m_2449090458377790267m_6098135903226927780m_3370222737041898349inbox-inbox-p1\"><span class=\"m_6121309376829578712gmail-m_2449090458377790267im\">J\u00e1 na sexta edi\u00e7\u00e3o, o festival tem agora os passes-gerais \u00e0 venda em\u00a0<a href=\"https:\/\/indiemusicfest.us1.list-manage.com\/track\/click?u=37518f1cbc06c33fd4005a262&amp;id=ee1905c291&amp;e=eec275dd47\" target=\"_blank\"><span class=\"m_6121309376829578712gmail-m_2449090458377790267m_6098135903226927780m_3370222737041898349inbox-inbox-s2\">www.bol.pt<\/span><\/a>\u00a0e nos locais habituais a 25\u20ac (pre\u00e7o dispon\u00edvel at\u00e9 31 de agosto).<span class=\"m_6121309376829578712gmail-m_2449090458377790267m_6098135903226927780m_3370222737041898349inbox-inbox-Apple-converted-space\">\u00a0<\/span><\/span><\/p>","protected":false},"excerpt":{"rendered":"<p>Estes s\u00e3o os \u00faltimos artistas dos palcos do Bosque M\u00e1gico.\u00a0Mundo\u00a0Segundo, Conan Osiris, Lu\u00eds Severo, Vaarwell, Prana, Omodo,\u00a0The Jaqueline,\u00a0DON PIE PIE, P\u00e2ntano,\u00a0Rei Bruxo\u00a0e\u00a0Glaucoma\u00a0juntam-se a outros nomes como Throes + The Shine, Keep Razors Sharp, Yuzi, Filipe Sambado e os Acompanhantes de Luxo, entre outros. O\u00a0Indie Music Fest\u00a0\u00e9 uma celebra\u00e7\u00e3o art\u00edstica independente que tem vindo a ganhar<\/p>","protected":false},"author":3,"featured_media":2627,"comment_status":"open","ping_status":"open","sticky":false,"template":"","format":"standard","meta":[],"categories":[1,24],"tags":[328,54,154],"_links":{"self":[{"href":"https:\/\/www.ecletismomusical.pt\/en\/wp-json\/wp\/v2\/posts\/2625"}],"collection":[{"href":"https:\/\/www.ecletismomusical.pt\/en\/wp-json\/wp\/v2\/posts"}],"about":[{"href":"https:\/\/www.ecletismomusical.pt\/en\/wp-json\/wp\/v2\/types\/post"}],"author":[{"embeddable":true,"href":"https:\/\/www.ecletismomusical.pt\/en\/wp-json\/wp\/v2\/users\/3"}],"replies":[{"embeddable":true,"href":"https:\/\/www.ecletismomusical.pt\/en\/wp-json\/wp\/v2\/comments?post=2625"}],"version-history":[{"count":1,"href":"https:\/\/www.ecletismomusical.pt\/en\/wp-json\/wp\/v2\/posts\/2625\/revisions"}],"predecessor-version":[{"id":2628,"href":"https:\/\/www.ecletismomusical.pt\/en\/wp-json\/wp\/v2\/posts\/2625\/revisions\/2628"}],"wp:featuredmedia":[{"embeddable":true,"href":"https:\/\/www.ecletismomusical.pt\/en\/wp-json\/wp\/v2\/media\/2627"}],"wp:attachment":[{"href":"https:\/\/www.ecletismomusical.pt\/en\/wp-json\/wp\/v2\/media?parent=2625"}],"wp:term":[{"taxonomy":"category","embeddable":true,"href":"https:\/\/www.ecletismomusical.pt\/en\/wp-json\/wp\/v2\/categories?post=2625"},{"taxonomy":"post_tag","embeddable":true,"href":"https:\/\/www.ecletismomusical.pt\/en\/wp-json\/wp\/v2\/tags?post=2625"}],"curies":[{"name":"wp","href":"https:\/\/api.w.org\/{rel}","templated":true}]}}