{"id":2629,"date":"2018-07-27T18:05:21","date_gmt":"2018-07-27T17:05:21","guid":{"rendered":"https:\/\/www.ecletismomusical.pt\/?p=2629"},"modified":"2018-07-27T18:06:53","modified_gmt":"2018-07-27T17:06:53","slug":"entrevista-moons","status":"publish","type":"post","link":"https:\/\/www.ecletismomusical.pt\/en\/entrevista-moons\/","title":{"rendered":"[Entrevista] Moons"},"content":{"rendered":"<p><img class=\"alignnone wp-image-2630\" src=\"https:\/\/www.ecletismomusical.pt\/wp-content\/uploads\/2018\/07\/32283689_976786249162973_3404586469203902464_n.jpg\" alt=\"\" width=\"646\" height=\"646\" srcset=\"https:\/\/www.ecletismomusical.pt\/wp-content\/uploads\/2018\/07\/32283689_976786249162973_3404586469203902464_n.jpg 960w, https:\/\/www.ecletismomusical.pt\/wp-content\/uploads\/2018\/07\/32283689_976786249162973_3404586469203902464_n-150x150.jpg 150w, https:\/\/www.ecletismomusical.pt\/wp-content\/uploads\/2018\/07\/32283689_976786249162973_3404586469203902464_n-300x300.jpg 300w, https:\/\/www.ecletismomusical.pt\/wp-content\/uploads\/2018\/07\/32283689_976786249162973_3404586469203902464_n-768x768.jpg 768w\" \/><\/p>\n<p>Oportunidade desta vez para conhecer melhor os <strong><a href=\"http:\/\/www.facebook.com\/spymoons\/\">Moons<\/a>, ou Andr\u00e9 Travassos<\/strong>, mentor e criador de um dos \u00e1lbuns que o <strong>Musical Eclecticism<\/strong> considerou estar entre os melhores de 2018; (<a href=\"https:\/\/www.ecletismomusical.pt\/en\/review-m-o-o-n-s-thinking-out-loud\/\">Review Aqui<\/a>). Andr\u00e9 Travassos \u00e9 um dos nomes maiores da cena alternativa de Belo Horizonte que tem vindo a surpreender o Brasil e o Mundo. Fiquem a conhecer:<\/p>\n<p><strong>EM: Ol\u00e1 Andr\u00e9, como se chegou at\u00e9 \u201c<a href=\"https:\/\/www.ecletismomusical.pt\/en\/review-m-o-o-n-s-thinking-out-loud\/\">Thinking Out Loud\u201d<\/a> (\u00e1lbum que o EM considerou um dos melhores de 2018)? Qual o percurso dos Moons? Os Moons ser\u00e3o a partir de agora uma banda?<\/strong><\/p>\n<p><strong>Andr\u00e9:<\/strong> O Thinking Out Loud \u00e9 resultado direto do encontro dessa banda que hoje comp\u00f5e o Moons. Al\u00e9m de n\u00f3s seis ainda contou com a participa\u00e7\u00e3o do nosso antigo tecladista Victor Magalh\u00e3es e dos amigos Thiakov, Rodrigo Viana, Rodrigo Garcia e do nosso produtor Leonardo Marques. Hoje vivemos uma fase maravilhosa enquanto banda. Tudo esta fluindo de uma maneira muito leve mas n\u00e3o temos como prever o que o futuro nos reserva. Ent\u00e3o preferimos viver um dia ap\u00f3s o outro.<\/p>\n<p><strong>EM: De onde surge toda a melancolia na sonoridade dos Moons? Existe uma \u201c\u00e1gua\u201d especial em Minas? <\/strong><\/p>\n<p><strong>Andr\u00e9:<\/strong> Deve existir sim (risos). O Moons \u00e9 uma banda em que todos os integrantes s\u00e3o pessoas que tem uma sensibilidade muito agu\u00e7ada. E a nossa m\u00fasica sem d\u00favida \u00e9 um reflexo disso. Seja harmonicamente ou nas letras. Tratar de temas \u00edntimos e sens\u00edveis \u00e9, al\u00e9m de uma paix\u00e3o uma necessidade nossa. Talvez para aliviar um pouco tudo aquilo que guardamos dentro de n\u00f3s!<\/p>\n<p><iframe src=\"https:\/\/www.youtube.com\/embed\/odxkx9iiTDs\" width=\"360\" height=\"215\" frameborder=\"0\" allowfullscreen=\"allowfullscreen\"><span style=\"width: 0px;overflow: hidden;line-height: 0\" class=\"mce_SELRES_start\"><\/span><\/iframe><\/p>\n<p><strong>EM: As influ\u00eancias que se notam do folk <\/strong><strong>anglo-sax\u00f3nico s\u00e3o incontorn\u00e1veis. Mas igualmente o universo das bandas sonoras de filmes cl\u00e1ssicos parece estar muito presente quer na sonoridade, quer na escrita. Esse \u00e9 sempre o gui\u00e3o condutor para a cria\u00e7\u00e3o?<\/strong><\/p>\n<p><strong>Andr\u00e9:<\/strong> Sem d\u00favida! Isso e tudo a nossa volta! Musicalmente falando a gente escuta de tudo um pouco. Claro com predile\u00e7\u00e3o para folk, rock, jazz e seus derivados. Mas comportamento tamb\u00e9m \u00e9 algo que nos influencia muito. Seja na vida real, ou nas artes atrav\u00e9s de livros, filmes, teatro, etc. Fato \u00e9 que gostamos de pensar as m\u00fasicas de forma muito imag\u00e9tica. Sempre que uma m\u00fasica me emociona eu sou transportado para outro lugar, para uma narrativa que se constr\u00f3i a medida que a m\u00fasica evolui. Acho que nosso trabalho \u00e9 meio por ai! Dar asas a imagina\u00e7\u00e3o das pessoas atrav\u00e9s das m\u00faltiplas sensa\u00e7\u00f5es que a m\u00fasica pode provocar em n\u00f3s.<\/p>\n<p><strong>EM: Pode-se dizer que a sonoridade dos Moons \u00e9 igualmente uma esp\u00e9cie de Bossa Nova em ingl\u00eas?<\/strong><\/p>\n<p>Acho que n\u00e3o! A bossa nova \u00e9 talvez um ritmo onde o jazz se encontrou com o samba, um ritmo tipicamente brasileiro. No nosso caso as refer\u00eancias brasileiras que temos j\u00e1 s\u00e3o artistas que de alguma forma j\u00e1 beberam na fonte da m\u00fasica americana ou inglesa. Como o Clube da Esquina, Belchior e o rock rural, Os Mutantes e at\u00e9 mesmo Gil e Caetano com seus discos gravados fora do Brasil.<\/p>\n<p><img class=\"alignnone wp-image-2631\" src=\"https:\/\/www.ecletismomusical.pt\/wp-content\/uploads\/2018\/07\/35243365_994735177368080_350289234784944128_o.jpg\" alt=\"\" width=\"567\" height=\"378\" srcset=\"https:\/\/www.ecletismomusical.pt\/wp-content\/uploads\/2018\/07\/35243365_994735177368080_350289234784944128_o.jpg 2048w, https:\/\/www.ecletismomusical.pt\/wp-content\/uploads\/2018\/07\/35243365_994735177368080_350289234784944128_o-300x200.jpg 300w, https:\/\/www.ecletismomusical.pt\/wp-content\/uploads\/2018\/07\/35243365_994735177368080_350289234784944128_o-768x512.jpg 768w, https:\/\/www.ecletismomusical.pt\/wp-content\/uploads\/2018\/07\/35243365_994735177368080_350289234784944128_o-1024x683.jpg 1024w\" \/><\/p>\n<p><strong>EM: O EM escrevia na <a href=\"https:\/\/www.ecletismomusical.pt\/en\/review-m-o-o-n-s-thinking-out-loud\/\">review<\/a> ao \u00e1lbum \u201cThinking Out Loud\u201d que: \u201dexiste uma profundidade (ainda que com enorme sensibilidade) e dor latente na voz de Andr\u00e9 Travassos que provoca um profus\u00e3o de sentimentos e emo\u00e7\u00f5es sonoras dif\u00edceis de libertar da pele.\u201d. \u00c9 isso que pretendem que resulte para o ouvinte? Fazem m\u00fasica a pensar nisso?<\/strong><\/p>\n<p><strong>Andr\u00e9:<\/strong> Das coisas mais bonitas de fazer arte \u00e9 n\u00e3o ter o controle de como as pessoas ir\u00e3o absorver o seu trabalho. \u00c9 muito bonito v\u00ea-las ressignificando \u00e0 sua maneira nossas m\u00fasicas. Ent\u00e3o \u00e9 meio dif\u00edcil premeditar o que vamos fazer na tentativa de prever o que e como os ouvintes ir\u00e3o receber. Eu diria que a gente busca sempre ouvir o que a m\u00fasica e o momento pedem.<\/p>\n<p><strong>EM: O \u00e1lbum \u201cThinking Out Loud\u201d parece ter um conjunto de can\u00e7\u00f5es que se interligam e que s\u00e3o um objeto por si s\u00f3. Houve essa preocupa\u00e7\u00e3o de que o \u00e1lbum contasse uma hist\u00f3ria em cap\u00edtulos? <\/strong><\/p>\n<p>Na verdade n\u00e3o. Foi muito natural que tudo fosse assim. Mas ao mesmo tempo creio que algo maior conspirou para que esse encontro acontecesse e que essas m\u00fasicas viessem a tona da forma linear como vieram!<\/p>\n<p><iframe src=\"https:\/\/www.youtube.com\/embed\/iLJP2RBC1M8\" width=\"360\" height=\"215\" frameborder=\"0\" allowfullscreen=\"allowfullscreen\"><span style=\"width: 0px;overflow: hidden;line-height: 0\" class=\"mce_SELRES_start\"><\/span><\/iframe><\/p>\n<p><strong>EM: A prop\u00f3sito, qual consideras ser o \u00abestado d\u2019arte\u00bb da m\u00fasica feita atualmente no Brasil e no mundo?<\/strong><\/p>\n<p><strong>Andr\u00e9:<\/strong> \u00c9 muito abrangente. Como vivemos na \u00e9poca da informa\u00e7\u00e3o, por vezes eu penso que em muitos casos a m\u00fasica em si j\u00e1 n\u00e3o \u00e9 mais a coisa mais importante para alguns artistas. E sim o comportamento, status, etc. N\u00f3s ainda somos rom\u00e2nticos nesse sentido de acreditar no poder transformador da m\u00fasica.<\/p>\n<p><strong>EM: Que nomes colocavas no teu \u201cFestival Ideal\u201d? (Vivos ou n\u00e3o)<\/strong><\/p>\n<p>O meu festival ideal j\u00e1 existe e se chama <a href=\"http:\/\/www.facebook.com\/solidsoundfestival\/\">Solid Sound<\/a>. Nele existe um envolvimento real da comunidade, a curadoria \u00e9 feita pela banda mais incr\u00edvel da atualidade o Wilco, que ainda toca em todas as tr\u00eas noites em que ele acontece!<\/p>\n<p><iframe src=\"https:\/\/www.youtube.com\/embed\/aOSWdxQWsnE\" width=\"360\" height=\"215\" frameborder=\"0\" allowfullscreen=\"allowfullscreen\"><span style=\"width: 0px;overflow: hidden;line-height: 0\" class=\"mce_SELRES_start\"><\/span><\/iframe><\/p>\n<p><strong>EM: Se tivesses que identificar os 5 melhores \u00e1lbuns de sempre, qual era a tua escolha? E porqu\u00ea?<\/strong><\/p>\n<p><strong>Andr\u00e9:<\/strong> Essas perguntas s\u00e3o imposs\u00edveis de responder. Mas os que me vieram a cabe\u00e7a s\u00e3o:<\/p>\n<p><strong>Jeff Buckley \u2013 Grace<\/strong><br \/>\n<img class=\"alignnone wp-image-2632\" src=\"https:\/\/www.ecletismomusical.pt\/wp-content\/uploads\/2018\/07\/d64b96775fe373e0d7778a48da9c945c.750x750x1.jpg\" alt=\"\" width=\"357\" height=\"357\" srcset=\"https:\/\/www.ecletismomusical.pt\/wp-content\/uploads\/2018\/07\/d64b96775fe373e0d7778a48da9c945c.750x750x1.jpg 750w, https:\/\/www.ecletismomusical.pt\/wp-content\/uploads\/2018\/07\/d64b96775fe373e0d7778a48da9c945c.750x750x1-150x150.jpg 150w, https:\/\/www.ecletismomusical.pt\/wp-content\/uploads\/2018\/07\/d64b96775fe373e0d7778a48da9c945c.750x750x1-300x300.jpg 300w\" \/><\/p>\n<p><strong>Wilco \u2013 Yankee Hotel Foxtrot<\/strong><br \/>\n<img class=\"alignnone size-full wp-image-2633\" src=\"https:\/\/www.ecletismomusical.pt\/wp-content\/uploads\/2018\/07\/71-J4jMNfCL._SX355_-1.jpg\" alt=\"\" width=\"355\" height=\"319\" srcset=\"https:\/\/www.ecletismomusical.pt\/wp-content\/uploads\/2018\/07\/71-J4jMNfCL._SX355_-1.jpg 355w, https:\/\/www.ecletismomusical.pt\/wp-content\/uploads\/2018\/07\/71-J4jMNfCL._SX355_-1-300x270.jpg 300w\" \/><\/p>\n<p><strong>Egberto Gismonti \u2013 Circense <\/strong><\/p>\n<p><img class=\"alignnone wp-image-2634\" src=\"https:\/\/www.ecletismomusical.pt\/wp-content\/uploads\/2018\/07\/transferir.jpg\" alt=\"\" width=\"352\" height=\"349\" srcset=\"https:\/\/www.ecletismomusical.pt\/wp-content\/uploads\/2018\/07\/transferir.jpg 225w, https:\/\/www.ecletismomusical.pt\/wp-content\/uploads\/2018\/07\/transferir-150x150.jpg 150w\" \/><\/p>\n<p><strong>Milton Nascimento \u2013 Geraes<\/strong><\/p>\n<p><img class=\"alignnone wp-image-2635\" src=\"https:\/\/www.ecletismomusical.pt\/wp-content\/uploads\/2018\/07\/R-2388295-1281121010.jpeg.jpg\" alt=\"\" width=\"352\" height=\"352\" srcset=\"https:\/\/www.ecletismomusical.pt\/wp-content\/uploads\/2018\/07\/R-2388295-1281121010.jpeg.jpg 550w, https:\/\/www.ecletismomusical.pt\/wp-content\/uploads\/2018\/07\/R-2388295-1281121010.jpeg-150x150.jpg 150w, https:\/\/www.ecletismomusical.pt\/wp-content\/uploads\/2018\/07\/R-2388295-1281121010.jpeg-300x300.jpg 300w\" \/><\/p>\n<p><strong>Bob Dylan \u2013 Blood on the Tracks<\/strong><\/p>\n<p><img class=\"alignnone wp-image-2636\" src=\"https:\/\/www.ecletismomusical.pt\/wp-content\/uploads\/2018\/07\/R-2306941-1337433891-5176.jpeg.jpg\" alt=\"\" width=\"351\" height=\"351\" srcset=\"https:\/\/www.ecletismomusical.pt\/wp-content\/uploads\/2018\/07\/R-2306941-1337433891-5176.jpeg.jpg 600w, https:\/\/www.ecletismomusical.pt\/wp-content\/uploads\/2018\/07\/R-2306941-1337433891-5176.jpeg-150x150.jpg 150w, https:\/\/www.ecletismomusical.pt\/wp-content\/uploads\/2018\/07\/R-2306941-1337433891-5176.jpeg-300x300.jpg 300w\" \/><\/p>\n<p><strong>EM: Quais s\u00e3o os vossos planos para os pr\u00f3ximos meses? Por onde ir\u00e3o andar? Para quando Portugal?<\/strong><\/p>\n<p><strong>Andr\u00e9:<\/strong> A gente tem uma s\u00e9rie de shows marcados no Brasil e quatro na Fran\u00e7a em um breve passagem pela Europa. Mas para ano que vem gostar\u00edamos de viabilizar uma turn\u00ea europeia maior e tamb\u00e9m gravar nosso terceiro \u00e1lbum que ao que tudo indica j\u00e1 esta querendo vir ao mundo!<\/p>\n<p>Obrigado Andr\u00e9! Muito sucesso para os Moons!<\/p>","protected":false},"excerpt":{"rendered":"<p>Oportunidade desta vez para conhecer melhor os Moons, ou Andr\u00e9 Travassos, mentor e criador de um dos \u00e1lbuns que o Ecletismo Musical considerou estar entre os melhores de 2018; (Review Aqui). Andr\u00e9 Travassos \u00e9 um dos nomes maiores da cena alternativa de Belo Horizonte que tem vindo a surpreender o Brasil e o Mundo. Fiquem<\/p>","protected":false},"author":3,"featured_media":2630,"comment_status":"open","ping_status":"open","sticky":false,"template":"","format":"standard","meta":[],"categories":[1,25],"tags":[40,52,340,78],"_links":{"self":[{"href":"https:\/\/www.ecletismomusical.pt\/en\/wp-json\/wp\/v2\/posts\/2629"}],"collection":[{"href":"https:\/\/www.ecletismomusical.pt\/en\/wp-json\/wp\/v2\/posts"}],"about":[{"href":"https:\/\/www.ecletismomusical.pt\/en\/wp-json\/wp\/v2\/types\/post"}],"author":[{"embeddable":true,"href":"https:\/\/www.ecletismomusical.pt\/en\/wp-json\/wp\/v2\/users\/3"}],"replies":[{"embeddable":true,"href":"https:\/\/www.ecletismomusical.pt\/en\/wp-json\/wp\/v2\/comments?post=2629"}],"version-history":[{"count":1,"href":"https:\/\/www.ecletismomusical.pt\/en\/wp-json\/wp\/v2\/posts\/2629\/revisions"}],"predecessor-version":[{"id":2637,"href":"https:\/\/www.ecletismomusical.pt\/en\/wp-json\/wp\/v2\/posts\/2629\/revisions\/2637"}],"wp:featuredmedia":[{"embeddable":true,"href":"https:\/\/www.ecletismomusical.pt\/en\/wp-json\/wp\/v2\/media\/2630"}],"wp:attachment":[{"href":"https:\/\/www.ecletismomusical.pt\/en\/wp-json\/wp\/v2\/media?parent=2629"}],"wp:term":[{"taxonomy":"category","embeddable":true,"href":"https:\/\/www.ecletismomusical.pt\/en\/wp-json\/wp\/v2\/categories?post=2629"},{"taxonomy":"post_tag","embeddable":true,"href":"https:\/\/www.ecletismomusical.pt\/en\/wp-json\/wp\/v2\/tags?post=2629"}],"curies":[{"name":"wp","href":"https:\/\/api.w.org\/{rel}","templated":true}]}}