{"id":2669,"date":"2018-07-31T14:22:24","date_gmt":"2018-07-31T13:22:24","guid":{"rendered":"https:\/\/www.ecletismomusical.pt\/?p=2669"},"modified":"2018-07-31T14:28:32","modified_gmt":"2018-07-31T13:28:32","slug":"worth-listening-to-bravaguarda-me-aplauda","status":"publish","type":"post","link":"https:\/\/www.ecletismomusical.pt\/en\/worth-listening-to-bravaguarda-me-aplauda\/","title":{"rendered":"[Worth Listening to] Bravaguarda &#8211; Me Aplauda"},"content":{"rendered":"<p><iframe src=\"https:\/\/www.youtube.com\/embed\/PYz_eIUrqpg\" width=\"560\" height=\"315\" frameborder=\"0\" allowfullscreen=\"allowfullscreen\"><\/iframe><\/p>\n<p>Fazem lembrar o in\u00edcio dos <strong>Los Hermanos<\/strong>. Os <a href=\"http:\/\/www.facebook.com\/pg\/bravaguarda\/\"><strong>Bravaguarda<\/strong><\/a> s\u00e3o uma banda de S\u00e3o Paulo (Brasil) que se apelida como &#8220;A primeira banda de Folk de Garagem do mundo.&#8221; Para acompanhar.<\/p>","protected":false},"excerpt":{"rendered":"<p>Fazem lembrar o in\u00edcio dos Los Hermanos. Os Bravaguarda s\u00e3o uma banda de S\u00e3o Paulo (Brasil) que se apelida como &#8220;A primeira banda de Folk de Garagem do mundo.&#8221; Para acompanhar.<\/p>","protected":false},"author":3,"featured_media":2670,"comment_status":"open","ping_status":"open","sticky":false,"template":"","format":"video","meta":[],"categories":[30],"tags":[351,115],"_links":{"self":[{"href":"https:\/\/www.ecletismomusical.pt\/en\/wp-json\/wp\/v2\/posts\/2669"}],"collection":[{"href":"https:\/\/www.ecletismomusical.pt\/en\/wp-json\/wp\/v2\/posts"}],"about":[{"href":"https:\/\/www.ecletismomusical.pt\/en\/wp-json\/wp\/v2\/types\/post"}],"author":[{"embeddable":true,"href":"https:\/\/www.ecletismomusical.pt\/en\/wp-json\/wp\/v2\/users\/3"}],"replies":[{"embeddable":true,"href":"https:\/\/www.ecletismomusical.pt\/en\/wp-json\/wp\/v2\/comments?post=2669"}],"version-history":[{"count":1,"href":"https:\/\/www.ecletismomusical.pt\/en\/wp-json\/wp\/v2\/posts\/2669\/revisions"}],"predecessor-version":[{"id":2671,"href":"https:\/\/www.ecletismomusical.pt\/en\/wp-json\/wp\/v2\/posts\/2669\/revisions\/2671"}],"wp:featuredmedia":[{"embeddable":true,"href":"https:\/\/www.ecletismomusical.pt\/en\/wp-json\/wp\/v2\/media\/2670"}],"wp:attachment":[{"href":"https:\/\/www.ecletismomusical.pt\/en\/wp-json\/wp\/v2\/media?parent=2669"}],"wp:term":[{"taxonomy":"category","embeddable":true,"href":"https:\/\/www.ecletismomusical.pt\/en\/wp-json\/wp\/v2\/categories?post=2669"},{"taxonomy":"post_tag","embeddable":true,"href":"https:\/\/www.ecletismomusical.pt\/en\/wp-json\/wp\/v2\/tags?post=2669"}],"curies":[{"name":"wp","href":"https:\/\/api.w.org\/{rel}","templated":true}]}}