{"id":2672,"date":"2018-08-01T09:58:56","date_gmt":"2018-08-01T08:58:56","guid":{"rendered":"https:\/\/www.ecletismomusical.pt\/?p=2672"},"modified":"2018-08-01T09:58:56","modified_gmt":"2018-08-01T08:58:56","slug":"review-david-fonseca-radio-gemini","status":"publish","type":"post","link":"https:\/\/www.ecletismomusical.pt\/en\/review-david-fonseca-radio-gemini\/","title":{"rendered":"[Review] David Fonseca &#8211; Radio Gemini"},"content":{"rendered":"<p><img class=\"alignnone wp-image-2673\" src=\"https:\/\/www.ecletismomusical.pt\/wp-content\/uploads\/2018\/07\/31747894_10156182972185132_4062632509001695232_n.jpg\" alt=\"\" width=\"356\" height=\"356\" srcset=\"https:\/\/www.ecletismomusical.pt\/wp-content\/uploads\/2018\/07\/31747894_10156182972185132_4062632509001695232_n.jpg 960w, https:\/\/www.ecletismomusical.pt\/wp-content\/uploads\/2018\/07\/31747894_10156182972185132_4062632509001695232_n-150x150.jpg 150w, https:\/\/www.ecletismomusical.pt\/wp-content\/uploads\/2018\/07\/31747894_10156182972185132_4062632509001695232_n-300x300.jpg 300w, https:\/\/www.ecletismomusical.pt\/wp-content\/uploads\/2018\/07\/31747894_10156182972185132_4062632509001695232_n-768x768.jpg 768w\" \/><\/p>\n<p>Num tempo de playlists e, em que, novos sons e artistas se sobrep\u00f5em em catadupa, numa constante luta pelos poucos minutos de aten\u00e7\u00e3o dispon\u00edveis para cada um, o novo \u00e1lbum de <a href=\"http:\/\/www.facebook.com\/davidfonsecamusic\/\"><strong>David Fonseca &#8211; Radio Gemini<\/strong><\/a> &#8211; emerge enquanto pe\u00e7a \u00fanica que justifica um audi\u00e7\u00e3o &#8220;\u00e0 antiga&#8221;. S\u00e3o 60 minutos de verdadeira cria\u00e7\u00e3o art\u00edstica, que dever\u00e3o, necessariamente, ser ouvidos integralmente e sem interrup\u00e7\u00f5es!<\/p>\n<p>Dotado desde sempre de uma fina ironia\u00a0(a forma como sempre se colocou na Pop sem ser &#8220;Pop&#8221;) e at\u00e9 laivos de anti vedeta (ou ser\u00e1 timidez?), David consegue apresentar-nos nesta emiss\u00e3o de tudo um pouco, desde <em>jingles <\/em>e pequenos\u00a0<em>interl\u00fadios,<\/em> a fort\u00edssimos <em>singles<\/em> radiof\u00f3nicos, num (muito raro nos dias que correm) total de 21 faixas.<\/p>\n<p>A maturidade art\u00edstica que David (sim, \u00e9 verdade, <strong>est\u00e1 a cumprir 20 anos de carreira<\/strong>!) apresenta nesta sua &#8220;emiss\u00e3o de Radio&#8221; permite afirmar que, em termos criativos, <strong>este \u00e9, at\u00e9 ao momento, o seu melhor \u00e1lbum.\u00a0<\/strong><\/p>\n<p><iframe src=\"https:\/\/www.youtube.com\/embed\/18n4udHd6oM\" width=\"360\" height=\"215\" frameborder=\"0\" allowfullscreen=\"allowfullscreen\"><span style=\"width: 0px;overflow: hidden;line-height: 0\" class=\"mce_SELRES_start\"><\/span><\/iframe><\/p>\n<p>Esta \u00e9 uma emiss\u00e3o de Viagens, faixa a faixa, minuto a minuto, David vai percorrendo as influ\u00eancias e refer\u00eancias que foi acumulando ao longo dos anos, <strong>onde se nota o apego aos sintetizadores cl\u00e1ssicos, a can\u00e7\u00f5es pop redondas e onde impera a procura da perfei\u00e7\u00e3o, mas tamb\u00e9m a vontade de experimentar, de inovar e, sobretudo, de construir uma sonoridade sempre diferente, mas sempre, sua.<\/strong><\/p>\n<p>N\u00e3o \u00e9\u00a0 um \u00e1lbum de baladas, n\u00e3o \u00e9 um \u00e1lbum Pop, n\u00e3o \u00e9 um \u00e1lbum de m\u00fasica alternativa. \u00c9 uma emiss\u00e3o de r\u00e1dio (futur\u00edstica a reutilizar o melhor do passado) onde David tanto apresenta <strong>&#8220;Oh My Heart&#8221;<\/strong>, muito provavelmente a sua mais forte can\u00e7\u00e3o de sempre (e que, caso David fosse de outra nacionalidade podia estar nos tops mundiais de Ver\u00e3o), como apresenta uma faixa de Hip Hop,<strong> &#8220;Anyone can do it&#8221;,\u00a0<\/strong>um dueto com<strong> Alice Wonder (que David conheceu via Instagram) em &#8220;Resist&#8221; <\/strong>ou uma mais ou menos incisiva cr\u00edtica \u00e0s can\u00e7\u00f5es Pop em<strong> &#8220;Blah-blah-blah&#8221;.<\/strong><\/p>\n<p>Ser\u00e1 um cl\u00e1ssico daqui a alguns anos. Para j\u00e1, ser\u00e1 provavelmente ouvido por poucos para al\u00e9m dos <em>singles<\/em>, o que, infelizmente, retirar\u00e1 algum do reconhecimento imediato que merecia enquanto \u00e1lbum.<\/p>\n<p><iframe src=\"https:\/\/open.spotify.com\/embed\/album\/0KeKGUzR9wYfKSoedXe3pQ\" width=\"300\" height=\"380\" frameborder=\"0\"><\/iframe><\/p>","protected":false},"excerpt":{"rendered":"<p>Num tempo de playlists e, em que, novos sons e artistas se sobrep\u00f5em em catadupa, numa constante luta pelos poucos minutos de aten\u00e7\u00e3o dispon\u00edveis para cada um, o novo \u00e1lbum de David Fonseca &#8211; Radio Gemini &#8211; emerge enquanto pe\u00e7a \u00fanica que justifica um audi\u00e7\u00e3o &#8220;\u00e0 antiga&#8221;. S\u00e3o 60 minutos de verdadeira cria\u00e7\u00e3o art\u00edstica, que<\/p>","protected":false},"author":3,"featured_media":2673,"comment_status":"open","ping_status":"open","sticky":false,"template":"","format":"standard","meta":[],"categories":[28],"tags":[50,85,353,98,99],"_links":{"self":[{"href":"https:\/\/www.ecletismomusical.pt\/en\/wp-json\/wp\/v2\/posts\/2672"}],"collection":[{"href":"https:\/\/www.ecletismomusical.pt\/en\/wp-json\/wp\/v2\/posts"}],"about":[{"href":"https:\/\/www.ecletismomusical.pt\/en\/wp-json\/wp\/v2\/types\/post"}],"author":[{"embeddable":true,"href":"https:\/\/www.ecletismomusical.pt\/en\/wp-json\/wp\/v2\/users\/3"}],"replies":[{"embeddable":true,"href":"https:\/\/www.ecletismomusical.pt\/en\/wp-json\/wp\/v2\/comments?post=2672"}],"version-history":[{"count":4,"href":"https:\/\/www.ecletismomusical.pt\/en\/wp-json\/wp\/v2\/posts\/2672\/revisions"}],"predecessor-version":[{"id":2681,"href":"https:\/\/www.ecletismomusical.pt\/en\/wp-json\/wp\/v2\/posts\/2672\/revisions\/2681"}],"wp:featuredmedia":[{"embeddable":true,"href":"https:\/\/www.ecletismomusical.pt\/en\/wp-json\/wp\/v2\/media\/2673"}],"wp:attachment":[{"href":"https:\/\/www.ecletismomusical.pt\/en\/wp-json\/wp\/v2\/media?parent=2672"}],"wp:term":[{"taxonomy":"category","embeddable":true,"href":"https:\/\/www.ecletismomusical.pt\/en\/wp-json\/wp\/v2\/categories?post=2672"},{"taxonomy":"post_tag","embeddable":true,"href":"https:\/\/www.ecletismomusical.pt\/en\/wp-json\/wp\/v2\/tags?post=2672"}],"curies":[{"name":"wp","href":"https:\/\/api.w.org\/{rel}","templated":true}]}}