{"id":2734,"date":"2018-08-06T15:34:25","date_gmt":"2018-08-06T14:34:25","guid":{"rendered":"https:\/\/www.ecletismomusical.pt\/?p=2734"},"modified":"2018-08-06T15:35:39","modified_gmt":"2018-08-06T14:35:39","slug":"review-bejaflor-bejaflor-ep-2018","status":"publish","type":"post","link":"https:\/\/www.ecletismomusical.pt\/en\/review-bejaflor-bejaflor-ep-2018\/","title":{"rendered":"[Review] Bejaflor &#8211; Bejaflor EP (2018)"},"content":{"rendered":"<p><img class=\"alignnone wp-image-2735\" src=\"https:\/\/www.ecletismomusical.pt\/wp-content\/uploads\/2018\/08\/32482852_172999383404589_4682354693056233472_n.jpg\" alt=\"\" width=\"296\" height=\"296\" srcset=\"https:\/\/www.ecletismomusical.pt\/wp-content\/uploads\/2018\/08\/32482852_172999383404589_4682354693056233472_n.jpg 960w, https:\/\/www.ecletismomusical.pt\/wp-content\/uploads\/2018\/08\/32482852_172999383404589_4682354693056233472_n-150x150.jpg 150w, https:\/\/www.ecletismomusical.pt\/wp-content\/uploads\/2018\/08\/32482852_172999383404589_4682354693056233472_n-300x300.jpg 300w, https:\/\/www.ecletismomusical.pt\/wp-content\/uploads\/2018\/08\/32482852_172999383404589_4682354693056233472_n-768x768.jpg 768w\" \/><\/p>\n<p>Mais uma demonstra\u00e7\u00e3o de que o panorama musical portugu\u00eas est\u00e1 bem e recomenda-se. T\u00eam sido not\u00f3rios os efeitos positivos da globaliza\u00e7\u00e3o na m\u00fasica e nas mentes criativas dos jovens portugueses (seja l\u00e1 onde se localize o seu quarto). Pelos dias que correm, v\u00e3o surgindo, quase numa base di\u00e1ria, novos trabalhos de qualidade. Aqui e ali, surge algo que se destaca pela sua particular beleza, sensibilidade e talento.<\/p>\n<p><a href=\"http:\/\/Bejaflor\"><strong>Bejaflor<\/strong><\/a> \u00e9 um desses casos. Nota-se que Jos\u00e9 Mendes, o jovem que d\u00e1 corpo a <a href=\"http:\/\/www.facebook.com\/pg\/bejaflorOG\/\">Bejaflor<\/a>, bebeu muitas influ\u00eancias entre a Pop, os ritmos tropicais e o poder dos sintetizadores que se ter\u00e1 habituado a conhecer via Internet e apresenta-nos uma sonoridade <em>catchy<\/em>\u00a0e de incisiva contemporaneidade l\u00edrica.<\/p>\n<p><iframe src=\"https:\/\/www.youtube.com\/embed\/eWb0cz2j61w\" width=\"360\" height=\"215\" frameborder=\"0\" allowfullscreen=\"allowfullscreen\"><span style=\"width: 0px;overflow: hidden;line-height: 0\" class=\"mce_SELRES_start\"><\/span><\/iframe><\/p>\n<p>A partir do seu quarto surge-nos o primeiro EP, com um conjunto de seis boas can\u00e7\u00f5es de pop alternativo com uma Portugalidade sempre presente (nota-se por exemplo a influ\u00eancia de B Fachada), mas com temas comuns a tantos jovens do s\u00e9culo XXI, num mundo que deixou de ser um primado exclusivamente urbano.<\/p>\n<p>Por exemplo Jos\u00e9 canta em <strong>&#8220;Internet&#8221;<\/strong>:&#8221;<strong><em>Tanta foto, tanto chat\/E o peito j\u00e1 n\u00e3o mexe\/Sempre a ver pla internet\/Essa moda n\u00e3o me aquece&#8221;<\/em><\/strong>, algo que passou a ser o dia a dia da esmagadora maioria dos jovens (e tamb\u00e9m dos n\u00e3o t\u00e3o jovens), sejam dos grandes centros urbanos ou de pequenos lugares onde chegou a Internet m\u00f3vel ao mesmo tempo que desapareceu a escola.<\/p>\n<p><iframe src=\"https:\/\/www.youtube.com\/embed\/q0bA8UlQIFs\" width=\"360\" height=\"215\" frameborder=\"0\" allowfullscreen=\"allowfullscreen\"><span style=\"width: 0px;overflow: hidden;line-height: 0\" class=\"mce_SELRES_start\"><\/span><\/iframe><\/p>\n<p>Destaque especial tamb\u00e9m para <strong>&#8220;Pressa Pra Crescer&#8221;<\/strong> em que Jos\u00e9 canta: <em>&#8220;<strong>Pensar bem naquilo que vou fazer\/N\u00e3o vale a pena &#8216;tar com pressa pra crescer&#8221;<\/strong><\/em>, o que se espera que seja o mote para o delinear da sua carreira.<\/p>\n<p>Vale a pena conhecer!<\/p>","protected":false},"excerpt":{"rendered":"<p>Mais uma demonstra\u00e7\u00e3o de que o panorama musical portugu\u00eas est\u00e1 bem e recomenda-se. T\u00eam sido not\u00f3rios os efeitos positivos da globaliza\u00e7\u00e3o na m\u00fasica e nas mentes criativas dos jovens portugueses (seja l\u00e1 onde se localize o seu quarto). Pelos dias que correm, v\u00e3o surgindo, quase numa base di\u00e1ria, novos trabalhos de qualidade. Aqui e ali,<\/p>","protected":false},"author":3,"featured_media":2735,"comment_status":"open","ping_status":"open","sticky":false,"template":"","format":"standard","meta":[],"categories":[28],"tags":[369,85,98,115],"_links":{"self":[{"href":"https:\/\/www.ecletismomusical.pt\/en\/wp-json\/wp\/v2\/posts\/2734"}],"collection":[{"href":"https:\/\/www.ecletismomusical.pt\/en\/wp-json\/wp\/v2\/posts"}],"about":[{"href":"https:\/\/www.ecletismomusical.pt\/en\/wp-json\/wp\/v2\/types\/post"}],"author":[{"embeddable":true,"href":"https:\/\/www.ecletismomusical.pt\/en\/wp-json\/wp\/v2\/users\/3"}],"replies":[{"embeddable":true,"href":"https:\/\/www.ecletismomusical.pt\/en\/wp-json\/wp\/v2\/comments?post=2734"}],"version-history":[{"count":1,"href":"https:\/\/www.ecletismomusical.pt\/en\/wp-json\/wp\/v2\/posts\/2734\/revisions"}],"predecessor-version":[{"id":2736,"href":"https:\/\/www.ecletismomusical.pt\/en\/wp-json\/wp\/v2\/posts\/2734\/revisions\/2736"}],"wp:featuredmedia":[{"embeddable":true,"href":"https:\/\/www.ecletismomusical.pt\/en\/wp-json\/wp\/v2\/media\/2735"}],"wp:attachment":[{"href":"https:\/\/www.ecletismomusical.pt\/en\/wp-json\/wp\/v2\/media?parent=2734"}],"wp:term":[{"taxonomy":"category","embeddable":true,"href":"https:\/\/www.ecletismomusical.pt\/en\/wp-json\/wp\/v2\/categories?post=2734"},{"taxonomy":"post_tag","embeddable":true,"href":"https:\/\/www.ecletismomusical.pt\/en\/wp-json\/wp\/v2\/tags?post=2734"}],"curies":[{"name":"wp","href":"https:\/\/api.w.org\/{rel}","templated":true}]}}