{"id":2791,"date":"2018-08-13T17:19:17","date_gmt":"2018-08-13T16:19:17","guid":{"rendered":"https:\/\/www.ecletismomusical.pt\/?p=2791"},"modified":"2018-08-13T18:22:47","modified_gmt":"2018-08-13T17:22:47","slug":"meo-sudoeste-2018-review","status":"publish","type":"post","link":"https:\/\/www.ecletismomusical.pt\/en\/meo-sudoeste-2018-review\/","title":{"rendered":"[MEO Sudoeste 2018] Review"},"content":{"rendered":"<p><img class=\"alignnone wp-image-2792\" src=\"https:\/\/www.ecletismomusical.pt\/wp-content\/uploads\/2018\/08\/43282720534_0e59633e20_z.jpg\" alt=\"\" width=\"521\" height=\"348\" srcset=\"https:\/\/www.ecletismomusical.pt\/wp-content\/uploads\/2018\/08\/43282720534_0e59633e20_z.jpg 640w, https:\/\/www.ecletismomusical.pt\/wp-content\/uploads\/2018\/08\/43282720534_0e59633e20_z-300x200.jpg 300w\" \/><\/p>\n<p>De <strong>7 a 11 de Agosto, a Zambujeira do Mar<\/strong> voltou a receber os festivaleiros, na sua anual romaria \u00e0 Herdade da Casa Branca. Desde 1997 que assim acontece algures em Agosto e, este ano, mais uma vez, muitos rumaram a sul para 9 dias de campismo e quatro de m\u00fasica &#8220;a s\u00e9rio&#8221;.<\/p>\n<p>Como j\u00e1 aqui se escreveu no lan\u00e7amento do Festival, se existe evento que tenha mudado ao longo dos anos, o <strong>MEO Sudoeste<\/strong> \u00e9 o exponente m\u00e1ximo no que significa mudar consoante os ventos. Para muitos, essa mudan\u00e7a \u00e9 marcadamente negativa e significou risc\u00e1-lo do mapa. Para outros, cada vez mais jovens, o Sudoeste, muito mais do que um conjunto de concertos de bons artistas (que continua a t\u00ea-los), passou cada vez mais a ser um ritual de passagem da adolesc\u00eancia para a idade adulta.<\/p>\n<p>H\u00e1 v\u00e1rios anos que a <strong>M\u00fasica no Cora\u00e7\u00e3o<\/strong> percebeu que este era, no fundo, a enorme mais valia do Sudoeste. Numa \u00e9poca, em que, com a profus\u00e3o de Festivais existentes em Portugal, uma parte muito significativa dos antigos frequentadores de Festivais j\u00e1 n\u00e3o tem idade ou paci\u00eancia para ir acampar para o meio do Alentejo e apanhar quatro dias de p\u00f3 a comer massa com atum, era necess\u00e1rio modificar o cartaz, indo ao encontro do gosto do p\u00fablico alvo.<\/p>\n<p>Se isso torna o <strong>MEO Sudoeste<\/strong> um Festival muito diferente do <strong>NOS Alive ou do Super Bock Super Rock<\/strong>, naturalmente que sim.<\/p>\n<p>No entanto (como em todos os Festivais), nos quatro dias da edi\u00e7\u00e3o <strong>2018 do MEO Sudoeste<\/strong>, foi poss\u00edvel assistir a um conjunto de concertos entre o bom e o mau, passando por um conjunto de artistas que se esfor\u00e7aram por animar as hostes sem grande sucesso.<\/p>\n<p><strong>Deixa-se aqui alguns dos destaques do Festival:<\/strong><\/p>\n<p><span style=\"text-decoration: underline;font-size: 18pt\"><strong>UPS<\/strong><\/span><\/p>\n<p><span style=\"font-size: 14pt\"><strong>Piruka<\/strong><\/span><\/p>\n<p><img class=\"alignnone wp-image-2793\" src=\"https:\/\/www.ecletismomusical.pt\/wp-content\/uploads\/2018\/08\/43281432494_cfc26aaa78_z.jpg\" alt=\"\" width=\"520\" height=\"348\" srcset=\"https:\/\/www.ecletismomusical.pt\/wp-content\/uploads\/2018\/08\/43281432494_cfc26aaa78_z.jpg 640w, https:\/\/www.ecletismomusical.pt\/wp-content\/uploads\/2018\/08\/43281432494_cfc26aaa78_z-300x200.jpg 300w\" \/><\/p>\n<p>Como j\u00e1 se previa e por aqui se tinha escrito, o jovem rapper da Madorna, n\u00e3o ia perder a oportunidade de transformar esta sua apresenta\u00e7\u00e3o no <strong>MEO Sudoeste,<\/strong> numa grande celebra\u00e7\u00e3o e ser um dos melhores da noite de abertura do festival.<\/p>\n<p>Para quem conhece a l\u00edrica de <strong>Piruka<\/strong> n\u00e3o ser\u00e1 muito surpreendente que este concerto tenha sido uma celebra\u00e7\u00e3o\/homenagem com aqueles que mais presen\u00e7a t\u00eam na sua escrita: &#8220;<strong>A Fam\u00edlia&#8221;. <\/strong>Seja ela os f\u00e3s que lhe permitiram ser o rei de visualiza\u00e7\u00f5es no Youtube e que cantaram a plenos pulm\u00f5es cada<em> barra, <\/em>quer, sobretudo, a sua fam\u00edlia &#8220;de sangue&#8221; que tem papel central nas suas composi\u00e7\u00f5es.<\/p>\n<p>Num alinhamento que foi percorrendo os diversos hits da sua carreira, destaque para <strong>&#8220;Sirenes&#8221;<\/strong>, momento em que <strong>Piruka<\/strong> se emocionou e cantou com a sua filha ao colo:<em>&#8220;Desde crian\u00e7a que eu ou\u00e7o sirenes e n\u00e3o (n\u00e3o)\/ N\u00e3o quero isso para a minha filha&#8221;<\/em>, como que numa liberta\u00e7\u00e3o do seu passado problem\u00e1tico e demonstra\u00e7\u00e3o de que \u00e9, agora, um Pai respons\u00e1vel e que lutar\u00e1 por futuro diferente para a sua filha.<\/p>\n<p><img class=\"alignnone wp-image-2794\" src=\"https:\/\/www.ecletismomusical.pt\/wp-content\/uploads\/2018\/08\/44000048741_9d646c643b_k.jpg\" alt=\"\" width=\"520\" height=\"389\" \/><\/p>\n<p>Depois de dedicat\u00f3ria tamb\u00e9m ao seu Pai em <strong>&#8220;Os Meus Putos<\/strong>&#8220;, encerrou esta celebra\u00e7\u00e3o com um gritado (de emo\u00e7\u00e3o)\u00a0<strong>&#8220;Se Eu N\u00e3o Acordar Amanh\u00e3&#8221;,\u00a0 <\/strong>num momento com elevada carga emocional, ao chamar para o Palco toda a fam\u00edlia, desde a sua m\u00e3e, irm\u00e3 e filha, para al\u00e9m dos managers e demais elementos do seu cl\u00e3 e cantar para a m\u00e3e:<em>&#8220;<\/em><em>Um obrigado \u00e0 minha mam\u00e3\/ Guerreira da vida o meu talism\u00e3\/ Velha acredita, eu mudei de vida&#8221; e &#8220;Se eu n\u00e3o acordar amanh\u00e3\/ Mete a clara a cantar o que eu escrevi&#8221;.<\/em><\/p>\n<p>Ter\u00e1 sido certamente a concretiza\u00e7\u00e3o de um sonho e essa energia passou para quem o ouvia.<\/p>\n<p><strong><span style=\"font-size: 14pt\">Blaya<\/span><\/strong><\/p>\n<p><img class=\"alignnone wp-image-2796\" src=\"https:\/\/www.ecletismomusical.pt\/wp-content\/uploads\/2018\/08\/30131300138_c91cf18dc8_z.jpg\" alt=\"\" width=\"520\" height=\"348\" srcset=\"https:\/\/www.ecletismomusical.pt\/wp-content\/uploads\/2018\/08\/30131300138_c91cf18dc8_z.jpg 640w, https:\/\/www.ecletismomusical.pt\/wp-content\/uploads\/2018\/08\/30131300138_c91cf18dc8_z-300x200.jpg 300w\" \/><\/p>\n<p>Existe uma <strong>Blaya<\/strong> antes e depois de <strong>&#8220;Faz Gostoso&#8221;<\/strong>. Estranha-se que a op\u00e7\u00e3o da Organiza\u00e7\u00e3o tenha sido um espa\u00e7o t\u00e3o reduzido como o Palco LG. Os muitos que se concentraram nesse espa\u00e7o teriam certamente preferido um espa\u00e7o maior e que permitisse, quer no palco, quer sobretudo na plateia, mais espa\u00e7o para dan\u00e7ar ao ritmo das sonoridades &#8220;funkeiras&#8221; de <strong>Blaya<\/strong>.<\/p>\n<p>Ainda assim, a artista deu um espect\u00e1culo muito consistente, mostrando que est\u00e1 cada vez mais madura e confort\u00e1vel no papel de <em>frontwoman<\/em> e dominadora das massas. N\u00e3o que Blaya nos <strong>Buraka Som Sistema<\/strong> n\u00e3o fosse j\u00e1 <em>wild<\/em> e decidida mas, existe uma enorme diferen\u00e7a, nesses tempos, a responsabilidade do projeto n\u00e3o lhe estava toda em cima dos ombros.<\/p>\n<p><img class=\"alignnone wp-image-2797\" src=\"https:\/\/www.ecletismomusical.pt\/wp-content\/uploads\/2018\/08\/29062446047_3f639ba82a_z.jpg\" alt=\"\" width=\"520\" height=\"702\" srcset=\"https:\/\/www.ecletismomusical.pt\/wp-content\/uploads\/2018\/08\/29062446047_3f639ba82a_z.jpg 474w, https:\/\/www.ecletismomusical.pt\/wp-content\/uploads\/2018\/08\/29062446047_3f639ba82a_z-222x300.jpg 222w\" \/><\/p>\n<p>Num alinhamento cada vez mais &#8220;brasileiro&#8221;, onde o funk ganha provavelmente a todas as outras influ\u00eancias (o que provavelmente, para al\u00e9m dos aspectos comerciais relacionados com essa op\u00e7\u00e3o, far\u00e1 apelo \u00e0s suas ra\u00edzes mais profundas, uma vez que Blaya nasceu no Brasil), <strong>Blaya<\/strong>, muito bem acompanhada por um quarteto misto de bailarinos e com m\u00fasicos a tocar ao vivo (bateria e guitarra) demonstrou valer mais do que um min\u00fasculo Palco LG. Voltar\u00e1 certamente em pr\u00f3ximas edi\u00e7\u00f5es e, muito provavelmente, no palco principal.<\/p>\n<p>Com uma rela\u00e7\u00e3o muito descomprometida com o seu corpo, Blaya lidou bem com as muitas ocasi\u00f5es em que a roupa teimava em desvendar mais do que devia, tendo fechado o concerto com chave d&#8217;ouro, apresentando um medley de <strong>Buraka Som Sistema.<\/strong><\/p>\n<p><span style=\"font-size: 14pt\"><strong>Papillon\/Bispo\/Domi<\/strong><\/span><\/p>\n<p>Dos bairros para os festivais \u00e9 uma nova <em>trend<\/em> nos \u00faltimos anos em Portugal. Com a explos\u00e3o dos dados m\u00f3veis e o acesso massivo ao Youtube por pr\u00e9-adolescentes e adolescentes, o fen\u00f3meno do Hip Hop tuga tem vindo a ter um crescimento sem precedentes e a permitir que jovens de bairros problem\u00e1ticos, passem a ter rapidamente, uma vida totalmente diferente, quase de um dia para o outro.<\/p>\n<p>Quer <strong>Papillon,<\/strong> quer <strong>Bispo<\/strong> s\u00e3o de Algueir\u00e3o-Martins (2725),<strong> Domi<\/strong>, o mais jovem de todos, vive no Algarve, mas, todos eles conseguiram no Sudoeste deste ano, muito mais do que o apre\u00e7o de uma pequena multid\u00e3o de f\u00e3s que cantou a plenos pulm\u00f5es as suas letras. Eles conseguiram viver o sonho de fazerem o que sempre acreditaram imposs\u00edvel e necessariamente negado a jovens dos locais em que cresceram.<\/p>\n<p>Tal como Piruka, o facto de se apresentarem num Festival com a tradi\u00e7\u00e3o e nome do Sudoeste \u00e9 a concretiza\u00e7\u00e3o de algo que, muito provavelmente, mudar\u00e1 para sempre as suas vidas. \u00c9, como <strong>Papillon<\/strong> referia durante o concerto, a confirma\u00e7\u00e3o de que, afinal, o destino tra\u00e7ado perpetuadamente nos bairros em que vivem, n\u00e3o \u00e9 o \u00fanico caminho poss\u00edvel, e que, ao contr\u00e1rio do que acreditavam \u00e9 poss\u00edvel mais: &#8220;achava que n\u00e3o ia chegar a lado nenhum na vida e hoje estou aqui a tocar para voc\u00eas&#8221;.<\/p>\n<p><span style=\"font-size: 14pt\"><strong>Shawn Mendes<\/strong><\/span><\/p>\n<p><img class=\"alignnone wp-image-2798\" src=\"https:\/\/www.ecletismomusical.pt\/wp-content\/uploads\/2018\/08\/43093818505_117c1389d6_z.jpg\" alt=\"\" width=\"520\" height=\"346\" srcset=\"https:\/\/www.ecletismomusical.pt\/wp-content\/uploads\/2018\/08\/43093818505_117c1389d6_z.jpg 640w, https:\/\/www.ecletismomusical.pt\/wp-content\/uploads\/2018\/08\/43093818505_117c1389d6_z-300x200.jpg 300w\" \/><\/p>\n<p>Provavelmente, at\u00e9 a organiza\u00e7\u00e3o do Festival ficou surpreendida pelo n\u00famero de pessoas que decidiu dirigir-se \u00e0s bilheteiras no \u00faltimo dia do Festival, exclusivamente para ver este mi\u00fado. De tal forma que, havendo s\u00f3 uma porta para os portadores de bilhete di\u00e1rio entrarem no recinto. formou-se, ao p\u00f4r do sol, uma fila ainda consider\u00e1vel. Na fila, era poss\u00edvel ver muitas fam\u00edlias juntas, ficando por saber quem arrastou verdadeiramente quem para o Festival, num ambiente de histeria colectiva que provocou um pico de decib\u00e9is pelas 23h, quando os gritos quase abafaram os primeiros acordes do concerto.<\/p>\n<p>Podemos come\u00e7ar pelo fim, o que <strong>Shawn Mendes<\/strong> apresentou (em pouco mais de uma hora) foi uma inequ\u00edvoca demonstra\u00e7\u00e3o de que o <em>hype<\/em> atual n\u00e3o ser\u00e1 certamente apenas moment\u00e2neo, e que, Shawn tem mais do que argumentos para se transformar num artista pop com uma carreira a figurar entre os maiores desse g\u00e9nero musical.<\/p>\n<p><img class=\"alignnone wp-image-2799\" src=\"https:\/\/www.ecletismomusical.pt\/wp-content\/uploads\/2018\/08\/30131061728_fc2b884755_z.jpg\" alt=\"\" width=\"520\" height=\"347\" srcset=\"https:\/\/www.ecletismomusical.pt\/wp-content\/uploads\/2018\/08\/30131061728_fc2b884755_z.jpg 640w, https:\/\/www.ecletismomusical.pt\/wp-content\/uploads\/2018\/08\/30131061728_fc2b884755_z-300x200.jpg 300w\" \/><\/p>\n<p>Por vezes, os artistas pop s\u00e3o apenas um sorriso bonito (que o tem), uma pose perfeita (que a tem), uma simpatia cativante (que a tem) e um conjunto de mais pequenos nadas. \u00c9 aqui que <strong>Shawn Mendes<\/strong> come\u00e7a a fazer a diferen\u00e7a. Para al\u00e9m de reunir todos estes tradicionais argumentos\u00a0da pop, Shawn tem uma voz segur\u00edssima, conseguindo deambular pelas m\u00fasicas com enorme precis\u00e3o e talento (mesmo em falsete), o que vai sendo raro nos dias que correm e, em que, a tecnologia, muitas vezes, salva fracas vozes.<\/p>\n<p>Com um carreira ainda curta, o m\u00fasico passou em revista os seus maiores sucessos e, provando mais uma vez ser um artista pop diferente da maioria, tendo j\u00e1 no seu report\u00f3rio um conjunto alargado de Hits. N\u00e3o foi uma plateia \u00e0 espera &#8220;daquela m\u00fasica&#8221;, mas sim uma sucess\u00e3o de temas cantados, entre muita histeria, pelo muito p\u00fablico presente, com obviamente especial destaque para &#8220;Ruin&#8221;; &#8220;Stitches&#8221; ou &#8220;In My Blood&#8221;.<\/p>\n<p>Para j\u00e1, Shawn voltar\u00e1 em Mar\u00e7o (Altice Arena), naquele que ser\u00e1 apenas certamente um dos muitos concertos esgotados que dar\u00e1 por Portugal nos pr\u00f3ximos anos. P\u00fablico, histerismo e talento n\u00e3o faltar\u00e3o.<\/p>\n<p><span style=\"text-decoration: underline\"><span style=\"font-size: 18pt\"><strong>DOWNS<\/strong><\/span><\/span><\/p>\n<ul>\n<li>Wizkid\/ Lil Pump<\/li>\n<\/ul>\n<p>Como algu\u00e9m disse (n\u00e3o, n\u00e3o foi Fernando Pessoa!!): &#8220;a intensidade das coisas n\u00e3o est\u00e1 no tempo que duram&#8230;&#8221;, mas, 30 minutos de esfor\u00e7o e pouco mais, s\u00e3o curtos para quem quer ser supervedeta para al\u00e9m do Youtube.<strong><br \/>\n<\/strong><\/p>\n<ul>\n<li>Algum desinteresse gen\u00e9rico do p\u00fablico pelos concertos.<\/li>\n<li>A aus\u00eancia de caixotes do lixo espalhados pelo recinto de forma mais vis\u00edvel, uma vez que, se foi tomada a boa medida da utiliza\u00e7\u00e3o do sistema de copos reutiliz\u00e1veis, ficou a faltar a disponibiliza\u00e7\u00e3o de mais locais para colocar os restos de comida\/embalagens, que se foram espalhando pelo &#8220;relvado&#8221; ao longo das noites.<\/li>\n<\/ul>\n<p><img class=\"alignnone wp-image-2801\" src=\"https:\/\/www.ecletismomusical.pt\/wp-content\/uploads\/2018\/08\/43281266314_93e175b4fe_z.jpg\" alt=\"\" width=\"520\" height=\"295\" srcset=\"https:\/\/www.ecletismomusical.pt\/wp-content\/uploads\/2018\/08\/43281266314_93e175b4fe_z.jpg 640w, https:\/\/www.ecletismomusical.pt\/wp-content\/uploads\/2018\/08\/43281266314_93e175b4fe_z-300x170.jpg 300w\" \/><\/p>\n<p><span style=\"font-size: 14pt\"><strong>Mais Fotos: <a href=\"http:\/\/www.flickr.com\/photos\/ecletismomusical\/albums\/72157699765967934\">AQUI!<\/a><\/strong><\/span><\/p>","protected":false},"excerpt":{"rendered":"<p>De 7 a 11 de Agosto, a Zambujeira do Mar voltou a receber os festivaleiros, na sua anual romaria \u00e0 Herdade da Casa Branca. Desde 1997 que assim acontece algures em Agosto e, este ano, mais uma vez, muitos rumaram a sul para 9 dias de campismo e quatro de m\u00fasica &#8220;a s\u00e9rio&#8221;. Como j\u00e1<\/p>","protected":false},"author":3,"featured_media":2779,"comment_status":"open","ping_status":"open","sticky":false,"template":"","format":"standard","meta":[],"categories":[23,24],"tags":[387,363,382,384,383],"_links":{"self":[{"href":"https:\/\/www.ecletismomusical.pt\/en\/wp-json\/wp\/v2\/posts\/2791"}],"collection":[{"href":"https:\/\/www.ecletismomusical.pt\/en\/wp-json\/wp\/v2\/posts"}],"about":[{"href":"https:\/\/www.ecletismomusical.pt\/en\/wp-json\/wp\/v2\/types\/post"}],"author":[{"embeddable":true,"href":"https:\/\/www.ecletismomusical.pt\/en\/wp-json\/wp\/v2\/users\/3"}],"replies":[{"embeddable":true,"href":"https:\/\/www.ecletismomusical.pt\/en\/wp-json\/wp\/v2\/comments?post=2791"}],"version-history":[{"count":7,"href":"https:\/\/www.ecletismomusical.pt\/en\/wp-json\/wp\/v2\/posts\/2791\/revisions"}],"predecessor-version":[{"id":2806,"href":"https:\/\/www.ecletismomusical.pt\/en\/wp-json\/wp\/v2\/posts\/2791\/revisions\/2806"}],"wp:featuredmedia":[{"embeddable":true,"href":"https:\/\/www.ecletismomusical.pt\/en\/wp-json\/wp\/v2\/media\/2779"}],"wp:attachment":[{"href":"https:\/\/www.ecletismomusical.pt\/en\/wp-json\/wp\/v2\/media?parent=2791"}],"wp:term":[{"taxonomy":"category","embeddable":true,"href":"https:\/\/www.ecletismomusical.pt\/en\/wp-json\/wp\/v2\/categories?post=2791"},{"taxonomy":"post_tag","embeddable":true,"href":"https:\/\/www.ecletismomusical.pt\/en\/wp-json\/wp\/v2\/tags?post=2791"}],"curies":[{"name":"wp","href":"https:\/\/api.w.org\/{rel}","templated":true}]}}