{"id":2830,"date":"2018-08-15T15:41:46","date_gmt":"2018-08-15T14:41:46","guid":{"rendered":"https:\/\/www.ecletismomusical.pt\/?p=2830"},"modified":"2018-08-15T15:42:43","modified_gmt":"2018-08-15T14:42:43","slug":"festival-edp-vilar-de-mouros-whats-worth-listening","status":"publish","type":"post","link":"https:\/\/www.ecletismomusical.pt\/en\/festival-edp-vilar-de-mouros-whats-worth-listening\/","title":{"rendered":"[Festival EDP Vilar de Mouros] What&#8217;s Worth Listening?"},"content":{"rendered":"<p><img class=\"alignnone wp-image-2831\" src=\"https:\/\/www.ecletismomusical.pt\/wp-content\/uploads\/2018\/08\/Hor\u00e1rios-de-concertos-EDP-Vilar-de-Mouros-2018.png\" alt=\"\" width=\"454\" height=\"454\" srcset=\"https:\/\/www.ecletismomusical.pt\/wp-content\/uploads\/2018\/08\/Hor\u00e1rios-de-concertos-EDP-Vilar-de-Mouros-2018.png 1080w, https:\/\/www.ecletismomusical.pt\/wp-content\/uploads\/2018\/08\/Hor\u00e1rios-de-concertos-EDP-Vilar-de-Mouros-2018-150x150.png 150w, https:\/\/www.ecletismomusical.pt\/wp-content\/uploads\/2018\/08\/Hor\u00e1rios-de-concertos-EDP-Vilar-de-Mouros-2018-300x300.png 300w, https:\/\/www.ecletismomusical.pt\/wp-content\/uploads\/2018\/08\/Hor\u00e1rios-de-concertos-EDP-Vilar-de-Mouros-2018-768x768.png 768w, https:\/\/www.ecletismomusical.pt\/wp-content\/uploads\/2018\/08\/Hor\u00e1rios-de-concertos-EDP-Vilar-de-Mouros-2018-1024x1024.png 1024w\" \/><\/p>\n<p>O hist\u00f3rico <a href=\"http:\/\/www.edpvilardemouros.pt\"><strong>Vilar de Mouros<\/strong><\/a> comemora este ano o seu 50\u00ba anivers\u00e1rio. Para a celebra\u00e7\u00e3o, juntou um cartaz com nomes muito relevantes na hist\u00f3ria da m\u00fasica.<\/p>\n<p>Destaque m\u00e1ximo para <strong>Peter Murphy<\/strong> e a celebra\u00e7\u00e3o dos 40 anos dos m\u00edticos <strong>Bauhaus<\/strong>.<\/p>\n<p><iframe src=\"https:\/\/www.youtube.com\/embed\/K0bLCILyVRk\" width=\"360\" height=\"215\" frameborder=\"0\" allowfullscreen=\"allowfullscreen\"><span style=\"width: 0px;overflow: hidden;line-height: 0\" class=\"mce_SELRES_start\"><\/span><\/iframe><\/p>\n<p>Tamb\u00e9m outras bandas de culto v\u00e3o marcar presen\u00e7a em <strong>Vilar de Mouros<\/strong>, nomeadamente os seminais <strong>dEUS<\/strong>, os <strong>James<\/strong> e os <strong>Incubus<\/strong>.<\/p>\n<p><iframe src=\"https:\/\/www.youtube.com\/embed\/8Gj2MCf2G80\" width=\"360\" height=\"215\" frameborder=\"0\" allowfullscreen=\"allowfullscreen\"><span style=\"width: 0px;overflow: hidden;line-height: 0\" class=\"mce_SELRES_start\"><\/span><\/iframe><\/p>\n<p><iframe src=\"https:\/\/www.youtube.com\/embed\/AaJPF9j04cA\" width=\"360\" height=\"215\" frameborder=\"0\" allowfullscreen=\"allowfullscreen\"><\/iframe><\/p>\n<p><iframe src=\"https:\/\/www.youtube.com\/embed\/UXbNE8xcLBY\" width=\"360\" height=\"215\" frameborder=\"0\" allowfullscreen=\"allowfullscreen\"><span style=\"width: 0px;overflow: hidden;line-height: 0\" class=\"mce_SELRES_start\"><\/span><\/iframe><\/p>\n<p>Destaque ainda para uns <strong>Editors<\/strong> a regressar aos grandes momentos, bem como, os <strong>Crystal Fighters.<\/strong><\/p>\n<p><iframe src=\"https:\/\/www.youtube.com\/embed\/IesGOpOZeEA\" width=\"360\" height=\"215\" frameborder=\"0\" allowfullscreen=\"allowfullscreen\"><span style=\"width: 0px;overflow: hidden;line-height: 0\" class=\"mce_SELRES_start\"><\/span><\/iframe><\/p>\n<p><iframe src=\"https:\/\/www.youtube.com\/embed\/mxk24nL7xQY\" width=\"360\" height=\"215\" frameborder=\"0\" allowfullscreen=\"allowfullscreen\"><span style=\"width: 0px;overflow: hidden;line-height: 0\" class=\"mce_SELRES_start\"><\/span><\/iframe><\/p>\n<p>Quem certamente dar\u00e1 igualmente um grande concerto ser\u00e1 <strong>David Fonseca<\/strong>.<\/p>\n<p><iframe src=\"https:\/\/www.youtube.com\/embed\/Ws_DbVXVRDw\" width=\"360\" height=\"215\" frameborder=\"0\" allowfullscreen=\"allowfullscreen\"><\/iframe><\/p>","protected":false},"excerpt":{"rendered":"<p>O hist\u00f3rico Vilar de Mouros comemora este ano o seu 50\u00ba anivers\u00e1rio. Para a celebra\u00e7\u00e3o, juntou um cartaz com nomes muito relevantes na hist\u00f3ria da m\u00fasica. Destaque m\u00e1ximo para Peter Murphy e a celebra\u00e7\u00e3o dos 40 anos dos m\u00edticos Bauhaus. \ufeff Tamb\u00e9m outras bandas de culto v\u00e3o marcar presen\u00e7a em Vilar de Mouros, nomeadamente os<\/p>","protected":false},"author":3,"featured_media":2831,"comment_status":"open","ping_status":"open","sticky":false,"template":"","format":"video","meta":[],"categories":[24],"tags":[394,54,395,297],"_links":{"self":[{"href":"https:\/\/www.ecletismomusical.pt\/en\/wp-json\/wp\/v2\/posts\/2830"}],"collection":[{"href":"https:\/\/www.ecletismomusical.pt\/en\/wp-json\/wp\/v2\/posts"}],"about":[{"href":"https:\/\/www.ecletismomusical.pt\/en\/wp-json\/wp\/v2\/types\/post"}],"author":[{"embeddable":true,"href":"https:\/\/www.ecletismomusical.pt\/en\/wp-json\/wp\/v2\/users\/3"}],"replies":[{"embeddable":true,"href":"https:\/\/www.ecletismomusical.pt\/en\/wp-json\/wp\/v2\/comments?post=2830"}],"version-history":[{"count":1,"href":"https:\/\/www.ecletismomusical.pt\/en\/wp-json\/wp\/v2\/posts\/2830\/revisions"}],"predecessor-version":[{"id":2832,"href":"https:\/\/www.ecletismomusical.pt\/en\/wp-json\/wp\/v2\/posts\/2830\/revisions\/2832"}],"wp:featuredmedia":[{"embeddable":true,"href":"https:\/\/www.ecletismomusical.pt\/en\/wp-json\/wp\/v2\/media\/2831"}],"wp:attachment":[{"href":"https:\/\/www.ecletismomusical.pt\/en\/wp-json\/wp\/v2\/media?parent=2830"}],"wp:term":[{"taxonomy":"category","embeddable":true,"href":"https:\/\/www.ecletismomusical.pt\/en\/wp-json\/wp\/v2\/categories?post=2830"},{"taxonomy":"post_tag","embeddable":true,"href":"https:\/\/www.ecletismomusical.pt\/en\/wp-json\/wp\/v2\/tags?post=2830"}],"curies":[{"name":"wp","href":"https:\/\/api.w.org\/{rel}","templated":true}]}}