{"id":2876,"date":"2018-08-22T09:46:48","date_gmt":"2018-08-22T08:46:48","guid":{"rendered":"https:\/\/www.ecletismomusical.pt\/?p=2876"},"modified":"2018-08-22T09:48:36","modified_gmt":"2018-08-22T08:48:36","slug":"cover-marcelo-falcao-ainda-e-cedo-legiao-urbana-cover","status":"publish","type":"post","link":"https:\/\/www.ecletismomusical.pt\/en\/cover-marcelo-falcao-ainda-e-cedo-legiao-urbana-cover\/","title":{"rendered":"[Cover] Marcelo Falc\u00e3o &#8211; Ainda \u00e9 Cedo (Legi\u00e3o Urbana Cover)"},"content":{"rendered":"<p><iframe src=\"https:\/\/www.youtube.com\/embed\/EuFR7Aypi4c\" width=\"560\" height=\"315\" frameborder=\"0\" allowfullscreen=\"allowfullscreen\"><\/iframe><\/p>","protected":false},"excerpt":{"rendered":"","protected":false},"author":3,"featured_media":2877,"comment_status":"open","ping_status":"open","sticky":false,"template":"","format":"video","meta":[],"categories":[133],"tags":[134,409,408],"_links":{"self":[{"href":"https:\/\/www.ecletismomusical.pt\/en\/wp-json\/wp\/v2\/posts\/2876"}],"collection":[{"href":"https:\/\/www.ecletismomusical.pt\/en\/wp-json\/wp\/v2\/posts"}],"about":[{"href":"https:\/\/www.ecletismomusical.pt\/en\/wp-json\/wp\/v2\/types\/post"}],"author":[{"embeddable":true,"href":"https:\/\/www.ecletismomusical.pt\/en\/wp-json\/wp\/v2\/users\/3"}],"replies":[{"embeddable":true,"href":"https:\/\/www.ecletismomusical.pt\/en\/wp-json\/wp\/v2\/comments?post=2876"}],"version-history":[{"count":1,"href":"https:\/\/www.ecletismomusical.pt\/en\/wp-json\/wp\/v2\/posts\/2876\/revisions"}],"predecessor-version":[{"id":2878,"href":"https:\/\/www.ecletismomusical.pt\/en\/wp-json\/wp\/v2\/posts\/2876\/revisions\/2878"}],"wp:featuredmedia":[{"embeddable":true,"href":"https:\/\/www.ecletismomusical.pt\/en\/wp-json\/wp\/v2\/media\/2877"}],"wp:attachment":[{"href":"https:\/\/www.ecletismomusical.pt\/en\/wp-json\/wp\/v2\/media?parent=2876"}],"wp:term":[{"taxonomy":"category","embeddable":true,"href":"https:\/\/www.ecletismomusical.pt\/en\/wp-json\/wp\/v2\/categories?post=2876"},{"taxonomy":"post_tag","embeddable":true,"href":"https:\/\/www.ecletismomusical.pt\/en\/wp-json\/wp\/v2\/tags?post=2876"}],"curies":[{"name":"wp","href":"https:\/\/api.w.org\/{rel}","templated":true}]}}