{"id":2897,"date":"2018-08-21T11:43:13","date_gmt":"2018-08-21T10:43:13","guid":{"rendered":"https:\/\/www.ecletismomusical.pt\/?p=2897"},"modified":"2018-08-21T11:43:13","modified_gmt":"2018-08-21T10:43:13","slug":"new-album-animal-collective-coral-morphologic-tangerine-reef","status":"publish","type":"post","link":"https:\/\/www.ecletismomusical.pt\/en\/new-album-animal-collective-coral-morphologic-tangerine-reef\/","title":{"rendered":"[New Album] Animal Collective &#038;  Coral Morphologic &#8211; Tangerine Reef"},"content":{"rendered":"<p><iframe src=\"https:\/\/www.youtube.com\/embed\/KCup2fmAUuk\" width=\"560\" height=\"315\" frameborder=\"0\" allowfullscreen=\"allowfullscreen\"><\/iframe><\/p>\n<p><span style=\"font-family: verdana, geneva, sans-serif\">Em celebra\u00e7\u00e3o do <strong>Ano Internacional dos Recifes de Coral<\/strong>, os <strong>Animal Collective<\/strong> regressam com <a href=\"http:\/\/tangerinereef.myanimalhome.net\/\"><strong>\u00abTangerine Reef\u00bb<\/strong><\/a>, uma colabora\u00e7\u00e3o com o duo <strong>Coral Morphologic<\/strong> (o bi\u00f3logo marinho Colin Foord e o m\u00fasico Jared Mckay).<\/span><\/p>\n<p><span style=\"font-family: verdana, geneva, sans-serif\">Para al\u00e9m de um \u00e1lbum com 13 m\u00fasicas, este projeto contempla um impressionante video com imagens dos mais raros e impressionantes recifes do mundo. A n\u00e3o perder!<\/span><\/p>\n<p><iframe src=\"https:\/\/open.spotify.com\/embed?uri=spotify%3Aalbum%3A6IBX55ELYOVAv7Ml9v4wVz\" width=\"300\" height=\"380\" frameborder=\"0\"><\/iframe><\/p>","protected":false},"excerpt":{"rendered":"<p>Em celebra\u00e7\u00e3o do Ano Internacional dos Recifes de Coral, os Animal Collective regressam com \u00abTangerine Reef\u00bb, uma colabora\u00e7\u00e3o com o duo Coral Morphologic (o bi\u00f3logo marinho Colin Foord e o m\u00fasico Jared Mckay). Para al\u00e9m de um \u00e1lbum com 13 m\u00fasicas, este projeto contempla um impressionante video com imagens dos mais raros e impressionantes recifes<\/p>","protected":false},"author":3,"featured_media":2898,"comment_status":"open","ping_status":"open","sticky":false,"template":"","format":"video","meta":[],"categories":[235],"tags":[417,85,89],"_links":{"self":[{"href":"https:\/\/www.ecletismomusical.pt\/en\/wp-json\/wp\/v2\/posts\/2897"}],"collection":[{"href":"https:\/\/www.ecletismomusical.pt\/en\/wp-json\/wp\/v2\/posts"}],"about":[{"href":"https:\/\/www.ecletismomusical.pt\/en\/wp-json\/wp\/v2\/types\/post"}],"author":[{"embeddable":true,"href":"https:\/\/www.ecletismomusical.pt\/en\/wp-json\/wp\/v2\/users\/3"}],"replies":[{"embeddable":true,"href":"https:\/\/www.ecletismomusical.pt\/en\/wp-json\/wp\/v2\/comments?post=2897"}],"version-history":[{"count":1,"href":"https:\/\/www.ecletismomusical.pt\/en\/wp-json\/wp\/v2\/posts\/2897\/revisions"}],"predecessor-version":[{"id":2899,"href":"https:\/\/www.ecletismomusical.pt\/en\/wp-json\/wp\/v2\/posts\/2897\/revisions\/2899"}],"wp:featuredmedia":[{"embeddable":true,"href":"https:\/\/www.ecletismomusical.pt\/en\/wp-json\/wp\/v2\/media\/2898"}],"wp:attachment":[{"href":"https:\/\/www.ecletismomusical.pt\/en\/wp-json\/wp\/v2\/media?parent=2897"}],"wp:term":[{"taxonomy":"category","embeddable":true,"href":"https:\/\/www.ecletismomusical.pt\/en\/wp-json\/wp\/v2\/categories?post=2897"},{"taxonomy":"post_tag","embeddable":true,"href":"https:\/\/www.ecletismomusical.pt\/en\/wp-json\/wp\/v2\/tags?post=2897"}],"curies":[{"name":"wp","href":"https:\/\/api.w.org\/{rel}","templated":true}]}}