{"id":3075,"date":"2018-09-11T10:52:41","date_gmt":"2018-09-11T09:52:41","guid":{"rendered":"https:\/\/www.ecletismomusical.pt\/?p=3075"},"modified":"2018-09-11T10:52:41","modified_gmt":"2018-09-11T09:52:41","slug":"worth-listening-to-sara-correia-quando-o-fado-passa","status":"publish","type":"post","link":"https:\/\/www.ecletismomusical.pt\/en\/worth-listening-to-sara-correia-quando-o-fado-passa\/","title":{"rendered":"[Worth Listening to] Sara Correia &#8211; Quando O Fado Passa"},"content":{"rendered":"<p><iframe src=\"https:\/\/www.youtube.com\/embed\/TwzU2yiEAZg\" width=\"560\" height=\"315\" frameborder=\"0\" allowfullscreen=\"allowfullscreen\"><\/iframe><\/p>\n<p><span style=\"font-family: verdana, geneva, sans-serif\">Finalmente, chega o primeiro \u00e1lbum de uma das mais promissoras vozes do Fado.<a href=\"https:\/\/www.facebook.com\/saracorreiafado\/\"><strong> Sara Correia<\/strong><\/a> que j\u00e1 anda pelo Fado desde crian\u00e7a, tem vindo a crescer paulatinamente e apresenta agora, aos 25 anos, o seu primeiro \u00e1lbum, onde a sua voz floresce e encanta. Enorme cart\u00e3o de visita de uma Fadista &#8220;tradicional&#8221; com imagem contempor\u00e2nea.\u00a0<\/span><\/p>","protected":false},"excerpt":{"rendered":"<p>Finalmente, chega o primeiro \u00e1lbum de uma das mais promissoras vozes do Fado. Sara Correia que j\u00e1 anda pelo Fado desde crian\u00e7a, tem vindo a crescer paulatinamente e apresenta agora, aos 25 anos, o seu primeiro \u00e1lbum, onde a sua voz floresce e encanta. Enorme cart\u00e3o de visita de uma Fadista &#8220;tradicional&#8221; com imagem contempor\u00e2nea.\u00a0<\/p>","protected":false},"author":3,"featured_media":3076,"comment_status":"open","ping_status":"open","sticky":false,"template":"","format":"video","meta":[],"categories":[30],"tags":[448,449],"_links":{"self":[{"href":"https:\/\/www.ecletismomusical.pt\/en\/wp-json\/wp\/v2\/posts\/3075"}],"collection":[{"href":"https:\/\/www.ecletismomusical.pt\/en\/wp-json\/wp\/v2\/posts"}],"about":[{"href":"https:\/\/www.ecletismomusical.pt\/en\/wp-json\/wp\/v2\/types\/post"}],"author":[{"embeddable":true,"href":"https:\/\/www.ecletismomusical.pt\/en\/wp-json\/wp\/v2\/users\/3"}],"replies":[{"embeddable":true,"href":"https:\/\/www.ecletismomusical.pt\/en\/wp-json\/wp\/v2\/comments?post=3075"}],"version-history":[{"count":1,"href":"https:\/\/www.ecletismomusical.pt\/en\/wp-json\/wp\/v2\/posts\/3075\/revisions"}],"predecessor-version":[{"id":3077,"href":"https:\/\/www.ecletismomusical.pt\/en\/wp-json\/wp\/v2\/posts\/3075\/revisions\/3077"}],"wp:featuredmedia":[{"embeddable":true,"href":"https:\/\/www.ecletismomusical.pt\/en\/wp-json\/wp\/v2\/media\/3076"}],"wp:attachment":[{"href":"https:\/\/www.ecletismomusical.pt\/en\/wp-json\/wp\/v2\/media?parent=3075"}],"wp:term":[{"taxonomy":"category","embeddable":true,"href":"https:\/\/www.ecletismomusical.pt\/en\/wp-json\/wp\/v2\/categories?post=3075"},{"taxonomy":"post_tag","embeddable":true,"href":"https:\/\/www.ecletismomusical.pt\/en\/wp-json\/wp\/v2\/tags?post=3075"}],"curies":[{"name":"wp","href":"https:\/\/api.w.org\/{rel}","templated":true}]}}