{"id":3081,"date":"2018-09-11T15:49:09","date_gmt":"2018-09-11T14:49:09","guid":{"rendered":"https:\/\/www.ecletismomusical.pt\/?p=3081"},"modified":"2018-09-11T15:49:09","modified_gmt":"2018-09-11T14:49:09","slug":"entrevista-phill-veras","status":"publish","type":"post","link":"https:\/\/www.ecletismomusical.pt\/en\/entrevista-phill-veras\/","title":{"rendered":"[Entrevista] Phill Veras"},"content":{"rendered":"<p><span style=\"font-family: verdana, geneva, sans-serif\">Depois da entrevista aos <strong>Moons<\/strong> (dispon\u00edvel <a href=\"https:\/\/www.ecletismomusical.pt\/en\/entrevista-moons\/\">aqui<\/a>), a segunda entrevista do <strong>Musical Eclecticism<\/strong> a artistas brasileiros \u00e9 com <a href=\"https:\/\/www.facebook.com\/PhillVeras\/\"><strong>Phill Veras<\/strong><\/a>. Jovem do Maranh\u00e3o, <strong>Phill<\/strong> tem vindo a construir, desde 2013, uma s\u00f3lida carreira no <em>Indie<\/em> cantado em portugu\u00eas. Fiquem a conhec\u00ea-lo melhor:<\/span><\/p>\n<p><span style=\"font-family: verdana, geneva, sans-serif\"><b>EM: A Internet \u00e9 em parte respons\u00e1vel por permitir que um jovem do Maranh\u00e3o, no Nordeste Brasileiro, seja ouvido um pouco por todo o Mundo. Consideras ser um artista fruto da globaliza\u00e7\u00e3o e da tecnologia?<\/b><\/span><\/p>\n<p><span style=\"font-family: verdana, geneva, sans-serif\"><strong>Phill Veras:<\/strong> Com certeza, a internet tem sido meu escrit\u00f3rio desde o come\u00e7o da minha carreira, torna a log\u00edstica bem menos dif\u00edcil.<\/span><\/p>\n<p><iframe src=\"https:\/\/www.youtube.com\/embed\/qheNg60EGm4\" width=\"560\" height=\"315\" frameborder=\"0\" allowfullscreen=\"allowfullscreen\"><\/iframe><\/p>\n<p><span style=\"font-family: verdana, geneva, sans-serif\"><b>EM: Foi tamb\u00e9m certamente a Internet que te permitiu conhecer muitos dos artistas que podem ser agora influenciadores no teu trabalho? Sem ser a Internet, de que forma tiveste acesso a m\u00fasica no teu processo de crescimento?<\/b><\/span><\/p>\n<p><span style=\"font-family: verdana, geneva, sans-serif\"><strong>Phill Veras:<\/strong> Antes da internet eu contei muito com a ajuda do meu pai. Meu pai coleciona discos de todos os g\u00eaneros desde sempre, \u00e9 a pessoa que mais me influenciou na m\u00fasica.<\/span><\/p>\n<p><span style=\"font-family: verdana, geneva, sans-serif\"><b>EM: No teu terceiro \u00e1lbum \u00abAlma\u00bb (saiu a 17 de Agosto de 2018), na segunda faixa cantas: \u201cMeu cora\u00e7\u00e3o minha b\u00fassola\u201d. O \u201cAmor\u201d \u00e9 a b\u00fassola que guia a tua escrita?<\/b><\/span><\/p>\n<p><span style=\"font-family: verdana, geneva, sans-serif\"><strong>Phill Veras:<\/strong> Nessa m\u00fasica eu me refiro a for\u00e7a da intui\u00e7\u00e3o, acredito muito nisso. Mas com toda certeza o \u201camor\u201d \u00e9 e sempre ser\u00e1 uma seta importante para minhas trilhas.<\/span><\/p>\n<p><iframe src=\"https:\/\/www.youtube.com\/embed\/OIEraHxyxlo\" width=\"560\" height=\"315\" frameborder=\"0\" allowfullscreen=\"allowfullscreen\"><\/iframe><\/p>\n<p><span style=\"font-family: verdana, geneva, sans-serif\"><b>EM: Conheces alguma coisa da m\u00fasica portuguesa? Para quando concertos em Portugal?<\/b><\/span><\/p>\n<p><span style=\"font-family: verdana, geneva, sans-serif\"><strong>Phill Veras:<\/strong> Cheguei a ouvir Os Azeitonas em 2008, uma amiga me mostrou ainda no col\u00e9gio, achei \u00f3timo. Admiro o trabalho do Ant\u00f3nio Zambujo, acho de uma delicadeza absurda de linda. Estou me programando para concertos em Portugal no ano que vem, com muita ansiedade.<\/span><\/p>\n<p><span style=\"font-family: verdana, geneva, sans-serif\"><b>EM: A prop\u00f3sito, qual consideras ser o \u00abestado d\u2019arte\u00bb da m\u00fasica feita no Brasil e no Mundo?<\/b><\/span><\/p>\n<p><span style=\"font-family: verdana, geneva, sans-serif\"><strong>Phill Veras:<\/strong> Acho que a m\u00fasica no geral vive em constante estado transit\u00f3rio, independente do pa\u00eds. Obviamente o constante desenvolvimento da tecnologia carrega a m\u00fasica nos bra\u00e7os. Os m\u00fasicos sempre se flagram em processos de adapta\u00e7\u00e3o, h\u00e1 quem n\u00e3o goste, eu adoro. N\u00e3o costumo analizar profundamente isso, acho importante, mas ainda n\u00e3o adquiri o h\u00e1bito. \u00a0<\/span><\/p>\n<p><img class=\"alignnone wp-image-3083\" src=\"https:\/\/www.ecletismomusical.pt\/wp-content\/uploads\/2018\/09\/Phill-Veras-4.jpg\" alt=\"\" width=\"575\" height=\"383\" srcset=\"https:\/\/www.ecletismomusical.pt\/wp-content\/uploads\/2018\/09\/Phill-Veras-4.jpg 800w, https:\/\/www.ecletismomusical.pt\/wp-content\/uploads\/2018\/09\/Phill-Veras-4-300x200.jpg 300w, https:\/\/www.ecletismomusical.pt\/wp-content\/uploads\/2018\/09\/Phill-Veras-4-768x512.jpg 768w\" \/><\/p>\n<p><span style=\"font-family: verdana, geneva, sans-serif\"><b>EM: Que nomes colocavas no seu \u201cFestival Ideal\u201d? (Vivos ou n\u00e3o)<\/b><\/span><\/p>\n<p><span style=\"font-family: verdana, geneva, sans-serif\"><strong>Phill Veras:<\/strong> John Lennon, Lana Del Rey, The Last Shadow Puppets, Connan Mockasin e Nirvana.\u00a0<\/span><\/p>\n<p><span style=\"font-family: verdana, geneva, sans-serif\"><b>EM: Se tivesse que identificar os 5 melhores \u00e1lbuns de sempre, qual era a sua escolha? E porqu\u00ea?<\/b><\/span><\/p>\n<p><span style=\"font-family: verdana, geneva, sans-serif\"><strong>Phill Veras:<\/strong><\/span><\/p>\n<p><strong><span style=\"font-family: verdana, geneva, sans-serif\">Damon Albarn &#8211;\u00a0Everyday Robots<\/span><\/strong><\/p>\n<p><span style=\"font-family: verdana, geneva, sans-serif\"><img class=\"alignnone wp-image-3084\" src=\"https:\/\/www.ecletismomusical.pt\/wp-content\/uploads\/2018\/09\/61hEZ3thJxL._SY355_.jpg\" alt=\"\" width=\"221\" height=\"221\" srcset=\"https:\/\/www.ecletismomusical.pt\/wp-content\/uploads\/2018\/09\/61hEZ3thJxL._SY355_.jpg 355w, https:\/\/www.ecletismomusical.pt\/wp-content\/uploads\/2018\/09\/61hEZ3thJxL._SY355_-150x150.jpg 150w, https:\/\/www.ecletismomusical.pt\/wp-content\/uploads\/2018\/09\/61hEZ3thJxL._SY355_-300x300.jpg 300w\" \/><\/span><\/p>\n<p><strong><span style=\"font-family: verdana, geneva, sans-serif\">Nirvana &#8211; In Utero<\/span><\/strong><\/p>\n<p><span style=\"font-family: verdana, geneva, sans-serif\"><img class=\"alignnone wp-image-3085\" src=\"https:\/\/www.ecletismomusical.pt\/wp-content\/uploads\/2018\/09\/51l2kFk6CnL._SX355_.jpg\" alt=\"\" width=\"222\" height=\"221\" srcset=\"https:\/\/www.ecletismomusical.pt\/wp-content\/uploads\/2018\/09\/51l2kFk6CnL._SX355_.jpg 355w, https:\/\/www.ecletismomusical.pt\/wp-content\/uploads\/2018\/09\/51l2kFk6CnL._SX355_-150x150.jpg 150w, https:\/\/www.ecletismomusical.pt\/wp-content\/uploads\/2018\/09\/51l2kFk6CnL._SX355_-300x300.jpg 300w\" \/><\/span><\/p>\n<p><strong><span style=\"font-family: verdana, geneva, sans-serif\">Caetano Veloso &#8211; Transa<\/span><\/strong><\/p>\n<p><span style=\"font-family: verdana, geneva, sans-serif\"><img class=\"alignnone wp-image-3086\" src=\"https:\/\/www.ecletismomusical.pt\/wp-content\/uploads\/2018\/09\/caetano-veloso-transa-800x800.jpg\" alt=\"\" width=\"221\" height=\"221\" srcset=\"https:\/\/www.ecletismomusical.pt\/wp-content\/uploads\/2018\/09\/caetano-veloso-transa-800x800.jpg 800w, https:\/\/www.ecletismomusical.pt\/wp-content\/uploads\/2018\/09\/caetano-veloso-transa-800x800-150x150.jpg 150w, https:\/\/www.ecletismomusical.pt\/wp-content\/uploads\/2018\/09\/caetano-veloso-transa-800x800-300x300.jpg 300w, https:\/\/www.ecletismomusical.pt\/wp-content\/uploads\/2018\/09\/caetano-veloso-transa-800x800-768x768.jpg 768w\" \/><\/span><\/p>\n<p><strong><span style=\"font-family: verdana, geneva, sans-serif\">Doces B\u00e1rbaros &#8211; Doces B\u00e1rbaros 1976<\/span><\/strong><\/p>\n<p><span style=\"font-family: verdana, geneva, sans-serif\"><img class=\"alignnone wp-image-3087\" src=\"https:\/\/www.ecletismomusical.pt\/wp-content\/uploads\/2018\/09\/dvd2.jpg\" alt=\"\" width=\"220\" height=\"218\" srcset=\"https:\/\/www.ecletismomusical.pt\/wp-content\/uploads\/2018\/09\/dvd2.jpg 551w, https:\/\/www.ecletismomusical.pt\/wp-content\/uploads\/2018\/09\/dvd2-150x150.jpg 150w, https:\/\/www.ecletismomusical.pt\/wp-content\/uploads\/2018\/09\/dvd2-300x298.jpg 300w\" \/><\/span><\/p>\n<p><strong><span style=\"font-family: verdana, geneva, sans-serif\">Tame Impala &#8211; Lonerism<\/span><\/strong><\/p>\n<p><span style=\"font-family: verdana, geneva, sans-serif\"><img class=\"alignnone wp-image-3088\" src=\"https:\/\/www.ecletismomusical.pt\/wp-content\/uploads\/2018\/09\/e28f41456978c9e477f35083c44bf92e.jpg\" alt=\"\" width=\"217\" height=\"199\" srcset=\"https:\/\/www.ecletismomusical.pt\/wp-content\/uploads\/2018\/09\/e28f41456978c9e477f35083c44bf92e.jpg 600w, https:\/\/www.ecletismomusical.pt\/wp-content\/uploads\/2018\/09\/e28f41456978c9e477f35083c44bf92e-300x275.jpg 300w\" \/><\/span><\/p>\n<p><span style=\"font-family: verdana, geneva, sans-serif\">S\u00e3o 5 dos v\u00e1rios \u00e1lbuns que mudaram para sempre a minha vida, moldaram minha personalidade.\u00a0<\/span><\/p>\n<p><span style=\"font-family: verdana, geneva, sans-serif\"><b>EM: Quais s\u00e3o os teus planos para os pr\u00f3ximos meses? Por onde ir\u00e1s andar?<\/b><\/span><\/p>\n<p><span style=\"font-family: verdana, geneva, sans-serif\"><strong>Phill Veras:<\/strong> Pretendo tocar com a banda por a\u00ed. Quero focar no trabalho com a banda, passei bastante tempo fazendo voz e viol\u00e3o. A gente come\u00e7ou a marcar alguns shows em algumas cidades do pa\u00eds, a ideia \u00e9 expandir cada vez mais geograficamente.<\/span><\/p>\n<p><strong><span style=\"font-family: verdana, geneva, sans-serif\">Obrigado Phill e muito sucesso!<\/span><\/strong><\/p>\n<p><strong><span style=\"font-family: verdana, geneva, sans-serif\">Agradecimento especial:<\/span><\/strong><\/p>\n<p><span style=\"font-family: verdana, geneva, sans-serif\">Let\u00edcia Saraiva da <a href=\"http:\/\/www.trovoa.com\">Trovoa<\/a><\/span><\/p>","protected":false},"excerpt":{"rendered":"<p>Depois da entrevista aos Moons (dispon\u00edvel aqui), a segunda entrevista do Ecletismo Musical a artistas brasileiros \u00e9 com Phill Veras. Jovem do Maranh\u00e3o, Phill tem vindo a construir, desde 2013, uma s\u00f3lida carreira no Indie cantado em portugu\u00eas. Fiquem a conhec\u00ea-lo melhor: EM: A Internet \u00e9 em parte respons\u00e1vel por permitir que um jovem do<\/p>","protected":false},"author":3,"featured_media":3089,"comment_status":"open","ping_status":"open","sticky":false,"template":"","format":"video","meta":[],"categories":[25],"tags":[52,340,404],"_links":{"self":[{"href":"https:\/\/www.ecletismomusical.pt\/en\/wp-json\/wp\/v2\/posts\/3081"}],"collection":[{"href":"https:\/\/www.ecletismomusical.pt\/en\/wp-json\/wp\/v2\/posts"}],"about":[{"href":"https:\/\/www.ecletismomusical.pt\/en\/wp-json\/wp\/v2\/types\/post"}],"author":[{"embeddable":true,"href":"https:\/\/www.ecletismomusical.pt\/en\/wp-json\/wp\/v2\/users\/3"}],"replies":[{"embeddable":true,"href":"https:\/\/www.ecletismomusical.pt\/en\/wp-json\/wp\/v2\/comments?post=3081"}],"version-history":[{"count":3,"href":"https:\/\/www.ecletismomusical.pt\/en\/wp-json\/wp\/v2\/posts\/3081\/revisions"}],"predecessor-version":[{"id":3092,"href":"https:\/\/www.ecletismomusical.pt\/en\/wp-json\/wp\/v2\/posts\/3081\/revisions\/3092"}],"wp:featuredmedia":[{"embeddable":true,"href":"https:\/\/www.ecletismomusical.pt\/en\/wp-json\/wp\/v2\/media\/3089"}],"wp:attachment":[{"href":"https:\/\/www.ecletismomusical.pt\/en\/wp-json\/wp\/v2\/media?parent=3081"}],"wp:term":[{"taxonomy":"category","embeddable":true,"href":"https:\/\/www.ecletismomusical.pt\/en\/wp-json\/wp\/v2\/categories?post=3081"},{"taxonomy":"post_tag","embeddable":true,"href":"https:\/\/www.ecletismomusical.pt\/en\/wp-json\/wp\/v2\/tags?post=3081"}],"curies":[{"name":"wp","href":"https:\/\/api.w.org\/{rel}","templated":true}]}}