{"id":3149,"date":"2018-09-18T11:01:22","date_gmt":"2018-09-18T10:01:22","guid":{"rendered":"https:\/\/www.ecletismomusical.pt\/?p=3149"},"modified":"2018-09-18T11:02:25","modified_gmt":"2018-09-18T10:02:25","slug":"festival-magafest-2018","status":"publish","type":"post","link":"https:\/\/www.ecletismomusical.pt\/en\/festival-magafest-2018\/","title":{"rendered":"[Festival] Magafest 2018"},"content":{"rendered":"<p><img class=\"alignnone wp-image-3150\" src=\"https:\/\/www.ecletismomusical.pt\/wp-content\/uploads\/2018\/09\/MQoan9Io.jpeg\" alt=\"\" width=\"561\" height=\"765\" srcset=\"https:\/\/www.ecletismomusical.pt\/wp-content\/uploads\/2018\/09\/MQoan9Io.jpeg 939w, https:\/\/www.ecletismomusical.pt\/wp-content\/uploads\/2018\/09\/MQoan9Io-220x300.jpeg 220w, https:\/\/www.ecletismomusical.pt\/wp-content\/uploads\/2018\/09\/MQoan9Io-768x1047.jpeg 768w, https:\/\/www.ecletismomusical.pt\/wp-content\/uploads\/2018\/09\/MQoan9Io-751x1024.jpeg 751w\" \/><\/p>\n<p style=\"font-weight: 400\"><span style=\"font-family: verdana, geneva, sans-serif\">Nesta\u00a0<strong>4\u00aa edi\u00e7\u00e3o<\/strong>, o <strong>MagaFest volta \u00e0 Casa Independente<\/strong> para um dia de festa que ser\u00e1\u00a0<strong>um pouco diferente das edi\u00e7\u00f5es anteriores<\/strong>. Quatro concertos que t\u00eam como ponto de partida o foco nos tr\u00eas compositores e nos seus diversos projectos que se entrecruzam.<\/span><\/p>\n<p style=\"font-weight: 400\"><span style=\"font-family: verdana, geneva, sans-serif\">Por um dia, as\u00a0<a href=\"https:\/\/magasessions.com\/\"><strong>MagaSessions<\/strong><\/a>\u00a0transformam-se em\u00a0<strong>MagaFest<\/strong>! \u00c9 assim que se celebram as MagaSessions, sess\u00f5es musicais que acontecem no Saldanha desde 2012, na casa de <strong>In\u00eas Magalh\u00e3es<\/strong>. Um espa\u00e7o invulgar de concertos \u00fanicos e \u00edntimos onde se divulgam e promovem m\u00fasicos j\u00e1 estabelecidos no panorama musical portugu\u00eas, bem como novos talentos que fazem a sua estreia na casa, por onde j\u00e1 passaram uma variedade de autores ao longo destes 6 anos apresentando aos convidados as mais diversas experimenta\u00e7\u00f5es sonoras.<\/span><\/p>\n<p>&nbsp;<\/p>\n<p><iframe src=\"https:\/\/www.youtube.com\/embed\/WCh5yKqHeF8\" width=\"560\" height=\"315\" frameborder=\"0\" allowfullscreen=\"allowfullscreen\"><\/iframe><\/p>\n<p style=\"font-weight: 400\"><span style=\"font-family: verdana, geneva, sans-serif\">O\u00a0<em>grand finale<\/em>\u00a0que d\u00e1 o mote ao MagaFest \u00e9 o concerto de\u00a0<strong>Montanhas Azuis<\/strong>, onde os tr\u00eas compositores se juntam num projecto que \u00e9 uma das grandes surpresas de 2018. Rodeados de sintetizadores, piano e guitarra, os m\u00fasicos fazem nascer um mundo tropical que desliza pela eletr\u00f3nica dos seus universos pessoais.<\/span><\/p>\n<p style=\"font-weight: 400\"><span style=\"font-family: verdana, geneva, sans-serif\">Dia\u00a0<strong>6 de Outubro<\/strong>, das\u00a0<strong>18h \u00e0s 02h<\/strong>, quatro concertos juntam tr\u00eas grandes nomes da m\u00fasica nacional, que agora se encontram e se misturam nos projectos de cada um.<\/span><\/p>","protected":false},"excerpt":{"rendered":"<p>Nesta\u00a04\u00aa edi\u00e7\u00e3o, o MagaFest volta \u00e0 Casa Independente para um dia de festa que ser\u00e1\u00a0um pouco diferente das edi\u00e7\u00f5es anteriores. Quatro concertos que t\u00eam como ponto de partida o foco nos tr\u00eas compositores e nos seus diversos projectos que se entrecruzam. Por um dia, as\u00a0MagaSessions\u00a0transformam-se em\u00a0MagaFest! \u00c9 assim que se celebram as MagaSessions, sess\u00f5es musicais<\/p>","protected":false},"author":3,"featured_media":3150,"comment_status":"open","ping_status":"open","sticky":false,"template":"","format":"standard","meta":[],"categories":[24],"tags":[54,463],"_links":{"self":[{"href":"https:\/\/www.ecletismomusical.pt\/en\/wp-json\/wp\/v2\/posts\/3149"}],"collection":[{"href":"https:\/\/www.ecletismomusical.pt\/en\/wp-json\/wp\/v2\/posts"}],"about":[{"href":"https:\/\/www.ecletismomusical.pt\/en\/wp-json\/wp\/v2\/types\/post"}],"author":[{"embeddable":true,"href":"https:\/\/www.ecletismomusical.pt\/en\/wp-json\/wp\/v2\/users\/3"}],"replies":[{"embeddable":true,"href":"https:\/\/www.ecletismomusical.pt\/en\/wp-json\/wp\/v2\/comments?post=3149"}],"version-history":[{"count":1,"href":"https:\/\/www.ecletismomusical.pt\/en\/wp-json\/wp\/v2\/posts\/3149\/revisions"}],"predecessor-version":[{"id":3151,"href":"https:\/\/www.ecletismomusical.pt\/en\/wp-json\/wp\/v2\/posts\/3149\/revisions\/3151"}],"wp:featuredmedia":[{"embeddable":true,"href":"https:\/\/www.ecletismomusical.pt\/en\/wp-json\/wp\/v2\/media\/3150"}],"wp:attachment":[{"href":"https:\/\/www.ecletismomusical.pt\/en\/wp-json\/wp\/v2\/media?parent=3149"}],"wp:term":[{"taxonomy":"category","embeddable":true,"href":"https:\/\/www.ecletismomusical.pt\/en\/wp-json\/wp\/v2\/categories?post=3149"},{"taxonomy":"post_tag","embeddable":true,"href":"https:\/\/www.ecletismomusical.pt\/en\/wp-json\/wp\/v2\/tags?post=3149"}],"curies":[{"name":"wp","href":"https:\/\/api.w.org\/{rel}","templated":true}]}}