{"id":318,"date":"2012-01-19T12:31:00","date_gmt":"2012-01-19T12:31:00","guid":{"rendered":"https:\/\/www.ecletismomusical.pt\/breaking-news-the-cure-no-optimus-alive-2012\/"},"modified":"2012-01-19T12:31:00","modified_gmt":"2012-01-19T12:31:00","slug":"breaking-news-the-cure-no-optimus-alive-2012","status":"publish","type":"post","link":"https:\/\/www.ecletismomusical.pt\/en\/breaking-news-the-cure-no-optimus-alive-2012\/","title":{"rendered":"[Breaking News] The Cure no Optimus Alive 2012!"},"content":{"rendered":"<p><iframe allowfullscreen=\"\" frameborder=\"0\" height=\"315\" src=\"http:\/\/www.youtube.com\/embed\/gw8Hwz3Xumc\" width=\"420\"><\/iframe><\/p>\n<div style=\"text-align: justify\">\n<div style=\"text-align: justify\"><span style=\"font-size: small\"><span style=\"font-family: Arial,Helvetica,sans-serif\">No dia 14 de Julho, <\/span><\/span><span style=\"background-color: white;color: #222222;float: none;font-family: arial,sans-serif;font-size: x-small;font-style: normal;font-variant: normal;font-weight: normal;letter-spacing: normal;line-height: 16px;text-indent: 0px;text-transform: none\"><span style=\"font-size: small\"><span style=\"font-family: Arial,Helvetica,sans-serif\"><b>Robert Smith<\/b> e companhia estar\u00e3o no <b>Optimus Alive<\/b> para del\u00edrio de diversas gera\u00e7\u00f5es!<\/span><\/span><\/span><\/div>\n<p><span style=\"background-color: white;color: #222222;float: none;font-family: arial,sans-serif;font-size: x-small;font-style: normal;font-variant: normal;font-weight: normal;letter-spacing: normal;line-height: 16px;text-indent: 0px;text-transform: none\"><\/span><\/div>","protected":false},"excerpt":{"rendered":"<p>No dia 14 de Julho, Robert Smith e companhia estar\u00e3o no Optimus Alive para del\u00edrio de diversas gera\u00e7\u00f5es!<\/p>","protected":false},"author":1,"featured_media":0,"comment_status":"open","ping_status":"open","sticky":false,"template":"","format":"standard","meta":[],"categories":[1],"tags":[],"_links":{"self":[{"href":"https:\/\/www.ecletismomusical.pt\/en\/wp-json\/wp\/v2\/posts\/318"}],"collection":[{"href":"https:\/\/www.ecletismomusical.pt\/en\/wp-json\/wp\/v2\/posts"}],"about":[{"href":"https:\/\/www.ecletismomusical.pt\/en\/wp-json\/wp\/v2\/types\/post"}],"author":[{"embeddable":true,"href":"https:\/\/www.ecletismomusical.pt\/en\/wp-json\/wp\/v2\/users\/1"}],"replies":[{"embeddable":true,"href":"https:\/\/www.ecletismomusical.pt\/en\/wp-json\/wp\/v2\/comments?post=318"}],"version-history":[{"count":0,"href":"https:\/\/www.ecletismomusical.pt\/en\/wp-json\/wp\/v2\/posts\/318\/revisions"}],"wp:attachment":[{"href":"https:\/\/www.ecletismomusical.pt\/en\/wp-json\/wp\/v2\/media?parent=318"}],"wp:term":[{"taxonomy":"category","embeddable":true,"href":"https:\/\/www.ecletismomusical.pt\/en\/wp-json\/wp\/v2\/categories?post=318"},{"taxonomy":"post_tag","embeddable":true,"href":"https:\/\/www.ecletismomusical.pt\/en\/wp-json\/wp\/v2\/tags?post=318"}],"curies":[{"name":"wp","href":"https:\/\/api.w.org\/{rel}","templated":true}]}}