{"id":3194,"date":"2018-09-21T14:16:24","date_gmt":"2018-09-21T13:16:24","guid":{"rendered":"https:\/\/www.ecletismomusical.pt\/?p=3194"},"modified":"2018-09-21T14:17:00","modified_gmt":"2018-09-21T13:17:00","slug":"new-single-cristina-branco-eu","status":"publish","type":"post","link":"https:\/\/www.ecletismomusical.pt\/en\/new-single-cristina-branco-eu\/","title":{"rendered":"[New Single] Cristina Branco &#8211; Eu"},"content":{"rendered":"<p><iframe src=\"https:\/\/www.youtube.com\/embed\/ClZ9GZ_peoA\" width=\"560\" height=\"315\" frameborder=\"0\" allowfullscreen=\"allowfullscreen\"><\/iframe><\/p>\n<p><span style=\"font-family: verdana, geneva, sans-serif\">&#8220;EU&#8221; faz parte de \u00abBranco\u00bb e \u00e9 o novo v\u00eddeo\u00a0<\/span><span style=\"font-family: verdana, geneva, sans-serif\">de\u00a0Cristina Branco. Letra e m\u00fasica de Lu\u00eds Figueiredo e v\u00eddeo de Joana Linda.<\/span><\/p>\n<p><span style=\"font-family: verdana, geneva, sans-serif\">Entrevista para recordar aqui:\u00a0<a href=\"https:\/\/www.ecletismomusical.pt\/en\/entrevista-cristina-branco\/\">https:\/\/www.ecletismomusical.pt\/entrevista-cristina-branco\/<\/a><\/span><\/p>","protected":false},"excerpt":{"rendered":"<p>&#8220;EU&#8221; faz parte de \u00abBranco\u00bb e \u00e9 o novo v\u00eddeo\u00a0de\u00a0Cristina Branco. Letra e m\u00fasica de Lu\u00eds Figueiredo e v\u00eddeo de Joana Linda. Entrevista para recordar aqui:\u00a0https:\/\/www.ecletismomusical.pt\/entrevista-cristina-branco\/<\/p>","protected":false},"author":3,"featured_media":3195,"comment_status":"open","ping_status":"open","sticky":false,"template":"","format":"video","meta":[],"categories":[],"tags":[244,87],"_links":{"self":[{"href":"https:\/\/www.ecletismomusical.pt\/en\/wp-json\/wp\/v2\/posts\/3194"}],"collection":[{"href":"https:\/\/www.ecletismomusical.pt\/en\/wp-json\/wp\/v2\/posts"}],"about":[{"href":"https:\/\/www.ecletismomusical.pt\/en\/wp-json\/wp\/v2\/types\/post"}],"author":[{"embeddable":true,"href":"https:\/\/www.ecletismomusical.pt\/en\/wp-json\/wp\/v2\/users\/3"}],"replies":[{"embeddable":true,"href":"https:\/\/www.ecletismomusical.pt\/en\/wp-json\/wp\/v2\/comments?post=3194"}],"version-history":[{"count":1,"href":"https:\/\/www.ecletismomusical.pt\/en\/wp-json\/wp\/v2\/posts\/3194\/revisions"}],"predecessor-version":[{"id":3196,"href":"https:\/\/www.ecletismomusical.pt\/en\/wp-json\/wp\/v2\/posts\/3194\/revisions\/3196"}],"wp:featuredmedia":[{"embeddable":true,"href":"https:\/\/www.ecletismomusical.pt\/en\/wp-json\/wp\/v2\/media\/3195"}],"wp:attachment":[{"href":"https:\/\/www.ecletismomusical.pt\/en\/wp-json\/wp\/v2\/media?parent=3194"}],"wp:term":[{"taxonomy":"category","embeddable":true,"href":"https:\/\/www.ecletismomusical.pt\/en\/wp-json\/wp\/v2\/categories?post=3194"},{"taxonomy":"post_tag","embeddable":true,"href":"https:\/\/www.ecletismomusical.pt\/en\/wp-json\/wp\/v2\/tags?post=3194"}],"curies":[{"name":"wp","href":"https:\/\/api.w.org\/{rel}","templated":true}]}}