{"id":3212,"date":"2018-09-25T19:10:44","date_gmt":"2018-09-25T18:10:44","guid":{"rendered":"https:\/\/www.ecletismomusical.pt\/?p=3212"},"modified":"2018-09-25T19:11:58","modified_gmt":"2018-09-25T18:11:58","slug":"entrevista-moullinex","status":"publish","type":"post","link":"https:\/\/www.ecletismomusical.pt\/en\/entrevista-moullinex\/","title":{"rendered":"[Entrevista] Moullinex"},"content":{"rendered":"<p><span style=\"font-family: verdana, geneva, sans-serif\">O <strong>Musical Eclecticism<\/strong> concretizando mais uma vez o seu <em>Manifesto<\/em>, apresenta desta vez uma entrevista com Lu\u00eds Clara Gomes, aka <a href=\"https:\/\/www.moullinex.com\/\"><strong>Moullinex<\/strong><\/a>, que \u00e9, t\u00e3o somente, um dos melhores produtos de exporta\u00e7\u00e3o nacional, tendo conquistado os palcos e as pistas de dan\u00e7a um pouco por todo o mundo.<\/span><\/p>\n<p><span style=\"font-family: verdana, geneva, sans-serif\">\u00c9 um artista que\u00a0re\u00fane duas das principais caracter\u00edsticas para se ser um m\u00fasico de sucesso: A criatividade e o empreendedorismo\/inova\u00e7\u00e3o (as editoras Discotexas e Gomma s\u00e3o um bom exemplo disso)! Na entrevista que se segue, ser\u00e1 poss\u00edvel ficar a conhecer melhor essas duas facetas deste ex-engenheiro e investigador com os p\u00e9s bem assentes na terra.<\/span><\/p>\n<p><span style=\"font-family: verdana, geneva, sans-serif\">Comprovando mais uma vez o seu esp\u00edrito inovador, depois de, h\u00e1 um ano, ter feito em Lisboa, uma \u00e9pica celebra\u00e7\u00e3o de 24h que marcou a edi\u00e7\u00e3o do \u00e1lbum no MAAT, este ano, no dia<strong> 31 de Outubro (Halloween)<\/strong>, o <strong>\u00abHypersex\u00bb<\/strong> de <strong>Moullinex<\/strong> regressa a Lisboa no seu formato 360\u00ba, numa enorme comemora\u00e7\u00e3o no <strong>Capit\u00f3lio<\/strong>.<\/span><\/p>\n<p><span style=\"font-family: verdana, geneva, sans-serif\">Uma noite (<strong>das 21h \u00e0s 04h<\/strong>) de concerto de <strong>Moullinex<\/strong> com convidados especiais;\u00a0DJ sets da australiana baseada em Londres <strong>HAAi<\/strong> e do seu colega de editora,<strong> Xinobi<\/strong>;\u00a0concerto de <strong>MEERA<\/strong>, o mais novo projecto\u00a0editado pela Discotexas; e uma competi\u00e7\u00e3o de <strong>Ballroom, <\/strong>numa festa que pretende ser uma celebra\u00e7\u00e3o da Club Culture em todas as suas vertentes sociais, culturais e pol\u00edticas.\u00a0<\/span><\/p>\n<p><iframe src=\"https:\/\/www.youtube.com\/embed\/_vu5iMh4rrI\" width=\"560\" height=\"315\" frameborder=\"0\" allowfullscreen=\"allowfullscreen\"><\/iframe><\/p>\n<p><span style=\"font-family: verdana, geneva, sans-serif\"><strong>EM: Enquanto estudante de Engenharia de Computadores e Telem\u00e1tica, quando sentiste que a m\u00fasica seria o teu algoritmo? A licenciatura contribuiu para a mistura de sons que apresentas nos teus \u00e1lbuns?<\/strong><\/span><\/p>\n<p><span style=\"font-family: verdana, geneva, sans-serif\"><strong>Moullinex:\u00a0<\/strong>Acho que a m\u00fasica sempre foi o meu algoritmo, mas precisei de fazer algum <em>reverse engineering <\/em>para eu pr\u00f3prio me entender. J\u00e1 quis ser muita coisa, e acabei por seguir um rumo que me liga \u00e0 tecnologia \u2013 o que acabou tamb\u00e9m por ditar o meu caminho pela m\u00fasica electr\u00f3nica.<\/span><\/p>\n<p><span style=\"font-family: verdana, geneva, sans-serif\"><strong>EM: Lisboa foi oficialmente declarada uma das grandes capitais europeias da m\u00fasica electr\u00f3nica. O que falta para que cada vez se atraia mais publico \u00e0 mesa de mistura?\u00a0<\/strong><\/span><\/p>\n<p><span style=\"font-family: verdana, geneva, sans-serif\"><strong>Moullinex:<\/strong> Falta que institucionalmente esse papel seja reconhecido. Toda a mediatiza\u00e7\u00e3o internacional da m\u00fasica portuguesa acontece n\u00e3o gra\u00e7as uma estrat\u00e9gia de apoio governamental, mas apesar da aus\u00eancia de uma. Se tomarmos como exemplo a Escandin\u00e1via, uma estrat\u00e9gia de exporta\u00e7\u00e3o cultural a n\u00edvel governamental traduz-se directamente no aumento do PIB, para al\u00e9m do capital cultural que isso traz para uma regi\u00e3o. A todos devia ser dada uma oportunidade de experimentar fazer o que se gosta: apesar de todo este <em>hype<\/em>, muitos m\u00fasicos portugueses s\u00f3 o conseguem ser acumulando outros trabalhos que lhes permitam pagar as contas.<\/span><\/p>\n<p><iframe src=\"https:\/\/www.youtube.com\/embed\/s-XsoDyg4-E\" width=\"560\" height=\"315\" frameborder=\"0\" allowfullscreen=\"allowfullscreen\"><\/iframe><\/p>\n<p><span style=\"font-family: verdana, geneva, sans-serif\"><strong>EM: Os mais c\u00e9pticos acreditam que estilos como o Techno e o Minimal consistem na repeti\u00e7\u00e3o de sons sem que se acrescente muito entre sets. O que \u00e9 preciso para que a musica electr\u00f3nica n\u00e3o se esgote em si mesma? E qual o segredo para se ser diferente num momento em que se assiste ao Boom de novos artistas e produtores?<\/strong><\/span><\/p>\n<p><span style=\"font-family: verdana, geneva, sans-serif\"><strong>Moullinex:<\/strong> A linguagem n\u00e3o \u00e9 mais do que uma repeti\u00e7\u00e3o de sons que todos conhecemos. S\u00f3 porque todos falamos a mesma l\u00edngua, n\u00e3o quer dizer que tenhamos todos a mesma coisa para dizer. Acho que um tema ou um set pode soar \u201ccansado\u201d se se limitar a repetir o que j\u00e1 foi feito. Quem fala com a sua pr\u00f3pria voz, com a sua identidade, n\u00e3o corre esse risco.<\/span><\/p>\n<p><span style=\"font-family: verdana, geneva, sans-serif\"><strong>EM: A prop\u00f3sito, qual consideras ser o \u00abestado d\u2019arte\u00bb da m\u00fasica feita em Portugal?<\/strong><\/span><\/p>\n<p><span style=\"font-family: verdana, geneva, sans-serif\"><strong>Moullinex:<\/strong> Desenvolvendo um pouco a ideia anterior, vivemos uma altura em que h\u00e1 uma conflu\u00eancia de artistas, p\u00fablico, programadores e <em>media<\/em> no sentido de valorizar o que \u00e9 feito c\u00e1: s\u00f3 falta, na verdade, o apoio institucional. Numa altura em que o Turismo de Portugal \u00e9 t\u00e3o importante, porque n\u00e3o regar o jardim que os turistas v\u00eam visitar?<\/span><\/p>\n<p><img class=\"alignnone wp-image-3214\" src=\"https:\/\/www.ecletismomusical.pt\/wp-content\/uploads\/2018\/09\/nashdoeswork-5.jpg\" alt=\"\" width=\"561\" height=\"374\" srcset=\"https:\/\/www.ecletismomusical.pt\/wp-content\/uploads\/2018\/09\/nashdoeswork-5.jpg 600w, https:\/\/www.ecletismomusical.pt\/wp-content\/uploads\/2018\/09\/nashdoeswork-5-300x200.jpg 300w\" \/><\/p>\n<p><span style=\"font-family: verdana, geneva, sans-serif\"><strong>EM: Como surgiu a inspira\u00e7\u00e3o para aliares o nome de uma marca de electrodom\u00e9sticos \u00e0 imagem de refer\u00eancia de uma fruta tropical?<\/strong><\/span><\/p>\n<p><span style=\"font-family: verdana, geneva, sans-serif\"><strong>Moullinex:<\/strong> Moullinex porque me atraiu desde cedo a electr\u00f3nica francesa: dos Air aos Daft Punk, estes foram os artistas que me chamaram para as m\u00e1quinas, e da\u00ed o meu tributo. Os ananases nem sei bem explicar, de repente tornaram-se um mito.<\/span><\/p>\n<p><span style=\"font-family: verdana, geneva, sans-serif\"><strong>EM:<\/strong>\u00a0<strong>O teu ultimo \u00e1lbum, Hypersex, fala-nos de como a dan\u00e7a e a musica deixam cair as barreiras da diferen\u00e7a e conseguem conectar as pessoas atrav\u00e9s de uma paix\u00e3o comum: a m\u00fasica. Quais as fronteiras que ainda precisam ser ultrapassadas para que a m\u00fasica seja cada vez mais uma forma de revolu\u00e7\u00e3o?<\/strong><\/span><\/p>\n<p><span style=\"font-family: verdana, geneva, sans-serif\"><strong>Moullinex:<\/strong> V\u00e3o sempre haver fronteiras. H\u00e1 40 anos n\u00e3o era poss\u00edvel fazeres-me esta pergunta publicamente. Para cada gera\u00e7\u00e3o, as conquistas s\u00e3o diferentes. Sinto que a nossa est\u00e1 a viver avan\u00e7os e retrocessos em simult\u00e2neo, e cabe a todos n\u00f3s lutar por um mundo com espa\u00e7o para toda a gente.\u00a0<\/span><\/p>\n<p><iframe src=\"https:\/\/www.youtube.com\/embed\/QI02PXw0HAs\" width=\"560\" height=\"315\" frameborder=\"0\" allowfullscreen=\"allowfullscreen\"><\/iframe><\/p>\n<p><span style=\"font-family: verdana, geneva, sans-serif\"><strong>EM: Perante o p\u00fablico, qual acreditas ser o papel do DJ? Existe alguma diferen\u00e7a na forma como se encara e motiva o p\u00fablico num boiler room ou num festival?\u00a0<\/strong><\/span><\/p>\n<p><span style=\"font-family: verdana, geneva, sans-serif\"><strong>Moullinex:<\/strong> Num <em>boiler room<\/em> literalmente n\u00e3o se encara o p\u00fablico! Brinco. Para mim, o DJ \u00e9 um contador de hist\u00f3rias, apenas mais uma pe\u00e7a num momento colectivo. Gosto de pensar num set como uma viagem na qual entramos todos: p\u00fablico e DJ, uma viagem que at\u00e9 pode ter uns desvios da rota original, pois baseia-se num di\u00e1logo. E espero que nas melhores noites tenhamos todos sa\u00eddo diferentes dessa viagem.<\/span><\/p>\n<p><span style=\"font-family: verdana, geneva, sans-serif\"><strong>EM: J\u00e1 tiveste oportunidade de tocar quase por todo o mundo. Qual o festival que falta na tua lista?<\/strong><\/span><\/p>\n<p><span style=\"font-family: verdana, geneva, sans-serif\"><strong>Moullinex:<\/strong> Faltam muitos! Mas sem d\u00favida, gostava muito de tocar no Montreaux Jazz Festival com a banda.<\/span><\/p>\n<p><iframe src=\"https:\/\/www.youtube.com\/embed\/Pzsuty7k5RE\" width=\"560\" height=\"315\" frameborder=\"0\" allowfullscreen=\"allowfullscreen\"><\/iframe><\/p>\n<p><span style=\"font-family: verdana, geneva, sans-serif\"><strong>EM: Que nomes colocava no seu \u201cFestival Ideal\u201d? <\/strong><strong>(Vivos ou n\u00e3o)<\/strong><\/span><\/p>\n<p><span style=\"font-family: verdana, geneva, sans-serif\"><strong>Moullinex:<\/strong> Stevie Wonder, Billie Holiday, Prince, James Brown, Michael Jackson, Jimi Hendrix, Queen, Funkadelic.<\/span><\/p>\n<p><span style=\"font-family: verdana, geneva, sans-serif\"><strong>EM: Se tivesse que identificar os 5 melhores \u00e1lbuns de sempre, qual era a sua escolha? E porqu\u00ea?<\/strong><\/span><\/p>\n<p><span style=\"font-family: verdana, geneva, sans-serif\"><strong>Moullinex:<\/strong> A resposta a esta pergunta varia consoante o dia! Porque nos \u00e1lbuns que gosto muito encontro muitas coisas diferentes, vou deixar aqui 5 para que neles encontrem coisas para voc\u00eas:<\/span><\/p>\n<p><span style=\"font-family: verdana, geneva, sans-serif\"><strong>Stevie Wonder \u2013 Songs in the Key of Life<\/strong><br \/>\n<img class=\"alignnone wp-image-3215\" src=\"https:\/\/www.ecletismomusical.pt\/wp-content\/uploads\/2018\/09\/Songs_in_the_key_of_life.jpg\" alt=\"\" width=\"237\" height=\"237\" srcset=\"https:\/\/www.ecletismomusical.pt\/wp-content\/uploads\/2018\/09\/Songs_in_the_key_of_life.jpg 300w, https:\/\/www.ecletismomusical.pt\/wp-content\/uploads\/2018\/09\/Songs_in_the_key_of_life-150x150.jpg 150w\" \/><br \/>\n<\/span><\/p>\n<p><span style=\"font-family: verdana, geneva, sans-serif\"><strong>Prince &#8211; Prince<\/strong><br \/>\n<img class=\"alignnone wp-image-3216\" src=\"https:\/\/www.ecletismomusical.pt\/wp-content\/uploads\/2018\/09\/Prince_SelfTitled.jpg\" alt=\"\" width=\"237\" height=\"237\" srcset=\"https:\/\/www.ecletismomusical.pt\/wp-content\/uploads\/2018\/09\/Prince_SelfTitled.jpg 316w, https:\/\/www.ecletismomusical.pt\/wp-content\/uploads\/2018\/09\/Prince_SelfTitled-150x150.jpg 150w, https:\/\/www.ecletismomusical.pt\/wp-content\/uploads\/2018\/09\/Prince_SelfTitled-300x300.jpg 300w\" \/><br \/>\n<\/span><\/p>\n<p><span style=\"font-family: verdana, geneva, sans-serif\"><strong>Daft Punk \u2013 Homework<\/strong><br \/>\n<img class=\"alignnone wp-image-3217\" src=\"https:\/\/www.ecletismomusical.pt\/wp-content\/uploads\/2018\/09\/Capa_Homework.jpg\" alt=\"\" width=\"236\" height=\"236\" srcset=\"https:\/\/www.ecletismomusical.pt\/wp-content\/uploads\/2018\/09\/Capa_Homework.jpg 400w, https:\/\/www.ecletismomusical.pt\/wp-content\/uploads\/2018\/09\/Capa_Homework-150x150.jpg 150w, https:\/\/www.ecletismomusical.pt\/wp-content\/uploads\/2018\/09\/Capa_Homework-300x300.jpg 300w\" \/><br \/>\n<\/span><\/p>\n<p><span style=\"font-family: verdana, geneva, sans-serif\"><strong>Beach Boys \u2013 Pet Sounds<\/strong><br \/>\n<img class=\"alignnone wp-image-3218\" src=\"https:\/\/www.ecletismomusical.pt\/wp-content\/uploads\/2018\/09\/Pet_Sounds.jpg\" alt=\"\" width=\"241\" height=\"241\" srcset=\"https:\/\/www.ecletismomusical.pt\/wp-content\/uploads\/2018\/09\/Pet_Sounds.jpg 500w, https:\/\/www.ecletismomusical.pt\/wp-content\/uploads\/2018\/09\/Pet_Sounds-150x150.jpg 150w, https:\/\/www.ecletismomusical.pt\/wp-content\/uploads\/2018\/09\/Pet_Sounds-300x300.jpg 300w\" \/><br \/>\n<\/span><\/p>\n<p><span style=\"font-family: verdana, geneva, sans-serif\"><strong>Funkadelic \u2013 Maggot Brain<\/strong><br \/>\n<img class=\"alignnone wp-image-3219\" src=\"https:\/\/www.ecletismomusical.pt\/wp-content\/uploads\/2018\/09\/71y5TTjtejL._SY355_.jpg\" alt=\"\" width=\"236\" height=\"239\" srcset=\"https:\/\/www.ecletismomusical.pt\/wp-content\/uploads\/2018\/09\/71y5TTjtejL._SY355_.jpg 349w, https:\/\/www.ecletismomusical.pt\/wp-content\/uploads\/2018\/09\/71y5TTjtejL._SY355_-295x300.jpg 295w\" \/><br \/>\n<\/span><\/p>\n<p><span style=\"font-family: verdana, geneva, sans-serif\"><strong>EM: Quais s\u00e3o os teus planos para os pr\u00f3ximos meses? Por onde ir\u00e1s andar?<\/strong><\/span><\/p>\n<p><span style=\"font-family: verdana, geneva, sans-serif\"><strong>Moullinex:<\/strong> Muitos concertos e DJ sets! Vamos estar em formato banda no MaMA festival em Paris, e terminamos Outubro com a House of Hypersex no Capit\u00f3lio, uma festa bem adequada ao Halloween e que prometo ser incr\u00edvel.<\/span><\/p>\n<p><span style=\"font-family: verdana, geneva, sans-serif\">Depois, tenho DJ sets pela Am\u00e9rica latina, desde M\u00e9xico a Costa Rica, passando pela Rep\u00fablica Dominicana, e termino o ano em Londres e Dubai.<\/span><\/p>\n<p><strong><span style=\"font-family: verdana, geneva, sans-serif\">Obrigado Moullinex e muito sucesso!<\/span><\/strong><\/p>\n<p><strong><span style=\"font-family: verdana, geneva, sans-serif\">Agradecimento Especial:<\/span><\/strong><br \/>\n<a href=\"http:\/\/www.facebook.com\/soniaramospress\"><span style=\"font-family: verdana, geneva, sans-serif\">S\u00f3nia Ramos<\/span><\/a><\/p>","protected":false},"excerpt":{"rendered":"<p>O Ecletismo Musical concretizando mais uma vez o seu Manifesto, apresenta desta vez uma entrevista com Lu\u00eds Clara Gomes, aka Moullinex, que \u00e9, t\u00e3o somente, um dos melhores produtos de exporta\u00e7\u00e3o nacional, tendo conquistado os palcos e as pistas de dan\u00e7a um pouco por todo o mundo. \u00c9 um artista que\u00a0re\u00fane duas das principais caracter\u00edsticas<\/p>","protected":false},"author":3,"featured_media":3213,"comment_status":"open","ping_status":"open","sticky":false,"template":"","format":"standard","meta":[],"categories":[25],"tags":[52,340,473],"_links":{"self":[{"href":"https:\/\/www.ecletismomusical.pt\/en\/wp-json\/wp\/v2\/posts\/3212"}],"collection":[{"href":"https:\/\/www.ecletismomusical.pt\/en\/wp-json\/wp\/v2\/posts"}],"about":[{"href":"https:\/\/www.ecletismomusical.pt\/en\/wp-json\/wp\/v2\/types\/post"}],"author":[{"embeddable":true,"href":"https:\/\/www.ecletismomusical.pt\/en\/wp-json\/wp\/v2\/users\/3"}],"replies":[{"embeddable":true,"href":"https:\/\/www.ecletismomusical.pt\/en\/wp-json\/wp\/v2\/comments?post=3212"}],"version-history":[{"count":3,"href":"https:\/\/www.ecletismomusical.pt\/en\/wp-json\/wp\/v2\/posts\/3212\/revisions"}],"predecessor-version":[{"id":3222,"href":"https:\/\/www.ecletismomusical.pt\/en\/wp-json\/wp\/v2\/posts\/3212\/revisions\/3222"}],"wp:featuredmedia":[{"embeddable":true,"href":"https:\/\/www.ecletismomusical.pt\/en\/wp-json\/wp\/v2\/media\/3213"}],"wp:attachment":[{"href":"https:\/\/www.ecletismomusical.pt\/en\/wp-json\/wp\/v2\/media?parent=3212"}],"wp:term":[{"taxonomy":"category","embeddable":true,"href":"https:\/\/www.ecletismomusical.pt\/en\/wp-json\/wp\/v2\/categories?post=3212"},{"taxonomy":"post_tag","embeddable":true,"href":"https:\/\/www.ecletismomusical.pt\/en\/wp-json\/wp\/v2\/tags?post=3212"}],"curies":[{"name":"wp","href":"https:\/\/api.w.org\/{rel}","templated":true}]}}