{"id":327,"date":"2011-12-22T21:30:00","date_gmt":"2011-12-22T21:30:00","guid":{"rendered":"https:\/\/ecletismomusical.pt\/melhores-de-2011-os-10-melhores-concertos-que-o-em-viu-em-2011\/"},"modified":"2011-12-22T21:30:00","modified_gmt":"2011-12-22T21:30:00","slug":"melhores-de-2011-os-10-melhores-concertos-que-o-em-viu-em-2011","status":"publish","type":"post","link":"https:\/\/www.ecletismomusical.pt\/en\/melhores-de-2011-os-10-melhores-concertos-que-o-em-viu-em-2011\/","title":{"rendered":"[Melhores de 2011] Os 10 Melhores Concertos que o EM viu em 2011"},"content":{"rendered":"<div style=\"clear: both;text-align: center\"><a href=\"http:\/\/farm6.staticflickr.com\/5174\/5594326193_4f625046c1.jpg\" style=\"clear: left;float: left;margin-bottom: 1em;margin-right: 1em\"><img height=\"223\" src=\"http:\/\/farm6.staticflickr.com\/5174\/5594326193_4f625046c1.jpg\" width=\"400\" \/><\/a><\/div>\n<div style=\"font-family: Arial,Helvetica,sans-serif;text-align: justify\">\n<p>Esta n\u00e3o \u00e9 a lista dos melhores concertos do ano em Portugal, \u00e9 apenas, a lista dos melhores concertos a que o <b>Eclectismo Musical<\/b> teve oportunidade de assistir! Faltar\u00e3o certamente grandes concertos, por um lado porque se optou por escolher apenas 10, por outro lado porque o ano foi recheado de excelentes concertos.<\/div>\n<p><\/p>\n<div style=\"font-family: Arial,Helvetica,sans-serif\"><b><br \/><\/b><\/div>\n<div style=\"font-family: Arial,Helvetica,sans-serif\"><b>&nbsp;10\u00ba Lugar: Elbow <\/b>no Festival Super Bock Super RocK <\/div>\n<p><iframe allowfullscreen=\"\" frameborder=\"0\" height=\"150\" src=\"http:\/\/www.youtube.com\/embed\/QYRHXva8r1I\" width=\"250\"><\/iframe><\/p>\n<div style=\"font-family: Arial,Helvetica,sans-serif;text-align: justify\">Os <b>Elbow<\/b> aparecem no 10\u00ba lugar da lista, uma vez que obtiveram o pr\u00e9mio persist\u00eancia e engenho do ano. Num <b>Super Bock Super Rock<\/b> a rebentar (infelizmente) pelas costuras, com milhares de seres desinteressados em ouvir m\u00fasica, mas sim em gritar ininterruptamente a plenos pulm\u00f5es conversas laterais sem interesse e sem qualquer sentido de oportunidade (como \u00e9 bem aud\u00edvel no video), para al\u00e9m de colocados num dia em que Slash e os The Strokes eram os cabe\u00e7as de cartazes, a banda de <b>Guy Garvey<\/b> e companhia conseguiu realizar um concerto muito esfor\u00e7ado e competente.<\/p>\n<p><b>9\u00ba Lugar: Amor Electro<\/b> na Pra\u00e7a da Batalha, no Porto<\/div>\n<p><iframe allowfullscreen=\"\" frameborder=\"0\" height=\"150\" src=\"http:\/\/www.youtube.com\/embed\/qaA6jB2gl9Y\" width=\"250\"><\/iframe><\/p>\n<div style=\"text-align: justify\"><\/div>\n<div style=\"text-align: justify\"><span style=\"font-family: Arial,Helvetica,sans-serif\">No dia 25 de Abril, os <b>Amor Electro<\/b> de <b>Marisa Liz<\/b> (Antes Marisa Pinto dos Donna Maria) deram o seu primeiro concerto oficial. Foi no Porto, para uma plateia com pouco mais de 400 pessoas. Nesse dia, ficou desde logo muito claro que os <b>Amor Electro<\/b> seriam uma das bandas revela\u00e7\u00f5es do ano. Quem mostra este tipo de seguran\u00e7a no primeiro concerto, s\u00f3 pode levantar voo para n\u00e3o mais parar. <b>Marisa Liz<\/b> \u00e9 possuidora de uma voz rara e, pese embora a sua pouca estatura, em palco, transforma-se num &#8220;enorme animal&#8221;.<\/span><\/div>\n<div style=\"text-align: justify\"><\/div>\n<div style=\"font-family: Arial,Helvetica,sans-serif;text-align: justify\"><b>8\u00ba Lugar: The Naked And The Famous<\/b> no Festival Optimus Alive<\/div>\n<div style=\"text-align: justify\"><\/div>\n<p><iframe allowfullscreen=\"\" frameborder=\"0\" height=\"150\" src=\"http:\/\/www.youtube.com\/embed\/SddiVEq0CCw\" width=\"250\"><\/iframe><\/p>\n<div style=\"text-align: justify\"><span style=\"font-family: Arial,Helvetica,sans-serif\">N\u00e3o \u00e9 nada f\u00e1cil ter a tarefa de abrir um festival da dimens\u00e3o do <b>Optimus Alive, \u00e0s 17h <\/b>de um dia de semana, no Palco &#8220;secund\u00e1rio&#8221;. Mas, uma das bandas revela\u00e7\u00e3o do ano nos festivais europeus, conseguiu uma presta\u00e7\u00e3o galvanizadora e de grande m\u00e9rito. <\/span><\/div>\n<div style=\"text-align: justify\"><\/div>\n<div style=\"font-family: Arial,Helvetica,sans-serif;text-align: justify\"><b>7\u00ba Lugar: Fleet Foxes<\/b> no Festival Optimus Alive<\/div>\n<p><iframe allowfullscreen=\"\" frameborder=\"0\" height=\"150\" src=\"http:\/\/www.youtube.com\/embed\/videoseries?list=PL1D5C9989AF7FF461&amp;hl=en_US\" width=\"250\"><\/iframe><\/p>\n<div style=\"font-family: Arial,Helvetica,sans-serif;text-align: justify\">Eram uma das bandas mais aguardadas pelo p\u00fablico que permanentemente encheu o palco &#8220;secund\u00e1rio&#8221; do Festival Optimus Alive. E os <b>Fleet Foxes<\/b> chegaram, viram e venceram. Num concerto muito consistente e com um p\u00fablico vibrante e entusiasta, pese embora o folk buc\u00f3lico que caracteriza a sua m\u00fasica. <\/div>\n<div style=\"text-align: justify\"><b style=\"font-family: Arial,Helvetica,sans-serif\">6\u00ba Lugar: James Blake<\/b><span style=\"font-family: Arial,Helvetica,sans-serif\"> no Festival Optimus Alive <\/span><br \/><iframe allowfullscreen=\"\" frameborder=\"0\" height=\"150\" src=\"http:\/\/www.youtube.com\/embed\/PNouiOVTv48\" width=\"250\"><\/iframe><\/div>\n<div style=\"text-align: justify\">\n<div style=\"font-family: Arial,Helvetica,sans-serif\"><\/div>\n<p><span style=\"font-family: Arial,Helvetica,sans-serif\"><b>James Blake<\/b> \u00e9 j\u00e1 um dos nomes mais surpreendentes do panorama musical, com um \u00edndice de produ\u00e7\u00e3o impressionante e com uma criatividade muito assinal\u00e1vel. No entanto, o seu tipo de m\u00fasica est\u00e1 longe de ser aquilo a que se pode chamar de m\u00fasica de &#8220;massas&#8221; e por isso \u00e9 ainda mais not\u00e1vel o concerto que conseguiu dar no <b>Optimus Alive<\/b> deste ano. <\/span><\/p>\n<p><span style=\"font-family: Arial,Helvetica,sans-serif\"><b>5\u00ba Lugar: The Vaccines<\/b> no Super Bock Super Rock<\/span><br \/><iframe allowfullscreen=\"\" frameborder=\"0\" height=\"150\" src=\"http:\/\/www.youtube.com\/embed\/bEBDorzn05g\" width=\"250\"><\/iframe><\/div>\n<div style=\"font-family: Arial,Helvetica,sans-serif;text-align: justify\"><\/div>\n<div style=\"text-align: justify\"><span style=\"font-family: Arial,Helvetica,sans-serif\">Um concerto pode ser tamb\u00e9m um momento de puro divertimento e os <b>The Vaccines<\/b> sabem faz\u00ea-lo de uma forma muito profissional. Ainda que no <b>Palco Secund\u00e1rio do Super Bock Super Rock, os The Vaccines<\/b> tiveram uma presta\u00e7\u00e3o fant\u00e1stica conseguindo por todo o p\u00fablico presente aos saltos e em plena comunh\u00e3o rock n&#8217; roll. <\/span><\/div>\n<div style=\"text-align: justify\"><\/div>\n<div style=\"text-align: justify\"><span style=\"font-family: Arial,Helvetica,sans-serif\"><b>4\u00ba Lugar: Seasick Steve<\/b> no Festival Optimus Alive<\/span><\/p>\n<\/div>\n<p><iframe allowfullscreen=\"\" frameborder=\"0\" height=\"150\" src=\"http:\/\/www.youtube.com\/embed\/5BV7sxNkdho\" width=\"250\"><\/iframe><\/p>\n<div style=\"text-align: justify\"><span style=\"font-family: Arial,Helvetica,sans-serif\">O m\u00edtico e inigual\u00e1vel <b>Seasick Steve<\/b> deu um dos mais fant\u00e1sticos concertos que a edi\u00e7\u00e3o 2011 do <b>Optimus Alive<\/b> assistiu. Uma verdadeira m\u00e1quina em palco a entusiasmar e a surpreender o muito p\u00fablico presente neste concerto, apesar de ser no Palco &#8220;secund\u00e1rio&#8221; e de a hora n\u00e3o ser a melhor. <b>Um mestre. <\/b><\/span><\/p>\n<div style=\"font-family: Arial,Helvetica,sans-serif\"><b>3\u00ba Lugar: Sufjan Stevens<\/b> no Coliseu do Porto<\/div>\n<\/div>\n<p><iframe allowfullscreen=\"\" frameborder=\"0\" height=\"150\" src=\"http:\/\/www.youtube.com\/embed\/Nsap8wudCsY\" width=\"250\"><\/iframe> <\/p>\n<div style=\"font-family: Arial,Helvetica,sans-serif;text-align: justify\">Nem sempre os g\u00e9nios s\u00e3o respeitados ou reconhecidos. <b>Sufjan Stevens<\/b> \u00e9 um desses casos. Menos de metade do piso do <b>Coliseu do Porto<\/b> estava preenchido por espectadores mas, g\u00e9nio que \u00e9 g\u00e9nio, apresenta a sua performance para milh\u00f5es ou para dezenas, com a mesma entrega, porque, na verdade, \u00e9 o que mais gosta de fazer na vida. E assim foi, num espect\u00e1culo c\u00e9nico impressionante, de aspecto luxuoso mas psicad\u00e9lico, que Sufjan Stevens deu um dos melhores concertos do ano. Um g\u00e9nio.<\/div>\n<div style=\"font-family: Arial,Helvetica,sans-serif;text-align: justify\"><\/div>\n<div style=\"font-family: Arial,Helvetica,sans-serif;text-align: justify\"><b>2\u00ba Lugar: The National<\/b> no Coliseu do Porto<\/div>\n<p><iframe allowfullscreen=\"\" frameborder=\"0\" height=\"150\" src=\"http:\/\/www.youtube.com\/embed\/CaFDG5zi5S4\" width=\"250\"><\/iframe><\/p>\n<div style=\"font-family: Arial,Helvetica,sans-serif;text-align: justify\">Os <b>National<\/b> s\u00e3o uma banda com um consider\u00e1vel culto em Portugal. N\u00e3o foi assim estranho que o Coliseu do Porto estivesse completamente esgotado e que fosse um concerto ganho \u00e0 partida. No entanto, o concerto valeu pela atmosfera especial que se criou, com uma dedica\u00e7\u00e3o absoluta da banda (repare-se no video o que Matt Berninger<span style=\"background-color: white;color: black;float: none;font-family: Helvetica,Arial,sans-serif;font-size: 12px;font-style: normal;font-variant: normal;font-weight: normal;letter-spacing: normal;line-height: 19px;text-indent: 0px;text-transform: none\"><\/span> acaba por fazer) e com um p\u00fablico entusiasta que, desde o primeiro minuto, fez com que a organiza\u00e7\u00e3o percebesse que a op\u00e7\u00e3o pela exist\u00eancia de cadeira na plateia foi completamente desajustada. Uma banda de culto.<\/div>\n<div style=\"font-family: Arial,Helvetica,sans-serif;text-align: justify\"><\/div>\n<p><span style=\"font-family: Arial,Helvetica,sans-serif\"><b>1\u00ba Lugar: Arcade Fire<\/b> no Festival Super Bock Super Rock<\/span><\/p>\n<p><iframe allowfullscreen=\"\" frameborder=\"0\" height=\"150\" src=\"http:\/\/www.youtube.com\/embed\/-HeYlFOvGiw\" width=\"250\"><\/iframe><\/p>\n<div style=\"text-align: justify\"><span style=\"font-family: Arial,Helvetica,sans-serif\">Magn\u00edfico. Os <b>Arcade Fire<\/b> s\u00e3o uma religi\u00e3o em Palco, os hinos sucedem-se e o povo grita em un\u00edssono numa comunh\u00e3o de emo\u00e7\u00f5es sem fim. Em 2007, o <b>Super Bock Super Rock<\/b> tinha assistido a um dos melhores concertos de sempre em Portugal, este ano, com uns <b>Arcade Fire<\/b> cada vez mais rotinados e seguros, o que se viveu naquela noite foi &#8220;do outro mundo&#8221;. Sim, havia muito p\u00f3 e milhares de pessoas a mais naquele espa\u00e7o mas, durante todos os minutos que durou &#8220;a missa cantada&#8221;, todos esqueceram essas quest\u00f5es! \u00c9pico, de uma banda fant\u00e1stica ao vivo.<\/span><\/div>","protected":false},"excerpt":{"rendered":"<p>Esta n\u00e3o \u00e9 a lista dos melhores concertos do ano em Portugal, \u00e9 apenas, a lista dos melhores concertos a que o Eclectismo Musical teve oportunidade de assistir! Faltar\u00e3o certamente grandes concertos, por um lado porque se optou por escolher apenas 10, por outro lado porque o ano foi recheado de excelentes concertos. &nbsp;10\u00ba Lugar:<\/p>","protected":false},"author":1,"featured_media":0,"comment_status":"open","ping_status":"open","sticky":false,"template":"","format":"standard","meta":[],"categories":[1],"tags":[],"_links":{"self":[{"href":"https:\/\/www.ecletismomusical.pt\/en\/wp-json\/wp\/v2\/posts\/327"}],"collection":[{"href":"https:\/\/www.ecletismomusical.pt\/en\/wp-json\/wp\/v2\/posts"}],"about":[{"href":"https:\/\/www.ecletismomusical.pt\/en\/wp-json\/wp\/v2\/types\/post"}],"author":[{"embeddable":true,"href":"https:\/\/www.ecletismomusical.pt\/en\/wp-json\/wp\/v2\/users\/1"}],"replies":[{"embeddable":true,"href":"https:\/\/www.ecletismomusical.pt\/en\/wp-json\/wp\/v2\/comments?post=327"}],"version-history":[{"count":0,"href":"https:\/\/www.ecletismomusical.pt\/en\/wp-json\/wp\/v2\/posts\/327\/revisions"}],"wp:attachment":[{"href":"https:\/\/www.ecletismomusical.pt\/en\/wp-json\/wp\/v2\/media?parent=327"}],"wp:term":[{"taxonomy":"category","embeddable":true,"href":"https:\/\/www.ecletismomusical.pt\/en\/wp-json\/wp\/v2\/categories?post=327"},{"taxonomy":"post_tag","embeddable":true,"href":"https:\/\/www.ecletismomusical.pt\/en\/wp-json\/wp\/v2\/tags?post=327"}],"curies":[{"name":"wp","href":"https:\/\/api.w.org\/{rel}","templated":true}]}}