{"id":329,"date":"2011-11-23T12:58:00","date_gmt":"2011-11-23T12:58:00","guid":{"rendered":"https:\/\/ecletismomusical.pt\/entrevista-rose-blanket\/"},"modified":"2020-11-19T16:23:02","modified_gmt":"2020-11-19T16:23:02","slug":"entrevista-rose-blanket","status":"publish","type":"post","link":"https:\/\/www.ecletismomusical.pt\/en\/entrevista-rose-blanket\/","title":{"rendered":"[Entrevista] Rose Blanket (2011)"},"content":{"rendered":"<div style=\"font-family: Arial,Helvetica,sans-serif;text-align: justify\">Provando que nem sempre um m\u00fasico tem que ser um entertainer de massas, <a href=\"http:\/\/roseblanket.net\/\"><b>Rose Blanket<\/b><\/a>, ou se preferirmos, <b>Miguel Dias<\/b> e os seus convidados, apresentam um dos melhores \u00e1lbuns do ano <b>(\u201cNothing Ahead \/ Nothing Behind\u201d<\/b>), um impens\u00e1vel (para os dias que correm), \u00e1lbum duplo, sem que esteja previsto (por op\u00e7\u00e3o) qualquer concerto! Miguel tem um universo criativo muito pr\u00f3prio e, como o mesmo refere na conversa que manteve com o <b>Eclectismo Musical: &#8220;A verdade \u00e9 que o palco nunca foi um espa\u00e7o confort\u00e1vel para mim, nada funciona, n\u00e3o existe prazer.&#8221;<\/b> Ora, sendo a m\u00fasica pura frui\u00e7\u00e3o, enquanto momento de cria\u00e7\u00e3o, <a href=\"http:\/\/roseblanket.net\/\"><b>Rose Blanket<\/b> <\/a>\u00e9 o exemplo perfeito de como esse exerc\u00edcio se pode estender a quem chegar a casa, ligar a lareira, encher um copo de vinho e deixar-se levar pela perfei\u00e7\u00e3o criativa de <b>Miguel Dias<\/b> para conhecer melhor aqui:<\/div>\n<div style=\"font-family: Arial,Helvetica,sans-serif;text-align: justify\"><span style=\"font-size: small\">\u00a0<\/span><\/div>\n<div style=\"font-family: Arial,Helvetica,sans-serif;text-align: justify\">\n<div style=\"text-align: justify\"><span style=\"font-size: small\"><b>Eclectismo Musical (EM):<\/b> <b><span style=\"line-height: 115%\">Os Rose Blanket s\u00e3o o Miguel Dias, ou o Miguel Dias \u00e9 o Rose Blanket?\u00a0<\/span><\/b><\/span><\/div>\n<div style=\"text-align: justify\"><span style=\"font-size: small\"><span style=\"line-height: 115%\"><b>Rose Blanket:<\/b> De facto Rose Blanket \u00e9 um projecto marcadamente pessoal, isso \u00e9 claro, mas n\u00e3o se resume a mim, at\u00e9 porque cada pessoa que colabora e participa em Rose Blanket \u00e9 convidada a deixar algo de si. Poderei dizer que \u00e9 um espa\u00e7o onde tenho a oportunidade de me exprimir de uma forma livre e descomprometida e ainda de partilh\u00e1-lo com outras pessoas, m\u00fasicos e n\u00e3o s\u00f3.\u00a0<\/span><\/span><\/div>\n<div style=\"text-align: justify\"><\/div>\n<div style=\"text-align: justify\"><span style=\"font-size: small\"><b><span style=\"font-family: 'Arial','sans-serif';line-height: 115%\">EM: Assumindo desde logo que o palco n\u00e3o \u00e9 o local de elei\u00e7\u00e3o dos Rose Blanket (n\u00e3o est\u00e3o previstos concertos de apresenta\u00e7\u00e3o do novo \u00e1lbum), esse \u00e9 tamb\u00e9m um manifesto de que a m\u00fasica \u00e9 apenas pura frui\u00e7\u00e3o enquanto momento de cria\u00e7\u00e3o?<\/span><\/b><\/span><\/div>\n<div style=\"text-align: justify\"><span style=\"font-size: small\"><span style=\"font-family: 'Arial','sans-serif';line-height: 115%\"><b>Rose Blanket:<\/b> \u00c9 verdade que o processo de cria\u00e7\u00e3o e constru\u00e7\u00e3o \u00e9 o que me motiva nisto tudo. \u00c9 nisso que eu retiro prazer. Tendo sempre em perspectiva partilhar o(s) resultado(s) final(ais), sem criar expectativas de retorno.\u00a0<\/span><\/span><\/div>\n<div style=\"text-align: justify\"><\/div>\n<div style=\"text-align: justify\">\u00a0<img class=\"alignnone size-full wp-image-1456\" src=\"https:\/\/ecletismomusical.pt\/wp-content\/uploads\/2011\/11\/300x300.jpg\" alt=\"\" width=\"300\" height=\"300\" \/><\/div>\n<p><span style=\"font-size: small\">\u00a0<\/span><span style=\"font-size: small\"><b><span style=\"font-family: 'Arial','sans-serif';line-height: 115%\">EM: Atendendo \u00e0 excel\u00eancia de \u00abNothing Ahead\/Nothing Behind\u00bb, n\u00e3o ser\u00e1 um pouco um exerc\u00edcio de ego\u00edsmo, n\u00e3o o dar a conhecer a mais pessoas, atrav\u00e9s da divulga\u00e7\u00e3o via concertos?<\/span><\/b><\/span><\/p>\n<div style=\"text-align: justify\">\u00a0<span style=\"font-size: small\"><span style=\"font-family: 'Arial','sans-serif';line-height: 115%\"><b>Rose Blanket: <\/b>Gostava que n\u00e3o fosse assim entendido. At\u00e9 porque n\u00e3o coloco qualquer limita\u00e7\u00e3o em chegar ao maior n\u00famero de pessoas poss\u00edvel, sendo ali\u00e1s esse um claro objectivo p\u00f3s-cria\u00e7\u00e3o.<\/span><\/span><\/div>\n<div style=\"text-align: justify\">\n<p><span style=\"font-size: small\"><span style=\"font-family: 'Arial','sans-serif';line-height: 115%\">A verdade \u00e9 que o palco nunca foi um espa\u00e7o confort\u00e1vel para mim, nada funciona, n\u00e3o existe prazer. Gostava que assim n\u00e3o fosse mas mais importante que isso \u00e9 assumi-lo. E o facto \u00e9 que \u00e0 medida que se foi aproximando a altura de lan\u00e7ar o disco, cada vez era mais evidente que dentro de mim n\u00e3o havia genuinamente a vontade de o apresentar ao vivo. E haver concertos apenas porque \u00e9 suposto faz\u00ea-lo, ou porque permitiria um retorno financeiro importante, n\u00e3o me pareceram motiva\u00e7\u00f5es a ter em conta.<\/span><\/span><\/p>\n<div style=\"font-family: Arial,Helvetica,sans-serif;text-align: justify\"><span style=\"font-size: small\"><b><span style=\"line-height: 115%\">EM: Voltando ao prazer pelo prazer que a m\u00fasica parece representar, a op\u00e7\u00e3o pela edi\u00e7\u00e3o de um \u00e1lbum duplo, num momento em que se discute ao segundo o tempo que um disco dever\u00e1 ter, \u00e9 tamb\u00e9m um sinal de infinita indiferen\u00e7a pelos c\u00e2nones do mercado?<\/span><\/b><\/span><\/div>\n<div style=\"font-family: Arial,Helvetica,sans-serif;text-align: justify\"><\/div>\n<div style=\"font-family: Arial,Helvetica,sans-serif;text-align: justify\"><span style=\"font-size: small\"><span style=\"line-height: 115%\"><b>Rose Blanket: <\/b>N\u00e3o diria indiferen\u00e7a, porque n\u00e3o seria verdade, mas reivindico a possibilidade de me exprimir livremente. N\u00e3o estou totalmente alheio ao que se passa, tenho no\u00e7\u00e3o do absurdo que a edi\u00e7\u00e3o de um disco duplo nos dias de hoje e para um projecto pouco conhecido, possa representar, mas foi esse o resultado de um per\u00edodo de 3 anos e n\u00e3o assumi-lo ou ajustar a edi\u00e7\u00e3o ao que ser\u00e1 mais expect\u00e1vel e convencional, seria isso sim uma grande mentira. EM: O novo disco, na linha dos anteriores, apresenta um conjunto de in\u00fameras colabora\u00e7\u00f5es, com principal destaque para as vozes femininas. Como chegam at\u00e9 Rose Blanket, nomes como, Jennifer Charles, Dana Schechter, Petra Pais e principalmente Filipa Caetano?<\/span><\/span><\/div>\n<\/div>\n<div style=\"text-align: justify\">\n<div style=\"text-align: justify\"><\/div>\n<div style=\"text-align: justify\"><span style=\"font-size: small\"><span style=\"font-family: 'Arial','sans-serif';line-height: 115%\"><b>Rose Blanket:<\/b> Tinha um conjunto de temas que queria que a voz fosse feita por algu\u00e9m com quem ainda n\u00e3o tivesse trabalhado e numa perspectiva de uma colabora\u00e7\u00e3o totalmente livre, sem qualquer interfer\u00eancia minha ou outro qualquer constrangimento. Foi neste contexto que surgiram as participa\u00e7\u00f5es da Jennifer Charles e da Dana Schechter, em que obtive os contactos atrav\u00e9s de uma pessoa amiga e em que depois de enviar os temas, aceitaram sem qualquer problema.<\/span><\/span><\/div>\n<div style=\"text-align: justify\"><\/div>\n<div style=\"text-align: justify\"><\/div>\n<div style=\"text-align: justify\"><span style=\"font-size: small\"><span style=\"font-family: 'Arial','sans-serif';line-height: 115%\">J\u00e1 a Petra Pais repete a colabora\u00e7\u00e3o iniciada em \u201cOur Early Balloons\u201d, o disco anterior, e quanto \u00e0 Filipa Caetano, inicialmente apenas estava previsto ajudar-me a fazer umas demos das vozes que posteriormente serviriam de guia para uma outra pessoa gravar. Aconteceu que depois de gravar as primeiras demos, fiquei totalmente convencido que n\u00e3o precisava de outra voz. Embora tenha sido quase por acaso, a verdade \u00e9 que sendo a Filipa a minha companheira e a pessoa que eu amo, acabou por fazer imenso sentido ser ela a voz principal deste disco.<\/span><\/span><\/div>\n<div style=\"text-align: justify\"><\/div>\n<div style=\"text-align: justify\"><\/div>\n<div style=\"text-align: justify\"><span style=\"font-size: small\"><b><span style=\"font-family: 'Arial','sans-serif';line-height: 115%\">EM: \u00abNothing Ahead\/Nothing Behind\u00bb \u00e9 um \u00e1lbum duplo, tamb\u00e9m ele com uma duplicidade de emo\u00e7\u00f5es, por um lado apaguizador, perfeito para ouvir \u00e0 lareira a contemplar a chuva l\u00e1 fora, por outro lado, inquietante e desafiador na l\u00edrica. Foi este o processo de cria\u00e7\u00e3o?<\/span><\/b><\/span><\/div>\n<div style=\"text-align: justify\"><\/div>\n<div style=\"text-align: justify\"><span style=\"font-size: small\"><span style=\"font-family: 'Arial','sans-serif';line-height: 115%\"><b>Rose Blanket:<\/b> A palavra \u201cduplicidade\u201d que utilizas \u00e9 muito apropriada para descrever tudo o que se passa \u00e0 volta de Rose Blanket. \u00c9 mesmo a palavra exacta para falar de Rose Blanket. E se sinto que essa duplicidade existe e est\u00e1 bem patente na m\u00fasica que fa\u00e7o, \u00e9 porque certamente essa \u00e9 uma fonte de cria\u00e7\u00e3o, embora num processo absolutamente inconsciente.\u00a0\u00a0 <\/span><\/span><\/div>\n<div style=\"text-align: justify\"><\/div>\n<\/div>\n<p><span style=\"font-size: small\"><img class=\"alignnone size-medium wp-image-1457\" src=\"https:\/\/ecletismomusical.pt\/wp-content\/uploads\/2011\/11\/Rose_Blanket_-_20101104162821141.jpg\" alt=\"\" width=\"290\" height=\"290\" \/>\u00a0<\/span><\/p>\n<div style=\"text-align: justify\"><span style=\"font-size: small\"><b><span style=\"font-family: 'Arial','sans-serif';line-height: 115%\">EM: A prop\u00f3sito, qual consideras ser o \u00abestado d&#8217;arte\u00bb da m\u00fasica feita em Portugal?<\/span><\/b><\/span><\/div>\n<div style=\"text-align: justify\"><\/div>\n<div style=\"text-align: justify\"><span style=\"font-size: small\"><span style=\"font-family: 'Arial','sans-serif';line-height: 115%\">Desculpa se dou um pouco a volta \u00e0 quest\u00e3o, mas posso dizer que um outro aspecto positivo de andar nisto da m\u00fasica \u00e9 que acabo por ligar \u00e0 terra durante um tempo, e assim tomar conhecimento de muita coisa que se vai fazendo e n\u00e3o s\u00f3 em Portugal. \u00c9 bem poss\u00edvel que se n\u00e3o tivesse editado este disco, n\u00e3o teria conhecido por exemplo PAUS, de quem ouvi recentemente um tema (com v\u00eddeo) que achei absolutamente brilhante.<\/span><\/span><\/div>\n<div style=\"text-align: justify\"><\/div>\n<div style=\"line-height: normal;text-align: justify\"><span style=\"font-size: small\"><b><span style=\"font-family: 'Arial','sans-serif'\">EM: Nos tempos que correm, a Internet \u00e9 uma ferramenta incontorn\u00e1vel. Quais s\u00e3o os canais que utilizas de uma forma mais activa para comunicares com os teus f\u00e3s?<\/span><\/b><\/span><\/div>\n<div style=\"line-height: normal;text-align: justify\"><\/div>\n<div style=\"line-height: normal;text-align: justify\"><span style=\"font-size: small\"><span style=\"font-family: 'Arial','sans-serif'\"><b>Rose Blanket:<\/b> Rose Blanket tem um site <a href=\"http:\/\/www.roseblanket.net\/\">www.roseblanket.net<\/a>, onde ali\u00e1s de momento \u00e9 poss\u00edvel <a href=\"http:\/\/nic-nac-project.org\/~ruido\/roseblanket\/mp3\/Promo_Ep.zip\"><b>descarregar gratuitamente um conjunto de 7 temas<\/b><\/a> que est\u00e3o no disco.<\/span><\/span><\/div>\n<div style=\"line-height: normal;text-align: justify\"><span style=\"font-size: small\"><span style=\"font-family: 'Arial','sans-serif'\">Tamb\u00e9m existe <a href=\"http:\/\/www.myspace.com\/roseblanket\">www.myspace.com\/roseblanket<\/a> , criado por altura do disco anterior, mas pelo que tenho visto o myspace est\u00e1 morto e acabado.\u00a0<\/span><\/span><span style=\"font-family: Arial, sans-serif;font-size: small\">E estou sempre dispon\u00edvel para dar a conhecer Rose Blanket atrav\u00e9s de entrevistas como esta.<\/span><\/div>\n<\/div>\n<div><\/div>\n<div style=\"text-align: justify\"><span style=\"font-size: small\"><b><span style=\"font-family: 'Arial','sans-serif';line-height: 115%\">EM: Que nomes colocavas no teu &#8220;Festival Ideal&#8221;? (Vivos ou n\u00e3o)<\/span><\/b><\/span><\/div>\n<div style=\"text-align: justify\">\u00a0<span style=\"font-size: small\"><span style=\"font-family: 'Arial','sans-serif';line-height: 115%\"><b>Rose Blanket:<\/b> Entre os vivos ou bandas ainda em actividade, tive a sorte de j\u00e1 ter visto ao vivo aqueles que mais admiro, pelo que sendo poss\u00edvel recorrer \u00e0 ressurrei\u00e7\u00e3o, escolheria Velvet Underground, Beach Boys, The Beatles, Joy Division e Lhasa de Sela.\u00a0<\/span><\/span><\/div>\n<div style=\"text-align: justify\"><\/div>\n<div style=\"text-align: justify\"><span style=\"font-size: small\"><span style=\"font-family: 'Arial','sans-serif';line-height: 115%\">Num Festival de 3 dias, em Bel\u00e9m, dividido entre o CCB, os Jardins de Bel\u00e9m e at\u00e9 o Mosteiro dos Jer\u00f3nimos (para o concerto de Joy Division) e com uma pequena desloca\u00e7\u00e3o para o audit\u00f3rio Alfredo Keil no Monsanto para o concerto final dos Beach Boys.<\/span><\/span><\/div>\n<div style=\"text-align: justify\"><\/div>\n<div style=\"text-align: justify\"><span style=\"font-size: small\"><b><span style=\"font-family: 'Arial','sans-serif';line-height: 115%\">EM:Se tivesses que identificar os 5 melhores \u00e1lbuns de sempre, qual era a tua escolha? E porqu\u00ea?<\/span><\/b><\/span><\/div>\n<div style=\"text-align: justify\"><span style=\"font-size: small\"><span style=\"font-family: 'Arial','sans-serif';line-height: 115%\"><b>Rose Blanket:<\/b> N\u00e3o sei se ser\u00e3o propriamente os melhores, n\u00e3o pensei sobre isso, mas s\u00e3o aqueles que terei ouvido mais, que n\u00e3o h\u00e1 melhor indicador do que esse.<\/span><\/span><\/div>\n<div style=\"text-align: justify\"><\/div>\n<div style=\"text-align: justify\"><span style=\"font-size: small\"><span style=\"font-family: 'Arial','sans-serif';line-height: 115%\">Nick Cave \u2013 Boatman\u00b4s Call<\/span><\/span><\/div>\n<div style=\"text-align: justify\"><span style=\"font-size: small\"><span style=\"font-family: 'Arial','sans-serif';line-height: 115%\">Sonic Youth \u2013 Daydream Nation<\/span><\/span><\/div>\n<div style=\"text-align: justify\"><span style=\"font-size: small\"><span style=\"font-family: 'Arial','sans-serif';line-height: 115%\">Pixies \u2013 Doolittle<\/span><\/span><\/div>\n<div style=\"text-align: justify\"><span style=\"font-size: small\"><span style=\"font-family: 'Arial','sans-serif';line-height: 115%\">Jesus &amp; Mary Chain \u2013 Psychocandy<\/span><\/span><\/div>\n<div style=\"text-align: justify\"><span style=\"font-size: small\"><span style=\"font-family: 'Arial','sans-serif';line-height: 115%\">Velvet Underground &amp; Nico<\/span><\/span><\/div>\n<div style=\"text-align: justify\"><\/div>\n<div style=\"text-align: justify\"><span style=\"font-size: small\"><span style=\"font-family: 'Arial','sans-serif';line-height: 115%\">E acrescento uma descoberta recente, o absolutamente maravilhoso Pet Sounds dos Beach Boys.<\/span><\/span><\/div>\n<div style=\"text-align: justify\"><\/div>\n<div style=\"text-align: justify\"><span style=\"font-size: small\"><b><span style=\"font-family: 'Arial','sans-serif';line-height: 115%\">EM: Quais s\u00e3o os teus planos para os pr\u00f3ximos meses? Por onde andar\u00e1s?<\/span><\/b><\/span><\/div>\n<div style=\"text-align: justify\"><\/div>\n<div style=\"text-align: justify\"><span style=\"font-family: 'Arial','sans-serif';font-size: 10pt;line-height: 115%\"><span style=\"font-size: small\"><b>Rose Blanket: <\/b>Vou andar muito por casa certamente. Sempre com a minha guitarra ao meu lado. E j\u00e1 a pensar num pr\u00f3ximo trabalho, agora um pouco mais dif\u00edcil de concretizar, pois a op\u00e7\u00e3o de n\u00e3o realizar concertos saiu bem cara.<\/span><\/span><\/div>\n<div style=\"text-align: justify\"><\/div>\n<div style=\"text-align: justify\"><span style=\"font-family: 'Arial','sans-serif';font-size: 10pt;line-height: 115%\"><span style=\"font-size: small\">Agradecimento <a href=\"http:\/\/www.blogger.com\/goog_1867248924\">Let&#8217;s Start a Fire<\/a><\/span><\/span><\/div>\n<div style=\"text-align: justify\"><\/div>\n<div style=\"text-align: justify\"><span style=\"font-family: 'Arial','sans-serif';font-size: 10pt;line-height: 115%\"><span style=\"font-size: small\">Promo EP: <a href=\"http:\/\/nic-nac-project.org\/~ruido\/roseblanket\/mp3\/Promo_Ep.zip\">Download Aqui! <\/a><\/span> <\/span><\/div>","protected":false},"excerpt":{"rendered":"<p>Provando que nem sempre um m\u00fasico tem que ser um entertainer de massas, Rose Blanket, ou se preferirmos, Miguel Dias e os seus convidados, apresentam um dos melhores \u00e1lbuns do ano (\u201cNothing Ahead \/ Nothing Behind\u201d), um impens\u00e1vel (para os dias que correm), \u00e1lbum duplo, sem que esteja previsto (por op\u00e7\u00e3o) qualquer concerto! Miguel tem<\/p>","protected":false},"author":1,"featured_media":1775,"comment_status":"open","ping_status":"open","sticky":false,"template":"","format":"standard","meta":[],"categories":[25],"tags":[52],"_links":{"self":[{"href":"https:\/\/www.ecletismomusical.pt\/en\/wp-json\/wp\/v2\/posts\/329"}],"collection":[{"href":"https:\/\/www.ecletismomusical.pt\/en\/wp-json\/wp\/v2\/posts"}],"about":[{"href":"https:\/\/www.ecletismomusical.pt\/en\/wp-json\/wp\/v2\/types\/post"}],"author":[{"embeddable":true,"href":"https:\/\/www.ecletismomusical.pt\/en\/wp-json\/wp\/v2\/users\/1"}],"replies":[{"embeddable":true,"href":"https:\/\/www.ecletismomusical.pt\/en\/wp-json\/wp\/v2\/comments?post=329"}],"version-history":[{"count":5,"href":"https:\/\/www.ecletismomusical.pt\/en\/wp-json\/wp\/v2\/posts\/329\/revisions"}],"predecessor-version":[{"id":5457,"href":"https:\/\/www.ecletismomusical.pt\/en\/wp-json\/wp\/v2\/posts\/329\/revisions\/5457"}],"wp:featuredmedia":[{"embeddable":true,"href":"https:\/\/www.ecletismomusical.pt\/en\/wp-json\/wp\/v2\/media\/1775"}],"wp:attachment":[{"href":"https:\/\/www.ecletismomusical.pt\/en\/wp-json\/wp\/v2\/media?parent=329"}],"wp:term":[{"taxonomy":"category","embeddable":true,"href":"https:\/\/www.ecletismomusical.pt\/en\/wp-json\/wp\/v2\/categories?post=329"},{"taxonomy":"post_tag","embeddable":true,"href":"https:\/\/www.ecletismomusical.pt\/en\/wp-json\/wp\/v2\/tags?post=329"}],"curies":[{"name":"wp","href":"https:\/\/api.w.org\/{rel}","templated":true}]}}