{"id":333,"date":"2011-10-03T20:19:00","date_gmt":"2011-10-03T20:19:00","guid":{"rendered":"https:\/\/ecletismomusical.pt\/new-album-stream-ryan-adams-ashes-fire\/"},"modified":"2011-10-03T20:19:00","modified_gmt":"2011-10-03T20:19:00","slug":"new-album-stream-ryan-adams-ashes-fire","status":"publish","type":"post","link":"https:\/\/www.ecletismomusical.pt\/en\/new-album-stream-ryan-adams-ashes-fire\/","title":{"rendered":"[New Album Stream] Ryan Adams &#8211; Ashes &#038; Fire"},"content":{"rendered":"<div style=\"clear: both;text-align: center\"><a href=\"http:\/\/1.bp.blogspot.com\/-_QBoivs8awg\/Tonw3_HWG_I\/AAAAAAAAAOA\/74qv6gnjqAc\/s1600\/Ryan-Adams-Ashes-Fire-648x648.jpg\" style=\"clear: left;float: left;margin-bottom: 1em;margin-right: 1em\"><img height=\"400\" src=\"http:\/\/1.bp.blogspot.com\/-_QBoivs8awg\/Tonw3_HWG_I\/AAAAAAAAAOA\/74qv6gnjqAc\/s400\/Ryan-Adams-Ashes-Fire-648x648.jpg\" width=\"400\" \/><\/a><\/div>\n<p><\/p>\n<div style=\"text-align: justify\"><span style=\"font-family: Arial,Helvetica,sans-serif\"><\/p>\n<p>J\u00e1 \u00e9 poss\u00edvel ouvir na \u00edntegra o novo \u00e1lbum de <a href=\"http:\/\/paxamrecords.com\/\"><b>Ryan Adams<\/b><\/a>. Com edi\u00e7\u00e3o f\u00edsica a <b>11 de Outubro<\/b>, <b>\u00abAshes &amp; Fire\u00bb<\/b> \u00e9 um dos melhores momentos da prof\u00edcua carreira de Adams. Um \u00e1lbum para fazer parte das listas dos melhores do ano!  <\/span><\/div>\n<p><\/p>\n<div style=\"text-align: center\"><\/div>","protected":false},"excerpt":{"rendered":"<p>J\u00e1 \u00e9 poss\u00edvel ouvir na \u00edntegra o novo \u00e1lbum de Ryan Adams. Com edi\u00e7\u00e3o f\u00edsica a 11 de Outubro, \u00abAshes &amp; Fire\u00bb \u00e9 um dos melhores momentos da prof\u00edcua carreira de Adams. Um \u00e1lbum para fazer parte das listas dos melhores do ano!<\/p>","protected":false},"author":1,"featured_media":0,"comment_status":"open","ping_status":"open","sticky":false,"template":"","format":"standard","meta":[],"categories":[1],"tags":[],"_links":{"self":[{"href":"https:\/\/www.ecletismomusical.pt\/en\/wp-json\/wp\/v2\/posts\/333"}],"collection":[{"href":"https:\/\/www.ecletismomusical.pt\/en\/wp-json\/wp\/v2\/posts"}],"about":[{"href":"https:\/\/www.ecletismomusical.pt\/en\/wp-json\/wp\/v2\/types\/post"}],"author":[{"embeddable":true,"href":"https:\/\/www.ecletismomusical.pt\/en\/wp-json\/wp\/v2\/users\/1"}],"replies":[{"embeddable":true,"href":"https:\/\/www.ecletismomusical.pt\/en\/wp-json\/wp\/v2\/comments?post=333"}],"version-history":[{"count":0,"href":"https:\/\/www.ecletismomusical.pt\/en\/wp-json\/wp\/v2\/posts\/333\/revisions"}],"wp:attachment":[{"href":"https:\/\/www.ecletismomusical.pt\/en\/wp-json\/wp\/v2\/media?parent=333"}],"wp:term":[{"taxonomy":"category","embeddable":true,"href":"https:\/\/www.ecletismomusical.pt\/en\/wp-json\/wp\/v2\/categories?post=333"},{"taxonomy":"post_tag","embeddable":true,"href":"https:\/\/www.ecletismomusical.pt\/en\/wp-json\/wp\/v2\/tags?post=333"}],"curies":[{"name":"wp","href":"https:\/\/api.w.org\/{rel}","templated":true}]}}