{"id":3344,"date":"2018-10-15T11:21:21","date_gmt":"2018-10-15T10:21:21","guid":{"rendered":"https:\/\/www.ecletismomusical.pt\/?p=3344"},"modified":"2018-10-15T11:23:27","modified_gmt":"2018-10-15T10:23:27","slug":"new-single-sam-the-kid-sendo-assim","status":"publish","type":"post","link":"https:\/\/www.ecletismomusical.pt\/en\/new-single-sam-the-kid-sendo-assim\/","title":{"rendered":"[New Single] SAM THE KID &#8211; Sendo Assim"},"content":{"rendered":"<p><iframe src=\"https:\/\/www.youtube.com\/embed\/COUNh6qTGAg\" width=\"560\" height=\"315\" frameborder=\"0\" allowfullscreen=\"allowfullscreen\"><\/iframe><\/p>\n<p><span style=\"font-family: verdana, geneva, sans-serif\">Depois do regresso de Valete (e da sua dedicat\u00f3ria ao Sam), oportunidade para voltar a ouvir o Mestre do Hip Hop tuga a dar uma li\u00e7\u00e3o de rimas!<\/span><\/p>\n<p><span style=\"font-family: verdana, geneva, sans-serif\">Barras, atr\u00e1s de barras, cheias de conte\u00fado e de verdade. Instant classic para &#8220;toda a gente que ouve sons mais do que uma vez!&#8221;<\/span><\/p>\n<p><span style=\"font-family: verdana, geneva, sans-serif\">&#8220;Eu vim da arte da rima s\u00e9ria, quando o clima era intenso. Uma era linda quando ainda ningu\u00e9m ria por extenso&#8221;<\/span><\/p>\n<p><span style=\"font-family: verdana, geneva, sans-serif\">Novo \u00e1lbum <strong>\u00abMechelas\u00bb<\/strong> dispon\u00edvel para compra em formato f\u00edsico aqui:\u00a0<strong>https:\/\/loja.tvchelas.com\/produto\/cd-mechelas\/<\/strong><\/span><\/p>","protected":false},"excerpt":{"rendered":"<p>Depois do regresso de Valete (e da sua dedicat\u00f3ria ao Sam), oportunidade para voltar a ouvir o Mestre do Hip Hop tuga a dar uma li\u00e7\u00e3o de rimas! Barras, atr\u00e1s de barras, cheias de conte\u00fado e de verdade. Instant classic para &#8220;toda a gente que ouve sons mais do que uma vez!&#8221; &#8220;Eu vim da<\/p>","protected":false},"author":3,"featured_media":3345,"comment_status":"open","ping_status":"open","sticky":false,"template":"","format":"video","meta":[],"categories":[26],"tags":[160,87,161,159],"_links":{"self":[{"href":"https:\/\/www.ecletismomusical.pt\/en\/wp-json\/wp\/v2\/posts\/3344"}],"collection":[{"href":"https:\/\/www.ecletismomusical.pt\/en\/wp-json\/wp\/v2\/posts"}],"about":[{"href":"https:\/\/www.ecletismomusical.pt\/en\/wp-json\/wp\/v2\/types\/post"}],"author":[{"embeddable":true,"href":"https:\/\/www.ecletismomusical.pt\/en\/wp-json\/wp\/v2\/users\/3"}],"replies":[{"embeddable":true,"href":"https:\/\/www.ecletismomusical.pt\/en\/wp-json\/wp\/v2\/comments?post=3344"}],"version-history":[{"count":1,"href":"https:\/\/www.ecletismomusical.pt\/en\/wp-json\/wp\/v2\/posts\/3344\/revisions"}],"predecessor-version":[{"id":3346,"href":"https:\/\/www.ecletismomusical.pt\/en\/wp-json\/wp\/v2\/posts\/3344\/revisions\/3346"}],"wp:featuredmedia":[{"embeddable":true,"href":"https:\/\/www.ecletismomusical.pt\/en\/wp-json\/wp\/v2\/media\/3345"}],"wp:attachment":[{"href":"https:\/\/www.ecletismomusical.pt\/en\/wp-json\/wp\/v2\/media?parent=3344"}],"wp:term":[{"taxonomy":"category","embeddable":true,"href":"https:\/\/www.ecletismomusical.pt\/en\/wp-json\/wp\/v2\/categories?post=3344"},{"taxonomy":"post_tag","embeddable":true,"href":"https:\/\/www.ecletismomusical.pt\/en\/wp-json\/wp\/v2\/tags?post=3344"}],"curies":[{"name":"wp","href":"https:\/\/api.w.org\/{rel}","templated":true}]}}