{"id":3363,"date":"2018-10-16T12:30:48","date_gmt":"2018-10-16T11:30:48","guid":{"rendered":"https:\/\/www.ecletismomusical.pt\/?p=3363"},"modified":"2018-10-16T12:30:48","modified_gmt":"2018-10-16T11:30:48","slug":"entrevista-lince","status":"publish","type":"post","link":"https:\/\/www.ecletismomusical.pt\/en\/entrevista-lince\/","title":{"rendered":"[Entrevista] LINCE"},"content":{"rendered":"<p><span style=\"font-family: verdana, geneva, sans-serif\">O <strong>Ecletismo Musica<\/strong><\/span><strong><span style=\"font-family: verdana, geneva, sans-serif\">l<\/span><\/strong><span style=\"font-family: verdana, geneva, sans-serif\">\u00a0teve desta vez oportunidade de ficar a conhecer melhor Sofia Ribeiro e o seu projecto <\/span><a href=\"https:\/\/www.facebook.com\/lincemusic\/\"><strong style=\"font-family: verdana, geneva, sans-serif\">LINCE<\/strong><\/a><span style=\"font-family: verdana, geneva, sans-serif\">. Depois de uma audi\u00e7\u00e3o cuidada ao \u00e1lbum de estreia &#8211; <\/span><strong style=\"font-family: verdana, geneva, sans-serif\">&#8220;Hold to Gold&#8221;<\/strong><span style=\"font-family: verdana, geneva, sans-serif\"> &#8211; que tem edi\u00e7\u00e3o marcada para o pr\u00f3ximo dia\u00a0<\/span><strong style=\"font-family: verdana, geneva, sans-serif\">19 de Outubro (Concerto de apresenta\u00e7\u00e3o nesse dia no Musicbox, em Lisboa e, j\u00e1 amanh\u00e3, 17\/10, no Maus H\u00e1bitos, no Porto)<\/strong><span style=\"font-family: verdana, geneva, sans-serif\">, fica a certeza de que a do\u00e7ura, o bom gosto e talento demonstrado ir\u00e3o fazer de <strong>LINCE<\/strong> um nome a reter, e que, daqui a algum tempo, os <strong>We Trust<\/strong> passar\u00e3o a ser aquela banda que tinha LINCE nas teclas!<\/span><\/p>\n<p><img class=\"alignnone wp-image-3365\" src=\"https:\/\/www.ecletismomusical.pt\/wp-content\/uploads\/2018\/10\/LjJl6exg.jpeg\" alt=\"\" width=\"770\" height=\"471\" srcset=\"https:\/\/www.ecletismomusical.pt\/wp-content\/uploads\/2018\/10\/LjJl6exg.jpeg 1280w, https:\/\/www.ecletismomusical.pt\/wp-content\/uploads\/2018\/10\/LjJl6exg-300x184.jpeg 300w, https:\/\/www.ecletismomusical.pt\/wp-content\/uploads\/2018\/10\/LjJl6exg-768x470.jpeg 768w, https:\/\/www.ecletismomusical.pt\/wp-content\/uploads\/2018\/10\/LjJl6exg-1024x627.jpeg 1024w\" \/><\/p>\n<p><span style=\"font-family: verdana, geneva, sans-serif\"><strong>EM: Ol\u00e1 Sofia, quem \u00e9 Lince? J\u00e1 existia antes de We Trust? Porqu\u00ea fazer m\u00fasica? Onde tudo come\u00e7ou?<\/strong><\/span><\/p>\n<p><span style=\"font-family: verdana, geneva, sans-serif\"><strong>LINCE:<\/strong> Ol\u00e1! Lince \u00e9 uma parte da Sofia. Uma parte significativa dela que existe h\u00e1 muito tempo mas s\u00f3 h\u00e1 pouco ganhou forma.<\/span><\/p>\n<p><span style=\"font-family: verdana, geneva, sans-serif\">J\u00e1 existia antes de WE TRUST. Eu comecei a compor j\u00e1 antes de fazer parte da banda mas fui amadurecendo e deixando-me crescer musicalmente antes de lan\u00e7ar qualquer coisa composta por mim.<\/span><\/p>\n<p><span style=\"font-family: verdana, geneva, sans-serif\">Fazer m\u00fasica vem naturalmente, com uma necessidade de registar as ideias mel\u00f3dicas e l\u00edricas que tenho. N\u00e3o sei bem como tudo come\u00e7ou. Senti que foi um processo gradual. Primeiro por gostar de cantar, depois com a necessidade de aprender um instrumento e tudo se foi desenrolando a partir da\u00ed. Agora n\u00e3o me sento ao piano sen\u00e3o para compor algo.<\/span><\/p>\n<p><iframe src=\"https:\/\/www.youtube.com\/embed\/iIxgG7ONwNk\" width=\"560\" height=\"315\" frameborder=\"0\" allowfullscreen=\"allowfullscreen\"><\/iframe><\/p>\n<p><span style=\"font-family: verdana, geneva, sans-serif\"><strong>EM: A m\u00fasica ainda \u00e9 apenas um side job ou \u00e9 a tua vida a full time?<\/strong><\/span><\/p>\n<p><span style=\"font-family: verdana, geneva, sans-serif\"><strong>LINCE:<\/strong> Nunca tive s\u00f3 uma atividade na vida. Gosto de fazer v\u00e1rias coisas ao mesmo tempo. Acho que umas funcionam como um escape das outras, ou quase um descanso, como se dessem o tempo de dist\u00e2ncia suficiente para depois voltar com a cabe\u00e7a livre.<\/span><\/p>\n<p><span style=\"font-family: verdana, geneva, sans-serif\">Assim, \u00e9 um dos trabalhos que tenho. Tamb\u00e9m dan\u00e7o, dou aulas de dan\u00e7a, estou ligada \u00e0s artes performativas e pl\u00e1sticas. Recentemente envolvi-me num projeto familiar ligado \u00e0 do\u00e7aria, onde desenvolvo um trabalho criativo.<\/span><\/p>\n<p><span style=\"font-family: verdana, geneva, sans-serif\"><strong>EM: Sentes que est\u00e1s ainda no processo de \u201cliberta\u00e7\u00e3o das teclas\u201d e a aprender a assumir o papel de frontwoman? Parece-te que a sensibilidade e do\u00e7ura das tuas can\u00e7\u00f5es, enquanto reflexo da tua personalidade, podem dificultar esse processo?<\/strong><\/span><\/p>\n<p><span style=\"font-family: verdana, geneva, sans-serif\"><strong>LINCE:<\/strong> N\u00e3o sinto isso. Eu sempre fui mais vocalista do que instrumentista. Acho que tive de me adaptar a estar concentrada nas teclas, quando entrei para WE TRUST.<\/span><\/p>\n<p><span style=\"font-family: verdana, geneva, sans-serif\">A quest\u00e3o agora \u00e9 que assumo o projeto por completo e isso \u00e9 bastante exigente. Toco sozinha em palco e \u00e0s vezes o estar concentrada em tudo o que diz respeito \u00e0 m\u00fasica pode dificultar o contacto com o p\u00fablico. E sim, as minhas m\u00fasicas n\u00e3o s\u00e3o propriamente m\u00fasicas que ponham o p\u00fablico a saltar, a energia \u00e9 outra. Mas nos concertos procuro sempre quebrar isso e interagir com as pessoas.<\/span><\/p>\n<p><span style=\"font-family: verdana, geneva, sans-serif\">Sempre estive confort\u00e1vel em palco e adoro sentir o que cada p\u00fablico nos d\u00e1. \u00c9 diferente em cada concerto.<\/span><\/p>\n<p><iframe src=\"https:\/\/www.youtube.com\/embed\/K2Y8SA_-BmQ\" width=\"560\" height=\"315\" frameborder=\"0\" allowfullscreen=\"allowfullscreen\"><\/iframe><\/p>\n<p><span style=\"font-family: verdana, geneva, sans-serif\"><strong>EM: Um ano depois do EP Drops, para quando o primeiro \u00e1lbum de originais?<\/strong><\/span><\/p>\n<p><span style=\"font-family: verdana, geneva, sans-serif\"><strong>LINCE:<\/strong> O primeiro \u00e1lbum est\u00e1 quase quase a sair. Chama-se Hold To Gold e sair\u00e1 j\u00e1 no pr\u00f3ximo m\u00eas de Outubro. [<strong>Nota do Editor:<\/strong> O \u00c1lbum \u00e9 editado a <strong>19 de Outubro<\/strong>]<\/span><\/p>\n<p><span style=\"font-family: verdana, geneva, sans-serif\"><strong>EM: No teu processo criativo, de onde surgem as letras? S\u00e3o maioritariamente autobiogr\u00e1ficas? <\/strong><\/span><\/p>\n<p><span style=\"font-family: verdana, geneva, sans-serif\"><strong>LINCE:<\/strong> S\u00e3o maioritariamente autobiogr\u00e1ficas. Surgem sempre de momentos, epis\u00f3dios da minha vida. Muitas vezes como met\u00e1foras outras vezes mais realistas. Quase sempre sento-me ao piano, come\u00e7o uma melodia e ela sai acompanhada por uma frase que a retrata. Desenvolvo a m\u00fasica a partir da\u00ed.<\/span><\/p>\n<p><iframe src=\"https:\/\/www.youtube.com\/embed\/P3ZhZ2ZdToE\" width=\"560\" height=\"315\" frameborder=\"0\" allowfullscreen=\"allowfullscreen\"><\/iframe><\/p>\n<p><span style=\"font-family: verdana, geneva, sans-serif\"><strong>EM: Achas que a pop eletr\u00f3nica em portugu\u00eas n\u00e3o resulta? Tens alguma coisa em portugu\u00eas que ainda ningu\u00e9m tenha ouvido?<\/strong><\/span><\/p>\n<p><span style=\"font-family: verdana, geneva, sans-serif\"><strong>LINCE:<\/strong> N\u00e3o acho nada isso. Acho que qualquer tipo de m\u00fasica pode resultar em qualquer l\u00edngua.<\/span><\/p>\n<p><span style=\"font-family: verdana, geneva, sans-serif\">J\u00e1 escrevi algumas coisa em portugu\u00eas mas n\u00e3o o desenvolvi para m\u00fasica. Pode ser que isso aconte\u00e7a um dia. N\u00e3o sou daquelas pessoas que se prende a uma coisa e que n\u00e3o pensa sequer na possibilidade de mudar.<\/span><\/p>\n<p><span style=\"font-family: verdana, geneva, sans-serif\">Habituei-me a ouvir musica em ingl\u00eas e isso surgiu tamb\u00e9m na minha m\u00fasica. A linguagem principal, para mim, \u00e9 a m\u00fasica.<\/span><\/p>\n<p><span style=\"font-family: verdana, geneva, sans-serif\"><strong>EM: A prop\u00f3sito, qual consideras ser o \u00abestado d\u2019arte\u00bb da m\u00fasica feita em Portugal?<\/strong><\/span><\/p>\n<p><span style=\"font-family: verdana, geneva, sans-serif\"><strong>LINCE:<\/strong> Acho que a m\u00fasica em Portugal tem crescido muito bem a um bom ritmo. H\u00e1 muita coisa boa a ser feita. M\u00fasicas de v\u00e1rios g\u00e9neros e de grande qualidade tem surgido por todo o pa\u00eds e h\u00e1 cada vez mais espa\u00e7o para que todos consigam mostrar o que fazem.<\/span><\/p>\n<p><span style=\"font-family: verdana, geneva, sans-serif\">Est\u00e1 tudo facilmente acess\u00edvel a todos e, claro, estamos numa \u00e9poca de ouro no que diz respeito \u00e0 divulga\u00e7\u00e3o.<\/span><\/p>\n<p><iframe src=\"https:\/\/www.youtube.com\/embed\/hHMD54qj_B4\" width=\"560\" height=\"315\" frameborder=\"0\" allowfullscreen=\"allowfullscreen\"><\/iframe><\/p>\n<p><span style=\"font-family: verdana, geneva, sans-serif\"><strong>EM: Que nomes colocavas no teu \u201cFestival Ideal\u201d? (Vivos ou n\u00e3o)<\/strong><\/span><\/p>\n<p><span style=\"font-family: verdana, geneva, sans-serif\">Jeff Buckley; James Blake; Nils Frahm; Beatles;\u00a0Nina Simone;\u00a0Jungle;\u00a0Pink Floyd; Sufjan Stevens<\/span><\/p>\n<p><span style=\"font-family: verdana, geneva, sans-serif\"><strong>EM: Se tivesses que identificar os 5 melhores \u00e1lbuns de sempre, qual era a tua escolha? E porqu\u00ea?<\/strong><\/span><\/p>\n<p><span style=\"font-family: verdana, geneva, sans-serif\">N\u00e3o consigo identificar os melhores \u00e1lbuns de sempre. A \u00fanica coisa que consigo fazer \u00e9 enunciar \u00e1lbuns ou obras que me marcaram de alguma forma.<\/span><\/p>\n<p><img class=\"alignnone wp-image-3367\" src=\"https:\/\/www.ecletismomusical.pt\/wp-content\/uploads\/2018\/10\/51UnNioHkrL._SY355_.jpg\" alt=\"\" width=\"174\" height=\"176\" srcset=\"https:\/\/www.ecletismomusical.pt\/wp-content\/uploads\/2018\/10\/51UnNioHkrL._SY355_.jpg 351w, https:\/\/www.ecletismomusical.pt\/wp-content\/uploads\/2018\/10\/51UnNioHkrL._SY355_-297x300.jpg 297w\" \/><img class=\"alignnone wp-image-3368\" src=\"https:\/\/www.ecletismomusical.pt\/wp-content\/uploads\/2018\/10\/DISCOS-241-DEBUSSY.jpg\" alt=\"\" width=\"175\" height=\"175\" srcset=\"https:\/\/www.ecletismomusical.pt\/wp-content\/uploads\/2018\/10\/DISCOS-241-DEBUSSY.jpg 500w, https:\/\/www.ecletismomusical.pt\/wp-content\/uploads\/2018\/10\/DISCOS-241-DEBUSSY-150x150.jpg 150w, https:\/\/www.ecletismomusical.pt\/wp-content\/uploads\/2018\/10\/DISCOS-241-DEBUSSY-300x300.jpg 300w\" \/><img class=\"alignnone wp-image-3369\" src=\"https:\/\/www.ecletismomusical.pt\/wp-content\/uploads\/2018\/10\/4251513964853_500W_500H.jpg\" alt=\"\" width=\"175\" height=\"175\" srcset=\"https:\/\/www.ecletismomusical.pt\/wp-content\/uploads\/2018\/10\/4251513964853_500W_500H.jpg 500w, https:\/\/www.ecletismomusical.pt\/wp-content\/uploads\/2018\/10\/4251513964853_500W_500H-150x150.jpg 150w, https:\/\/www.ecletismomusical.pt\/wp-content\/uploads\/2018\/10\/4251513964853_500W_500H-300x300.jpg 300w\" \/><\/p>\n<p><span style=\"font-family: verdana, geneva, sans-serif\">H\u00e1 as sinfonias de <strong>Beethoven<\/strong>, como a 7, que me marcaram e me fazem l\u00e1 voltar de vez em quando. Obras de <strong>Satie ou Debussy<\/strong>, que me inspiraram desde o momento em que as ouvi, principalmente na fase em que comecei a tocar piano.<\/span><\/p>\n<p><img class=\"alignnone wp-image-3370\" src=\"https:\/\/www.ecletismomusical.pt\/wp-content\/uploads\/2018\/10\/51BmfdfBBL._SX466_.jpg\" alt=\"\" width=\"175\" height=\"175\" srcset=\"https:\/\/www.ecletismomusical.pt\/wp-content\/uploads\/2018\/10\/51BmfdfBBL._SX466_.jpg 466w, https:\/\/www.ecletismomusical.pt\/wp-content\/uploads\/2018\/10\/51BmfdfBBL._SX466_-150x150.jpg 150w, https:\/\/www.ecletismomusical.pt\/wp-content\/uploads\/2018\/10\/51BmfdfBBL._SX466_-300x300.jpg 300w\" \/><img class=\"alignnone wp-image-3371\" src=\"https:\/\/www.ecletismomusical.pt\/wp-content\/uploads\/2018\/10\/Incubus_-_Morning_View.jpg\" alt=\"\" width=\"174\" height=\"175\" srcset=\"https:\/\/www.ecletismomusical.pt\/wp-content\/uploads\/2018\/10\/Incubus_-_Morning_View.jpg 500w, https:\/\/www.ecletismomusical.pt\/wp-content\/uploads\/2018\/10\/Incubus_-_Morning_View-150x150.jpg 150w, https:\/\/www.ecletismomusical.pt\/wp-content\/uploads\/2018\/10\/Incubus_-_Morning_View-300x300.jpg 300w\" \/> <img class=\"alignnone wp-image-3372\" src=\"https:\/\/www.ecletismomusical.pt\/wp-content\/uploads\/2018\/10\/A_Crow_Left_of_the_Murder....jpg\" alt=\"\" width=\"173\" height=\"174\" srcset=\"https:\/\/www.ecletismomusical.pt\/wp-content\/uploads\/2018\/10\/A_Crow_Left_of_the_Murder....jpg 500w, https:\/\/www.ecletismomusical.pt\/wp-content\/uploads\/2018\/10\/A_Crow_Left_of_the_Murder...-150x150.jpg 150w, https:\/\/www.ecletismomusical.pt\/wp-content\/uploads\/2018\/10\/A_Crow_Left_of_the_Murder...-300x300.jpg 300w\" \/><\/p>\n<p><span style=\"font-family: verdana, geneva, sans-serif\">Depois lembro-me do \u00e1lbum <strong>Grace de Jeff Buckley<\/strong>, que me acompanhou por longas horas, ou o <strong>Morning View e o A Crow Left Of The Murder, de Incubus<\/strong>, na adolesc\u00eancia, que fizeram parte dos meus primeiros anos na m\u00fasica.<\/span><\/p>\n<p><img class=\"alignnone wp-image-3373\" src=\"https:\/\/www.ecletismomusical.pt\/wp-content\/uploads\/2018\/10\/transferir.jpg\" alt=\"\" width=\"192\" height=\"192\" srcset=\"https:\/\/www.ecletismomusical.pt\/wp-content\/uploads\/2018\/10\/transferir.jpg 225w, https:\/\/www.ecletismomusical.pt\/wp-content\/uploads\/2018\/10\/transferir-150x150.jpg 150w\" \/><img class=\"alignnone wp-image-3374\" src=\"https:\/\/www.ecletismomusical.pt\/wp-content\/uploads\/2018\/10\/jungle_for-ever.jpg\" alt=\"\" width=\"192\" height=\"192\" srcset=\"https:\/\/www.ecletismomusical.pt\/wp-content\/uploads\/2018\/10\/jungle_for-ever.jpg 320w, https:\/\/www.ecletismomusical.pt\/wp-content\/uploads\/2018\/10\/jungle_for-ever-150x150.jpg 150w, https:\/\/www.ecletismomusical.pt\/wp-content\/uploads\/2018\/10\/jungle_for-ever-300x300.jpg 300w\" \/><\/p>\n<p><span style=\"font-family: verdana, geneva, sans-serif\">Atualmente, todo o trabalho de <strong>Sufjan Stevens<\/strong>, destacando o <strong>Carrie and Lowel<\/strong>, ou o novo disco de <strong>Jungle<\/strong>, s\u00e3o presen\u00e7as constantes na minha vida.<\/span><\/p>\n<p><span style=\"font-family: verdana, geneva, sans-serif\"><strong>EM: Quais s\u00e3o os teus planos para os pr\u00f3ximos meses? Por onde ir\u00e1s andar?<\/strong><\/span><\/p>\n<p><span style=\"font-family: verdana, geneva, sans-serif\"><strong>LINCE:<\/strong> Nos pr\u00f3ximos meses vou estar a apresentar o meu disco de estreia. Conto chegar a v\u00e1rios pontos do pa\u00eds com ele. Para come\u00e7ar tenho concertos de apresenta\u00e7\u00e3o no Porto, dia 17 de outubro, e em Lisboa, dia 19 de outubro.<\/span><\/p>\n<p><span style=\"font-family: verdana, geneva, sans-serif\"><strong>Obrigado LINCE e muito sucesso!<\/strong><\/span><\/p>\n<p><span style=\"font-family: verdana, geneva, sans-serif\"><strong>Agradecimento Especial:<\/strong><\/span><br \/>\n<span style=\"font-family: verdana, geneva, sans-serif\"><a href=\"http:\/\/www.facebook.com\/soniaramospress\">S\u00f3nia Ramos\u00a0<\/a><\/p>\n<p><strong>Fotos:<\/strong>\u00a0Hugo Domingues<\/span><\/p>","protected":false},"excerpt":{"rendered":"<p>O Ecletismo Musical\u00a0teve desta vez oportunidade de ficar a conhecer melhor Sofia Ribeiro e o seu projecto LINCE. Depois de uma audi\u00e7\u00e3o cuidada ao \u00e1lbum de estreia &#8211; &#8220;Hold to Gold&#8221; &#8211; que tem edi\u00e7\u00e3o marcada para o pr\u00f3ximo dia\u00a019 de Outubro (Concerto de apresenta\u00e7\u00e3o nesse dia no Musicbox, em Lisboa e, j\u00e1 amanh\u00e3, 17\/10,<\/p>","protected":false},"author":3,"featured_media":3364,"comment_status":"open","ping_status":"open","sticky":false,"template":"","format":"video","meta":[],"categories":[25],"tags":[52,340,330],"_links":{"self":[{"href":"https:\/\/www.ecletismomusical.pt\/en\/wp-json\/wp\/v2\/posts\/3363"}],"collection":[{"href":"https:\/\/www.ecletismomusical.pt\/en\/wp-json\/wp\/v2\/posts"}],"about":[{"href":"https:\/\/www.ecletismomusical.pt\/en\/wp-json\/wp\/v2\/types\/post"}],"author":[{"embeddable":true,"href":"https:\/\/www.ecletismomusical.pt\/en\/wp-json\/wp\/v2\/users\/3"}],"replies":[{"embeddable":true,"href":"https:\/\/www.ecletismomusical.pt\/en\/wp-json\/wp\/v2\/comments?post=3363"}],"version-history":[{"count":2,"href":"https:\/\/www.ecletismomusical.pt\/en\/wp-json\/wp\/v2\/posts\/3363\/revisions"}],"predecessor-version":[{"id":3376,"href":"https:\/\/www.ecletismomusical.pt\/en\/wp-json\/wp\/v2\/posts\/3363\/revisions\/3376"}],"wp:featuredmedia":[{"embeddable":true,"href":"https:\/\/www.ecletismomusical.pt\/en\/wp-json\/wp\/v2\/media\/3364"}],"wp:attachment":[{"href":"https:\/\/www.ecletismomusical.pt\/en\/wp-json\/wp\/v2\/media?parent=3363"}],"wp:term":[{"taxonomy":"category","embeddable":true,"href":"https:\/\/www.ecletismomusical.pt\/en\/wp-json\/wp\/v2\/categories?post=3363"},{"taxonomy":"post_tag","embeddable":true,"href":"https:\/\/www.ecletismomusical.pt\/en\/wp-json\/wp\/v2\/tags?post=3363"}],"curies":[{"name":"wp","href":"https:\/\/api.w.org\/{rel}","templated":true}]}}