{"id":3395,"date":"2018-10-22T13:57:44","date_gmt":"2018-10-22T12:57:44","guid":{"rendered":"https:\/\/www.ecletismomusical.pt\/?p=3395"},"modified":"2018-10-22T13:58:51","modified_gmt":"2018-10-22T12:58:51","slug":"new-single-stereossauro-ft-camane-flor-de-maracuja","status":"publish","type":"post","link":"https:\/\/www.ecletismomusical.pt\/en\/new-single-stereossauro-ft-camane-flor-de-maracuja\/","title":{"rendered":"[New Single] Stereossauro Ft. Caman\u00e9 &#8211; Flor de Maracuj\u00e1"},"content":{"rendered":"<p><iframe src=\"https:\/\/www.youtube.com\/embed\/gy0pUfh1X78\" width=\"560\" height=\"315\" frameborder=\"0\" allowfullscreen=\"allowfullscreen\"><\/iframe><\/p>\n<p><span style=\"font-family: verdana, geneva, sans-serif\">&#8220;Flor de Maracuj\u00e1&#8221;, cantado por Caman\u00e9, com letra de Capicua e b\u00ean\u00e7\u00e3o de Am\u00e1lia. Do \u00e1lbum &#8220;Bairro da Ponte&#8221;, novo disco de Stereossauro a ser editado em breve.<\/span><\/p>","protected":false},"excerpt":{"rendered":"<p>&#8220;Flor de Maracuj\u00e1&#8221;, cantado por Caman\u00e9, com letra de Capicua e b\u00ean\u00e7\u00e3o de Am\u00e1lia. Do \u00e1lbum &#8220;Bairro da Ponte&#8221;, novo disco de Stereossauro a ser editado em breve.<\/p>","protected":false},"author":3,"featured_media":3397,"comment_status":"open","ping_status":"open","sticky":false,"template":"","format":"video","meta":[],"categories":[26],"tags":[504,87,503,502],"_links":{"self":[{"href":"https:\/\/www.ecletismomusical.pt\/en\/wp-json\/wp\/v2\/posts\/3395"}],"collection":[{"href":"https:\/\/www.ecletismomusical.pt\/en\/wp-json\/wp\/v2\/posts"}],"about":[{"href":"https:\/\/www.ecletismomusical.pt\/en\/wp-json\/wp\/v2\/types\/post"}],"author":[{"embeddable":true,"href":"https:\/\/www.ecletismomusical.pt\/en\/wp-json\/wp\/v2\/users\/3"}],"replies":[{"embeddable":true,"href":"https:\/\/www.ecletismomusical.pt\/en\/wp-json\/wp\/v2\/comments?post=3395"}],"version-history":[{"count":1,"href":"https:\/\/www.ecletismomusical.pt\/en\/wp-json\/wp\/v2\/posts\/3395\/revisions"}],"predecessor-version":[{"id":3398,"href":"https:\/\/www.ecletismomusical.pt\/en\/wp-json\/wp\/v2\/posts\/3395\/revisions\/3398"}],"wp:featuredmedia":[{"embeddable":true,"href":"https:\/\/www.ecletismomusical.pt\/en\/wp-json\/wp\/v2\/media\/3397"}],"wp:attachment":[{"href":"https:\/\/www.ecletismomusical.pt\/en\/wp-json\/wp\/v2\/media?parent=3395"}],"wp:term":[{"taxonomy":"category","embeddable":true,"href":"https:\/\/www.ecletismomusical.pt\/en\/wp-json\/wp\/v2\/categories?post=3395"},{"taxonomy":"post_tag","embeddable":true,"href":"https:\/\/www.ecletismomusical.pt\/en\/wp-json\/wp\/v2\/tags?post=3395"}],"curies":[{"name":"wp","href":"https:\/\/api.w.org\/{rel}","templated":true}]}}