{"id":3402,"date":"2018-10-20T14:31:54","date_gmt":"2018-10-20T13:31:54","guid":{"rendered":"https:\/\/www.ecletismomusical.pt\/?p=3402"},"modified":"2018-10-22T14:44:23","modified_gmt":"2018-10-22T13:44:23","slug":"cover-salvador-sobral-nao-es-homem-para-mim-romana-cover-deixem-o-pimba-em-paz","status":"publish","type":"post","link":"https:\/\/www.ecletismomusical.pt\/en\/cover-salvador-sobral-nao-es-homem-para-mim-romana-cover-deixem-o-pimba-em-paz\/","title":{"rendered":"[Cover] Salvador Sobral &#8211; N\u00e3o \u00c9s Homem para Mim (Romana Cover) (&#8220;Deixem o Pimba em Paz&#8221;)"},"content":{"rendered":"<p><iframe src=\"https:\/\/www.youtube.com\/embed\/Zi86IipA9yc\" width=\"560\" height=\"315\" frameborder=\"0\" allowfullscreen=\"allowfullscreen\"><\/iframe><\/p>\n<p><span style=\"font-family: verdana, geneva, sans-serif\">Os grandes s\u00e3o assim. Transformar uma m\u00fasica pimba em Jazz parece f\u00e1cil, mas \u00e9 apenas para alguns!<\/span><\/p>","protected":false},"excerpt":{"rendered":"<p>Os grandes s\u00e3o assim. Transformar uma m\u00fasica pimba em Jazz parece f\u00e1cil, mas \u00e9 apenas para alguns!<\/p>","protected":false},"author":3,"featured_media":3403,"comment_status":"open","ping_status":"open","sticky":false,"template":"","format":"video","meta":[],"categories":[133],"tags":[508,134,507,100],"_links":{"self":[{"href":"https:\/\/www.ecletismomusical.pt\/en\/wp-json\/wp\/v2\/posts\/3402"}],"collection":[{"href":"https:\/\/www.ecletismomusical.pt\/en\/wp-json\/wp\/v2\/posts"}],"about":[{"href":"https:\/\/www.ecletismomusical.pt\/en\/wp-json\/wp\/v2\/types\/post"}],"author":[{"embeddable":true,"href":"https:\/\/www.ecletismomusical.pt\/en\/wp-json\/wp\/v2\/users\/3"}],"replies":[{"embeddable":true,"href":"https:\/\/www.ecletismomusical.pt\/en\/wp-json\/wp\/v2\/comments?post=3402"}],"version-history":[{"count":2,"href":"https:\/\/www.ecletismomusical.pt\/en\/wp-json\/wp\/v2\/posts\/3402\/revisions"}],"predecessor-version":[{"id":3405,"href":"https:\/\/www.ecletismomusical.pt\/en\/wp-json\/wp\/v2\/posts\/3402\/revisions\/3405"}],"wp:featuredmedia":[{"embeddable":true,"href":"https:\/\/www.ecletismomusical.pt\/en\/wp-json\/wp\/v2\/media\/3403"}],"wp:attachment":[{"href":"https:\/\/www.ecletismomusical.pt\/en\/wp-json\/wp\/v2\/media?parent=3402"}],"wp:term":[{"taxonomy":"category","embeddable":true,"href":"https:\/\/www.ecletismomusical.pt\/en\/wp-json\/wp\/v2\/categories?post=3402"},{"taxonomy":"post_tag","embeddable":true,"href":"https:\/\/www.ecletismomusical.pt\/en\/wp-json\/wp\/v2\/tags?post=3402"}],"curies":[{"name":"wp","href":"https:\/\/api.w.org\/{rel}","templated":true}]}}