{"id":342,"date":"2011-09-07T18:53:00","date_gmt":"2011-09-07T18:53:00","guid":{"rendered":"https:\/\/ecletismomusical.pt\/entrevista-you-cant-win-charlie-brown\/"},"modified":"2018-06-10T00:21:13","modified_gmt":"2018-06-10T00:21:13","slug":"entrevista-you-cant-win-charlie-brown","status":"publish","type":"post","link":"https:\/\/www.ecletismomusical.pt\/en\/entrevista-you-cant-win-charlie-brown\/","title":{"rendered":"[Entrevista] You Can&#8217;t Win, Charlie Brown (2011)"},"content":{"rendered":"<div style=\"clear: both;text-align: center\"><a style=\"clear: left;float: left;margin-bottom: 1em;margin-right: 1em\" href=\"http:\/\/3.bp.blogspot.com\/-KboOu2o2cwE\/TmeYajq1PwI\/AAAAAAAAANE\/Glr0hIpuLhQ\/s1600\/7319_152032839682_139920609682_2486827_6163237_n.jpg\"><img src=\"http:\/\/3.bp.blogspot.com\/-KboOu2o2cwE\/TmeYajq1PwI\/AAAAAAAAANE\/Glr0hIpuLhQ\/s320\/7319_152032839682_139920609682_2486827_6163237_n.jpg\" width=\"214\" height=\"320\" \/><\/a><\/div>\n<div style=\"font-family: Arial,Helvetica,sans-serif;text-align: justify\">\n<p>S\u00e3o uma das mais promissoras e estimulantes bandas portuguesas dos \u00faltimos tempos. A banda lisboeta editou em Maio deste ano, um dos discos de estreia mais elogiados da cr\u00edtica especializada nacional e internacional. Os <b><a href=\"http:\/\/www.facebook.com\/Youcantwincharliebrown\">You Can&#8217;t Win, Charlie Brown<\/a> (YCWCB)<\/b> s\u00e3o seis jovens m\u00fasicos portugueses que cresceram com um conjunto de diferentes influ\u00eancias, e que souberam criar uma interessante mescla de sonoridades, onde a melancolia dos temas impera, mas em que, simultaneamente, a profus\u00e3o de sons remete, por vezes, para ambientes luminosos, hipn\u00f3ticos e cheios de esperan\u00e7a.<\/p>\n<p>Com festa de lan\u00e7amento em <b>Lisboa de \u00abChromatic\u00bb, marcada para o pr\u00f3ximo dia 15 de Setembro no Lux<\/b>, o <b>Eclectismo Musical<\/b> esteve recentemente \u00e0 conversa com os <a href=\"http:\/\/www.myspace.com\/youcantwincharlieb\"><b>YCWCB<\/b><\/a> e podemos ficar agora a conhecer melhor um dos mais interessantes projectos musicais a surgir nos \u00faltimos tempos em Portugal.<\/p>\n<p><b>Eclectismo Musical (EM): Bem, a inevit\u00e1vel primeira pergunta: Como nasceram os \u00abYou Can\u2019t Win, Charlie Brown\u00bb?<\/b><\/p>\n<p><b>YCWCB:<\/b> O grupo nasceu numa altura em que o Lu\u00eds, o Afonso e o Salvador andavam a compor m\u00fasicas, cada um do seu lado. Come\u00e7\u00e1mos a falar uns com os outros para tocar nos temas de cada um e rapidamente percebemos que o que fazia mais sentido era mesmo ter uma banda em que todos participassem, em vez de ter 3 projectos diferentes. Logo a seguir, convid\u00e1mos o David, que aceitou juntar-se a n\u00f3s. Foi assim que nasceram os \u201cYou Can\u2019t Win, Charlie Brown\u201d. Mais \u00e1 frente entraram o Tom\u00e1s e o Jo\u00e3o, j\u00e1 depois do primeiro EP.<\/p>\n<p><b>EM: A banda s\u00e3o o Afonso e o Salvador que recebe convidados, sendo um \u201ccolectivo\u201d vari\u00e1vel e sempre aberto a entradas e sa\u00eddas, ou podemos considerar que s\u00e3o uma banda de seis elementos?<\/b><\/p>\n<p><b>YCWCB:<\/b> A dada altura foi essa a nossa ideia, at\u00e9 porque permitia que o Lu\u00eds e o David estivessem mais \u00e0 vontade com outros projectos e com a vida pessoal. Mas passado algum tempo percebemos que assim n\u00e3o ia funcionar e que precis\u00e1vamos de estar todos a fundo na banda. Isso aplica-se \u00e0s seis pessoas que formam o grupo agora. Esses seis s\u00e3o os \u201cYou Can\u2019t Win, Charlie Brown\u201d.<\/p>\n<p><iframe src=\"http:\/\/www.youtube.com\/embed\/gWlPgZmt9t8\" width=\"480\" height=\"345\" frameborder=\"0\" allowfullscreen=\"allowfullscreen\"><\/iframe><\/p>\n<p><b>EM:<\/b> <b>Como \u00e9 o vosso processo de cria\u00e7\u00e3o? Em jeito de humor, a guitarra de tr\u00eas cordas \u00e9 o vosso maior segredo?<\/b><\/p>\n<p><b>YCWCB:<\/b> Os nossos temas v\u00eam quase sempre de uma pessoa apenas, na sua base, depois s\u00e3o desenvolvidos por todos. Esse processo \u00e9 muitas vezes feito por email, j\u00e1 que \u00e9 dif\u00edcil estarmos os seis a ensaiar com muita regularidade. Se algu\u00e9m tiver uma ideia, grava e manda para os outros, e v\u00e3o-se construindo alguns arranjos assim.<br \/>\nQuanto \u00e0 guitarra de tr\u00eas cordas, n\u00e3o \u00e9 bem um segredo, \u00e9 mais um acaso feliz. Um dia o Salvador queria compor e s\u00f3 tinha uma guitarra com 3 cordas, porque o irm\u00e3o mais novo tinha-lhe partido as outras 3.<\/p>\n<p>&nbsp;<\/p>\n<div><span style=\"font-size: small\"><span style=\"font-family: 'Arial','sans-serif';line-height: 115%\"><b>EM:<\/b> <b>Lan\u00e7aram, no final de Maio, o vosso primeiro \u00e1lbum: \u00abChromatic\u00bb que tem vindo a ser muit\u00edssimo bem recebido por toda a cr\u00edtica. Alguma explica\u00e7\u00e3o complexa para o t\u00edtulo escolhido ou foi um mero acaso, tal como a escolha do nome da banda?<\/b><\/span><\/span><\/div>\n<div><\/div>\n<p>&nbsp;<\/p>\n<div style=\"color: black\">\n<p><span style=\"font-size: small\"><span style=\"font-family: 'Arial','sans-serif';line-height: 115%\"><b>YCWCB:<\/b> N\u00e3o \u00e9 um acaso nem tem direito a uma explica\u00e7\u00e3o muito complexa.<br \/>\nFoi logo uma das primeiras ideias a surgir. Sab\u00edamos que quer\u00edamos um nome curto e forte, e \u201cChromatic\u201d n\u00e3o s\u00f3 encaixa nesses padr\u00f5es como define bem o que se passa no disco e tem uma componente visual muito forte, o que tamb\u00e9m nos atraiu muito e ficou bem representado na capa.<\/span><\/span><\/p>\n<div style=\"clear: both;text-align: center\"><a style=\"margin-left: 1em;margin-right: 1em\" href=\"http:\/\/3.bp.blogspot.com\/-o5znjg8QUjE\/TmepReWigeI\/AAAAAAAAANQ\/N3nSeS9mJUQ\/s1600\/226466_10150175480264683_139920609682_6590011_6704185_n.jpg\"><img src=\"http:\/\/3.bp.blogspot.com\/-o5znjg8QUjE\/TmepReWigeI\/AAAAAAAAANQ\/N3nSeS9mJUQ\/s320\/226466_10150175480264683_139920609682_6590011_6704185_n.jpg\" width=\"320\" height=\"320\" \/><\/a><\/div>\n<p><span style=\"font-size: small\"><span style=\"font-family: 'Arial','sans-serif';line-height: 115%\"><br \/>\n<\/span> <\/span><\/p>\n<div><span style=\"font-size: small\"><b><span style=\"font-family: 'Arial','sans-serif';line-height: 115%\">EM: O \u00e1lbum abre com o fort\u00edssimo <i>single<\/i> \u201cOver The Sun \/ Under The Water\u201d. <\/span><span style=\"font-family: 'Arial','sans-serif';line-height: 115%\">Pode-se dizer que este tema define o som dos \u00abYou Can\u2019t Win, Charlie Brown\u00bb?<\/span><\/b><\/span><\/div>\n<div><\/div>\n<p><span style=\"font-size: small\"> <span style=\"color: black;font-family: 'Arial','sans-serif';line-height: 115%\"><b>YCWCB:<\/b> Dizer que a \u201cOver The Sun \/ Under The Water\u201d define o nosso som \u00e9 capaz de ser um bocadinho demais, mas \u00e9 verdade que \u00e9 provavelmente o tema que mostra melhor o que acontece no \u201cChromatic\u201d. Tem o lado ac\u00fastico e o lado mais electr\u00f3nico, os coros, etc&#8230; por a\u00ed sim.<\/span><\/span><\/p>\n<\/div>\n<div style=\"color: black\"><\/div>\n<div style=\"color: black\"><\/div>\n<div style=\"clear: both;text-align: center\"><\/div>\n<div style=\"clear: both;text-align: center\"><a style=\"clear: right;float: right;margin-bottom: 1em;margin-left: 1em\" href=\"http:\/\/4.bp.blogspot.com\/-B9inyGFYCsY\/Tmem_o__yOI\/AAAAAAAAANM\/a1Sg7RIZh6U\/s1600\/219643_10150166708349683_139920609682_6510421_6274046_o.jpg\">\u00a0<\/a><\/div>\n<p><a style=\"clear: left;float: left;margin-bottom: 1em;margin-right: 1em\" href=\"http:\/\/1.bp.blogspot.com\/-eFKHgc655wc\/TmemnRe_fYI\/AAAAAAAAANI\/5WnYiMIRwBA\/s1600\/226466_10150175480264683_139920609682_6590011_6704185_n.jpg\">\u00a0<\/a><\/p>\n<\/div>\n<p><iframe src=\"http:\/\/www.youtube.com\/embed\/YEMvZNAYN5g\" width=\"480\" height=\"345\" frameborder=\"0\" allowfullscreen=\"allowfullscreen\"><\/iframe><\/p>\n<div style=\"text-align: justify\"><b><span style=\"font-size: small\"><span style=\"font-family: 'Arial','sans-serif';line-height: 115%\">EM: Depois dos elogios vindos da influente revista francesa \u201cLes Inrockuptibles\u201d; das excelentes reviews aos concertos dados em terras de sua majestade e tamb\u00e9m de algum hype que se vai criando no Brasil atrav\u00e9s de alguns influentes bloggers, j\u00e1 est\u00e3o convencidos que ir\u00e3o ter for\u00e7osamente uma maior repercuss\u00e3o no estrangeiro do que em Portugal? A carreira internacional \u00e9 o vosso caminho?<\/span><\/span><\/b><\/div>\n<div><\/div>\n<div style=\"color: black;text-align: justify\"><span style=\"font-family: 'Arial','sans-serif';font-size: small;line-height: 115%\"><b>YCWCB:<\/b> N\u00e3o sentimos que a nossa carreira vai ter que ser feita l\u00e1 fora, mas se tivermos a oportunidade de explorar isso mais a fundo vamos faz\u00ea-lo, mas ainda \u00e9 muito cedo para percebermos at\u00e9 onde \u00e9 que isso pode chegar.<\/span><\/div>\n<div style=\"color: black;text-align: justify\"><\/div>\n<div style=\"clear: both;text-align: center\"><a style=\"clear: left;float: left;margin-bottom: 1em;margin-right: 1em\" href=\"http:\/\/2.bp.blogspot.com\/-UP1_3QQTDKU\/Tmeyh60fh3I\/AAAAAAAAANU\/aclx1Eih1rY\/s1600\/219643_10150166708349683_139920609682_6510421_6274046_o.jpg\"><img src=\"http:\/\/2.bp.blogspot.com\/-UP1_3QQTDKU\/Tmeyh60fh3I\/AAAAAAAAANU\/aclx1Eih1rY\/s400\/219643_10150166708349683_139920609682_6510421_6274046_o.jpg\" width=\"400\" height=\"265\" \/><\/a><\/div>\n<div style=\"color: black;text-align: justify\"><\/div>\n<div style=\"color: black;text-align: justify\"><\/div>\n<div style=\"color: black;text-align: justify\"><\/div>\n<div style=\"color: black;text-align: justify\"><\/div>\n<div style=\"color: black;text-align: justify\"><\/div>\n<div style=\"color: black;text-align: justify\"><\/div>\n<div style=\"color: black;text-align: justify\"><\/div>\n<div style=\"color: black;text-align: justify\"><\/div>\n<div style=\"color: black;text-align: justify\"><\/div>\n<div style=\"color: black;text-align: justify\"><\/div>\n<div style=\"color: black;text-align: justify\"><\/div>\n<div style=\"color: black;text-align: justify\"><\/div>\n<div style=\"color: black;text-align: justify\"><\/div>\n<div style=\"color: black;text-align: justify\"><\/div>\n<p><span style=\"font-size: small\">\u00a0<\/span><\/p>\n<div><span style=\"font-size: small\"><b><span style=\"color: black;font-family: 'Arial','sans-serif';line-height: 115%\">EM: A prop\u00f3sito, qual consideram ser o \u00abestado d&#8217;arte\u00bb da m\u00fasica feita em Portugal?<\/span><\/b><\/span><\/div>\n<div><\/div>\n<p>&nbsp;<\/p>\n<div style=\"color: black;text-align: justify\"><span style=\"font-size: small\"><span style=\"font-family: 'Arial','sans-serif';line-height: 115%\"><b>YCWCB:<\/b> Est\u00e1 muito interessante. H\u00e1 muita gente a fazer boa m\u00fasica\u00a0nos mais variados estilos e essa diversidade \u00e9 uma das mais-valias actuais da m\u00fasica Portuguesa. Paralelamente, tamb\u00e9m parece haver cada vez mais p\u00fablico interessado na m\u00fasica nacional e a aparecer nos concertos, ao contr\u00e1rio do que acontecia h\u00e1 uma d\u00e9cada atr\u00e1s.<\/span><\/span><\/div>\n<div style=\"text-align: justify\"><span style=\"font-size: small\"><b><span style=\"font-family: 'Arial','sans-serif';line-height: 115%\">EM: Ainda que baste uma ou duas audi\u00e7\u00f5es do \u00e1lbum, para perceber que, pese embora a melancolia, os doze temas de \u00abChromatic\u00bb s\u00e3o sobretudo algo que vos deu imenso gozo a fazer e que est\u00e1 longe de ser apenas um disco de estreia, uma vez que a maturidade da constru\u00e7\u00e3o l\u00edrica \u00e9 uma constante, t\u00eam algum receio que internacionalmente o vosso som seja colado em demasia aos Grizzly Bear, Fleet Foxes ou aos Animal Collective e que isso possa limitar o vosso crescimento enquanto banda? Ou pelo contr\u00e1rio isso poder\u00e1 ter um efeito positivo de identifica\u00e7\u00e3o?<\/span><\/b><\/span><\/div>\n<div style=\"text-align: justify\"><\/div>\n<p>&nbsp;<\/p>\n<div style=\"color: black;text-align: justify\"><span style=\"font-size: small\"><span style=\"font-family: 'Arial','sans-serif';line-height: 115%\"><b>YCWCB:<\/b> As compara\u00e7\u00f5es existem sempre e nem vale a pena tentar contrariar isso. N\u00e3o \u00e9 por nos compararem a esses grupos que o nosso crescimento enquanto banda fica limitado. A \u00fanica coisa que pode limitar o nosso crescimento somos n\u00f3s&#8230; e n\u00e3o \u00e9 para j\u00e1.<\/span><\/span><\/div>\n<div style=\"color: black\"><\/div>\n<div style=\"color: black\"><\/div>\n<p><iframe src=\"http:\/\/player.vimeo.com\/video\/25211256?byline=0&amp;color=ff9933\" width=\"400\" height=\"225\" frameborder=\"0\"><\/iframe><\/p>\n<div style=\"line-height: normal;margin-bottom: 0.0001pt;text-align: justify\"><span style=\"font-size: small\"><b><span style=\"color: black;font-family: 'Arial','sans-serif'\">EM: Nos tempos que correm, a Internet \u00e9 uma ferramenta incontorn\u00e1vel. Quais s\u00e3o os canais que utilizam de uma forma mais activa para comunicarem com os vossos f\u00e3s?<\/span><\/b><\/span><\/div>\n<div style=\"line-height: normal;margin-bottom: 0.0001pt;text-align: justify\">\n<p><span style=\"font-size: small\"><span style=\"font-family: 'Arial','sans-serif'\"><b>\u00a0<\/b><\/span><\/span><\/p>\n<div style=\"text-align: left\"><span style=\"font-size: small\"><span style=\"font-family: 'Arial','sans-serif'\"><b>YCWCB:<\/b> Principalmente o Facebook (<\/span><a href=\"http:\/\/www.facebook.com\/Youcantwincharliebrown\">http:\/\/www.facebook.com\/Youcantwincharliebrown<\/a>)<\/span><\/div>\n<\/div>\n<div style=\"line-height: normal;margin-bottom: 0cm;text-align: justify\"><span style=\"color: black;font-family: 'Arial','sans-serif';font-size: 10pt\">\u00a0\u00a0<\/span><\/div>\n<div style=\"line-height: normal;margin-bottom: 0cm;text-align: justify\"><span style=\"font-size: small\"><b><span style=\"color: black;font-family: 'Arial','sans-serif'\">EM: Que nomes colocavam no vosso &#8220;Festival Ideal&#8221;? (Vivos ou n\u00e3o)<\/span><\/b><\/span><span style=\"color: black;font-family: 'Arial','sans-serif';font-size: small\"><br \/>\n<\/span><\/div>\n<div style=\"line-height: normal;margin-bottom: 0.0001pt;text-align: justify\"><\/div>\n<div style=\"line-height: normal;margin-bottom: 0.0001pt;text-align: justify\"><span style=\"color: black;font-family: 'Arial','sans-serif';font-size: small\"><br \/>\n<\/span> <span style=\"font-family: 'Arial','sans-serif';font-size: small\"><b>YCWCB:<\/b> Deerhoof; The Flaming Lips; Sigur R\u00f3s; Radiohead; Jeff Buckley; Tom Waits.<\/span><\/div>\n<div style=\"line-height: normal;margin-bottom: 0.0001pt;text-align: justify\"><\/div>\n<div style=\"color: black;line-height: normal;margin: 0cm 0cm 0.0001pt 36pt;text-align: justify;text-indent: -18pt\"><span style=\"font-family: 'Arial','sans-serif';font-size: 10pt\">\u00a0<\/span><\/div>\n<p><iframe src=\"http:\/\/www.youtube.com\/embed\/33e5j8dJot0\" width=\"420\" height=\"345\" frameborder=\"0\" allowfullscreen=\"allowfullscreen\"><\/iframe><\/p>\n<p>&nbsp;<\/p>\n<div style=\"line-height: normal;margin-bottom: 0.0001pt;text-align: justify\"><span style=\"font-size: small\"><b><span style=\"color: black;font-family: 'Arial','sans-serif'\">EM: Como \u00e9 a vida dos \u00abYou Can\u2019t Win, Charlie Brown\u00bb para al\u00e9m da m\u00fasica?<\/span><\/b><\/span><\/div>\n<p>&nbsp;<\/p>\n<div style=\"line-height: normal;margin-bottom: 0.0001pt;text-align: justify\"><span style=\"font-size: small\"><span style=\"color: green;font-family: 'Arial','sans-serif'\"><b style=\"color: black\"><br \/>\nYCWCB:<\/b><span style=\"color: black\"> Depende, uns trabalham, outros estudam, outros fazem mais m\u00fasica ainda \u2013 O Lu\u00eds tem um projecto a solo, o David tem Noiserv, o Jo\u00e3o toca com os Diabo na Cruz, Feromona, Julie and The Carjackers..<\/span>.<\/span><\/span><\/div>\n<div style=\"line-height: normal;margin-bottom: 0cm;text-align: justify\"><\/div>\n<div style=\"line-height: normal;margin-bottom: 0.0001pt;text-align: justify\"><span style=\"font-size: small\"><b><span style=\"color: black;font-family: 'Arial','sans-serif'\">EM: Quais s\u00e3o os vossos planos para os pr\u00f3ximos meses? Por onde andar\u00e3o?<\/span><\/b><\/span><\/div>\n<p>&nbsp;<\/p>\n<div style=\"line-height: normal;margin-bottom: 0.0001pt;text-align: justify\"><span style=\"font-size: small\"><span style=\"font-family: 'Arial','sans-serif'\"><b><br \/>\nYCWCB:<\/b> Para j\u00e1 os nossos planos s\u00e3o mostrar a nossa m\u00fasica. Vamos estar no Lux a 15 de Setembro e depois vamos para Inglaterra dar uns concertos no final do m\u00eas.<br \/>\n<\/span><\/span><\/div>\n<div style=\"clear: both;text-align: center\"><iframe src=\"http:\/\/player.vimeo.com\/video\/28609103?title=0&amp;byline=0&amp;portrait=0\" width=\"300\" height=\"225\" frameborder=\"0\"><\/iframe><a style=\"margin-left: 1em;margin-right: 1em\" href=\"http:\/\/1.bp.blogspot.com\/-Cpq4uo_Txt8\/Tme6AQQJIEI\/AAAAAAAAANY\/fqf2lYLR62A\/s1600\/334451_10150298508229683_139920609682_7607607_6226600_o.jpg\"><img src=\"http:\/\/1.bp.blogspot.com\/-Cpq4uo_Txt8\/Tme6AQQJIEI\/AAAAAAAAANY\/fqf2lYLR62A\/s200\/334451_10150298508229683_139920609682_7607607_6226600_o.jpg\" width=\"141\" height=\"200\" \/><\/a><\/div>\n<p>&nbsp;<\/p>\n<div style=\"font-family: Arial,Helvetica,sans-serif\"><span style=\"font-size: small\">\u00a0<\/span><\/div>\n<div style=\"font-family: Arial,Helvetica,sans-serif\"><span style=\"font-size: small\"><b>Agradecimento Especial:<\/b> <a href=\"http:\/\/www.letstartafire.com\/\">Let&#8217;s Start A Fire<\/a><\/span><\/div>","protected":false},"excerpt":{"rendered":"<p>S\u00e3o uma das mais promissoras e estimulantes bandas portuguesas dos \u00faltimos tempos. A banda lisboeta editou em Maio deste ano, um dos discos de estreia mais elogiados da cr\u00edtica especializada nacional e internacional. Os You Can&#8217;t Win, Charlie Brown (YCWCB) s\u00e3o seis jovens m\u00fasicos portugueses que cresceram com um conjunto de diferentes influ\u00eancias, e que<\/p>","protected":false},"author":1,"featured_media":1783,"comment_status":"open","ping_status":"open","sticky":false,"template":"","format":"standard","meta":[],"categories":[25],"tags":[52],"_links":{"self":[{"href":"https:\/\/www.ecletismomusical.pt\/en\/wp-json\/wp\/v2\/posts\/342"}],"collection":[{"href":"https:\/\/www.ecletismomusical.pt\/en\/wp-json\/wp\/v2\/posts"}],"about":[{"href":"https:\/\/www.ecletismomusical.pt\/en\/wp-json\/wp\/v2\/types\/post"}],"author":[{"embeddable":true,"href":"https:\/\/www.ecletismomusical.pt\/en\/wp-json\/wp\/v2\/users\/1"}],"replies":[{"embeddable":true,"href":"https:\/\/www.ecletismomusical.pt\/en\/wp-json\/wp\/v2\/comments?post=342"}],"version-history":[{"count":2,"href":"https:\/\/www.ecletismomusical.pt\/en\/wp-json\/wp\/v2\/posts\/342\/revisions"}],"predecessor-version":[{"id":1908,"href":"https:\/\/www.ecletismomusical.pt\/en\/wp-json\/wp\/v2\/posts\/342\/revisions\/1908"}],"wp:featuredmedia":[{"embeddable":true,"href":"https:\/\/www.ecletismomusical.pt\/en\/wp-json\/wp\/v2\/media\/1783"}],"wp:attachment":[{"href":"https:\/\/www.ecletismomusical.pt\/en\/wp-json\/wp\/v2\/media?parent=342"}],"wp:term":[{"taxonomy":"category","embeddable":true,"href":"https:\/\/www.ecletismomusical.pt\/en\/wp-json\/wp\/v2\/categories?post=342"},{"taxonomy":"post_tag","embeddable":true,"href":"https:\/\/www.ecletismomusical.pt\/en\/wp-json\/wp\/v2\/tags?post=342"}],"curies":[{"name":"wp","href":"https:\/\/api.w.org\/{rel}","templated":true}]}}