{"id":3437,"date":"2018-10-25T09:59:49","date_gmt":"2018-10-25T08:59:49","guid":{"rendered":"https:\/\/www.ecletismomusical.pt\/?p=3437"},"modified":"2018-10-25T10:00:40","modified_gmt":"2018-10-25T09:00:40","slug":"concert-maro-the-jukebox-tour-5-1-2019","status":"publish","type":"post","link":"https:\/\/www.ecletismomusical.pt\/en\/concert-maro-the-jukebox-tour-5-1-2019\/","title":{"rendered":"[Concert] MARO &#8211; The Jukebox Tour (5\/1\/2019)"},"content":{"rendered":"<p><img class=\"alignnone wp-image-3438\" src=\"https:\/\/www.ecletismomusical.pt\/wp-content\/uploads\/2018\/10\/CARTAZ-GENERICO.jpg\" alt=\"\" width=\"411\" height=\"596\" srcset=\"https:\/\/www.ecletismomusical.pt\/wp-content\/uploads\/2018\/10\/CARTAZ-GENERICO.jpg 600w, https:\/\/www.ecletismomusical.pt\/wp-content\/uploads\/2018\/10\/CARTAZ-GENERICO-207x300.jpg 207w\" \/><\/p>\n<p><span style=\"font-family: verdana, geneva, sans-serif\">A talentosa e criativa <a href=\"https:\/\/www.facebook.com\/profile.php?id=559170460804071&amp;ref=br_rs\"><strong>MARO<\/strong><\/a> ir\u00e1 apresentar,\u00a0no dia 5 de Janeiro, no Pequeno Audit\u00f3rio do CCB, um concerto especial em Lisboa. Ser\u00e1 o\u00a0primeiro concerto da <strong>\u201cThe Jukebox Tour\u201d<\/strong> que leva <strong>42 temas da artista a vota\u00e7\u00e3o pelo p\u00fablico cerca de um m\u00eas antes da data<\/strong>. <\/span><\/p>\n<p><span style=\"font-family: verdana, geneva, sans-serif\">O p\u00fablico ter\u00e1 assim a <strong>oportunidade de escolher os 20 temas<\/strong> que ser\u00e3o apresentados ao longo de 2 horas de concerto. Para al\u00e9m dos 22 temas que comp\u00f5em o seu \u00e1lbum \u201cMARO\u201d,<strong> ir\u00e3o tamb\u00e9m a vota\u00e7\u00e3o outros 20 temas in\u00e9ditos que comp\u00f5em 2 novos \u00e1lbuns com lan\u00e7amento marcado para breve. <\/strong><\/span><\/p>\n<p><span style=\"font-family: verdana, geneva, sans-serif\">A vota\u00e7\u00e3o ir\u00e1 decorrer entre os <strong>dias 1 e 20 de Dezembro nas plataformas digitais da artista.<\/strong> Os bilhetes encontram-se \u00e0 venda na bilheteira do CCB, no site\u00a0<a href=\"http:\/\/www.ticketline.pt\/\">www.ticketline.pt<\/a>\u00a0e em todas as lojas Fnac e Worten, de norte a sul do pa\u00eds.<\/span><\/p>\n<p style=\"font-weight: 400\"><span style=\"font-family: verdana, geneva, sans-serif\">Para conhecerem melhor, recordem a entrevista que MARO deu ao Ecletismo Musical: <a href=\"https:\/\/www.ecletismomusical.pt\/en\/entrevista-maro\/\">AQUI!<\/a><\/span><\/p>","protected":false},"excerpt":{"rendered":"<p>A talentosa e criativa MARO ir\u00e1 apresentar,\u00a0no dia 5 de Janeiro, no Pequeno Audit\u00f3rio do CCB, um concerto especial em Lisboa. Ser\u00e1 o\u00a0primeiro concerto da \u201cThe Jukebox Tour\u201d que leva 42 temas da artista a vota\u00e7\u00e3o pelo p\u00fablico cerca de um m\u00eas antes da data. O p\u00fablico ter\u00e1 assim a oportunidade de escolher os 20<\/p>","protected":false},"author":3,"featured_media":3439,"comment_status":"open","ping_status":"open","sticky":false,"template":"","format":"standard","meta":[],"categories":[23],"tags":[45,523],"_links":{"self":[{"href":"https:\/\/www.ecletismomusical.pt\/en\/wp-json\/wp\/v2\/posts\/3437"}],"collection":[{"href":"https:\/\/www.ecletismomusical.pt\/en\/wp-json\/wp\/v2\/posts"}],"about":[{"href":"https:\/\/www.ecletismomusical.pt\/en\/wp-json\/wp\/v2\/types\/post"}],"author":[{"embeddable":true,"href":"https:\/\/www.ecletismomusical.pt\/en\/wp-json\/wp\/v2\/users\/3"}],"replies":[{"embeddable":true,"href":"https:\/\/www.ecletismomusical.pt\/en\/wp-json\/wp\/v2\/comments?post=3437"}],"version-history":[{"count":1,"href":"https:\/\/www.ecletismomusical.pt\/en\/wp-json\/wp\/v2\/posts\/3437\/revisions"}],"predecessor-version":[{"id":3440,"href":"https:\/\/www.ecletismomusical.pt\/en\/wp-json\/wp\/v2\/posts\/3437\/revisions\/3440"}],"wp:featuredmedia":[{"embeddable":true,"href":"https:\/\/www.ecletismomusical.pt\/en\/wp-json\/wp\/v2\/media\/3439"}],"wp:attachment":[{"href":"https:\/\/www.ecletismomusical.pt\/en\/wp-json\/wp\/v2\/media?parent=3437"}],"wp:term":[{"taxonomy":"category","embeddable":true,"href":"https:\/\/www.ecletismomusical.pt\/en\/wp-json\/wp\/v2\/categories?post=3437"},{"taxonomy":"post_tag","embeddable":true,"href":"https:\/\/www.ecletismomusical.pt\/en\/wp-json\/wp\/v2\/tags?post=3437"}],"curies":[{"name":"wp","href":"https:\/\/api.w.org\/{rel}","templated":true}]}}