{"id":347,"date":"2011-08-03T21:37:00","date_gmt":"2011-08-03T21:37:00","guid":{"rendered":"https:\/\/ecletismomusical.pt\/concert-bon-iver-washington-d-c\/"},"modified":"2011-08-03T21:37:00","modified_gmt":"2011-08-03T21:37:00","slug":"concert-bon-iver-washington-d-c","status":"publish","type":"post","link":"https:\/\/www.ecletismomusical.pt\/en\/concert-bon-iver-washington-d-c\/","title":{"rendered":"[Concert] Bon Iver @Washington, D.C."},"content":{"rendered":"<div style=\"clear: both;text-align: center\"><a href=\"http:\/\/1.bp.blogspot.com\/-l7TkQIUj4S8\/Tjm3wOG1keI\/AAAAAAAAAM4\/CRgw_Vw1iYQ\/s1600\/bon-iver.jpg\" style=\"clear: left;float: left;margin-bottom: 1em;margin-right: 1em\"><img height=\"197\" src=\"http:\/\/1.bp.blogspot.com\/-l7TkQIUj4S8\/Tjm3wOG1keI\/AAAAAAAAAM4\/CRgw_Vw1iYQ\/s320\/bon-iver.jpg\" width=\"320\" \/><\/a><\/div>\n<p><\/p>\n<div style=\"font-family: Arial,Helvetica,sans-serif;text-align: justify\"><\/div>\n<div style=\"font-family: Arial,Helvetica,sans-serif;text-align: justify\">Est\u00e1 dispon\u00edvel para <b>audi\u00e7\u00e3o (<a href=\"http:\/\/www.npr.org\/2011\/08\/03\/138890247\/live-tuesday-bon-iver-in-concert\">AQUI<\/a>) e download<\/b> (<b>MP3 <a href=\"http:\/\/pd.npr.org\/anon.npr-mp3\/npr\/asc\/2011\/08\/20110802_asc_boniverlive.mp3?dl=1\">AQUI<\/a><\/b>), o concerto inteiro (1h30m) que <b><a href=\"http:\/\/boniver.org\/\">Bon Iver<\/a> <\/b>deu ontem no <b>9:30 Club em Washington, D.C.<\/b> Numa enorme presta\u00e7\u00e3o, <b>Justin Vernon<\/b> apresentou um alinhamento contemplando m\u00fasicas dos seus dois \u00e1lbuns, bem como, dois temas especiais:<b> &#8220;Brackett, WI&#8221; de \u00abDark Was The Night&#8217;s\u00bb e &#8220;Who Is It&#8221; cover de Bjork<\/b>.<\/div>\n<p><\/p>\n<div style=\"font-family: Arial,Helvetica,sans-serif\"><b>Alinhamento:<\/b><\/div>\n<div style=\"font-family: Arial,Helvetica,sans-serif\"><\/div>\n<div style=\"font-family: Arial,Helvetica,sans-serif\">Perth<\/div>\n<div style=\"font-family: Arial,Helvetica,sans-serif\">Minnesota, WI<\/div>\n<div style=\"font-family: Arial,Helvetica,sans-serif\">Towers<\/div>\n<div style=\"font-family: Arial,Helvetica,sans-serif\">Holocene<\/div>\n<div style=\"font-family: Arial,Helvetica,sans-serif\">Creature Fear<\/div>\n<div style=\"font-family: Arial,Helvetica,sans-serif\">Flume<\/div>\n<div style=\"font-family: Arial,Helvetica,sans-serif\">Hinnom, TX<\/div>\n<div style=\"font-family: Arial,Helvetica,sans-serif\">Wash.<\/div>\n<div style=\"font-family: Arial,Helvetica,sans-serif\">Brackett, WI<\/div>\n<div style=\"font-family: Arial,Helvetica,sans-serif\">Blood Bank<br \/>Who Is It (Bjork Cover)<\/div>\n<div style=\"font-family: Arial,Helvetica,sans-serif\">Re: Stacks<br \/>Calgary<\/div>\n<div style=\"font-family: Arial,Helvetica,sans-serif\">Wolves )Act I and II)<\/div>\n<p><b><span style=\"font-family: Arial,Helvetica,sans-serif\">Encore<\/span><\/b><br \/><span style=\"font-family: Arial,Helvetica,sans-serif\">Skinny Love<\/span><br \/><span style=\"font-family: Arial,Helvetica,sans-serif\">Beth\/Rest<\/span><br \/><span style=\"font-family: Arial,Helvetica,sans-serif\">For Emma<\/span><br \/><span style=\"border-collapse: separate;color: black;font-family: 'Times New Roman';font-size: small;font-style: normal;font-variant: normal;font-weight: normal;letter-spacing: normal;line-height: normal;text-indent: 0px;text-transform: none\"><span style=\"color: #333333;font-family: arial,sans-serif;font-size: 14px;line-height: 19px\"><span><\/span><\/span><\/span><br \/><span style=\"border-collapse: separate;color: black;font-family: 'Times New Roman';font-size: small;font-style: normal;font-variant: normal;font-weight: normal;letter-spacing: normal;line-height: normal;text-indent: 0px;text-transform: none\"><span style=\"color: #333333;font-family: arial,sans-serif;font-size: 14px;line-height: 19px\"><\/span><\/span><span style=\"border-collapse: separate;color: black;font-family: 'Times New Roman';font-size: small;font-style: normal;font-variant: normal;font-weight: normal;letter-spacing: normal;line-height: normal;text-indent: 0px;text-transform: none\"><span style=\"color: #333333;font-family: arial,sans-serif;font-size: 16px\"><\/span><\/span><\/p>","protected":false},"excerpt":{"rendered":"<p>Est\u00e1 dispon\u00edvel para audi\u00e7\u00e3o (AQUI) e download (MP3 AQUI), o concerto inteiro (1h30m) que Bon Iver deu ontem no 9:30 Club em Washington, D.C. Numa enorme presta\u00e7\u00e3o, Justin Vernon apresentou um alinhamento contemplando m\u00fasicas dos seus dois \u00e1lbuns, bem como, dois temas especiais: &#8220;Brackett, WI&#8221; de \u00abDark Was The Night&#8217;s\u00bb e &#8220;Who Is It&#8221; cover<\/p>","protected":false},"author":1,"featured_media":0,"comment_status":"open","ping_status":"open","sticky":false,"template":"","format":"standard","meta":[],"categories":[1],"tags":[],"_links":{"self":[{"href":"https:\/\/www.ecletismomusical.pt\/en\/wp-json\/wp\/v2\/posts\/347"}],"collection":[{"href":"https:\/\/www.ecletismomusical.pt\/en\/wp-json\/wp\/v2\/posts"}],"about":[{"href":"https:\/\/www.ecletismomusical.pt\/en\/wp-json\/wp\/v2\/types\/post"}],"author":[{"embeddable":true,"href":"https:\/\/www.ecletismomusical.pt\/en\/wp-json\/wp\/v2\/users\/1"}],"replies":[{"embeddable":true,"href":"https:\/\/www.ecletismomusical.pt\/en\/wp-json\/wp\/v2\/comments?post=347"}],"version-history":[{"count":0,"href":"https:\/\/www.ecletismomusical.pt\/en\/wp-json\/wp\/v2\/posts\/347\/revisions"}],"wp:attachment":[{"href":"https:\/\/www.ecletismomusical.pt\/en\/wp-json\/wp\/v2\/media?parent=347"}],"wp:term":[{"taxonomy":"category","embeddable":true,"href":"https:\/\/www.ecletismomusical.pt\/en\/wp-json\/wp\/v2\/categories?post=347"},{"taxonomy":"post_tag","embeddable":true,"href":"https:\/\/www.ecletismomusical.pt\/en\/wp-json\/wp\/v2\/tags?post=347"}],"curies":[{"name":"wp","href":"https:\/\/api.w.org\/{rel}","templated":true}]}}