{"id":348,"date":"2011-08-02T20:50:00","date_gmt":"2011-08-02T20:50:00","guid":{"rendered":"https:\/\/ecletismomusical.pt\/jose-afonso-2-de-agosto-de-1929-23-de-fevereiro-de-1987\/"},"modified":"2011-08-02T20:50:00","modified_gmt":"2011-08-02T20:50:00","slug":"jose-afonso-2-de-agosto-de-1929-23-de-fevereiro-de-1987","status":"publish","type":"post","link":"https:\/\/www.ecletismomusical.pt\/en\/jose-afonso-2-de-agosto-de-1929-23-de-fevereiro-de-1987\/","title":{"rendered":"Jos\u00e9 Afonso: 2 de Agosto de 1929 \/ 23 de Fevereiro de 1987"},"content":{"rendered":"<div style=\"clear: both;text-align: center\"><a href=\"http:\/\/4.bp.blogspot.com\/-82thRScQXPQ\/Tjhbe2PPQXI\/AAAAAAAAAM0\/x1AeR7-p6lU\/s1600\/6163b3f9.jpg\" style=\"clear: left;float: left;margin-bottom: 1em;margin-right: 1em\"><img height=\"213\" src=\"http:\/\/4.bp.blogspot.com\/-82thRScQXPQ\/Tjhbe2PPQXI\/AAAAAAAAAM0\/x1AeR7-p6lU\/s320\/6163b3f9.jpg\" width=\"320\" \/><\/a><\/div>\n<p><\/p>\n<div style=\"font-family: Arial,Helvetica,sans-serif;text-align: justify\">Relembrar <a href=\"http:\/\/www.aja.pt\/\"><b>Zeca Afonso<\/b><\/a> nunca ser\u00e1 uma obriga\u00e7\u00e3o. \u00c9 simplesmente uma necessidade! <b>Faz hoje 82 anos<\/b> que nasceu um dos maiores de sempre!<\/p>\n<\/div>\n<p><iframe allowfullscreen=\"\" frameborder=\"0\" height=\"349\" src=\"http:\/\/www.youtube.com\/embed\/ZUEeBhhuUos\" width=\"425\"><\/iframe><\/p>\n<div style=\"font-family: Arial,Helvetica,sans-serif;text-align: justify\"><\/div>\n<div style=\"font-family: Arial,Helvetica,sans-serif;text-align: justify\">E, se alguma prova fosse necess\u00e1ria para medir a dimens\u00e3o da sua obra, bastar-nos-\u00e1 pensar no n\u00famero de tributos, vers\u00f5es, revisita\u00e7\u00f5es que t\u00eam vindo a ser feita ao longo dos tempos. Algumas de gosto discut\u00edvel, outras, de incontorn\u00e1vel bom gosto, como \u00e9 o caso da destacada no post anterior.<\/p>\n<\/div>\n<p><iframe allowfullscreen=\"\" frameborder=\"0\" height=\"349\" src=\"http:\/\/www.youtube.com\/embed\/qHVT0LGriGs\" width=\"425\"><\/iframe><\/p>\n<div style=\"font-family: Arial,Helvetica,sans-serif;text-align: justify\"><\/div>\n<div style=\"font-family: Arial,Helvetica,sans-serif;text-align: justify\">Mais, num Portugal que n\u00e3o perdeu, infelizmente, parte do seu cinzentismo, do seu provincianismo e de toda a hipocrisia bacoca instalada \u00e9 de real\u00e7ar que, no caso de Zeca, ao contr\u00e1rio do que aconteceu a outros, a arte venceu! <\/p>\n<\/div>\n<p><iframe allowfullscreen=\"\" frameborder=\"0\" height=\"349\" src=\"http:\/\/www.youtube.com\/embed\/2yZkC3YCU20\" width=\"425\"><\/iframe><\/p>\n<div style=\"font-family: Arial,Helvetica,sans-serif;text-align: justify\"><\/div>\n<div style=\"font-family: Arial,Helvetica,sans-serif;text-align: justify\">Pese embora reconhecido como o maior cantor portugu\u00eas de Interven\u00e7\u00e3o, a sua obra extravasa largamente esse campo e a genialidade e a (aparente) simplicidade da sua escrita, fazem com que Zeca seja, para sempre, um nome Maior da m\u00fasica portuguesa. <\/p>\n<p><iframe allowfullscreen=\"\" frameborder=\"0\" height=\"349\" src=\"http:\/\/www.youtube.com\/embed\/h8TpRnMU09M\" width=\"425\"><\/iframe><\/div>\n<div style=\"font-family: Arial,Helvetica,sans-serif;text-align: justify\"><\/div>\n<div style=\"font-family: Arial,Helvetica,sans-serif;text-align: justify\"><b>Um Imortal!<\/b><\/p>\n<p><iframe allowfullscreen=\"\" frameborder=\"0\" height=\"349\" src=\"http:\/\/www.youtube.com\/embed\/JXu1mzVISAc\" width=\"425\"><\/iframe><\/p>\n<p>Para quem quiser conhecer mais sobre a vida e a obra deste mestre, nada melhor do que percorrer os menus do <b>site da associa\u00e7\u00e3o Jos\u00e9 Afonso<\/b>: <a href=\"http:\/\/www.aja.pt\/\">http:\/\/www.aja.pt<\/a><\/div>","protected":false},"excerpt":{"rendered":"<p>Relembrar Zeca Afonso nunca ser\u00e1 uma obriga\u00e7\u00e3o. \u00c9 simplesmente uma necessidade! Faz hoje 82 anos que nasceu um dos maiores de sempre! E, se alguma prova fosse necess\u00e1ria para medir a dimens\u00e3o da sua obra, bastar-nos-\u00e1 pensar no n\u00famero de tributos, vers\u00f5es, revisita\u00e7\u00f5es que t\u00eam vindo a ser feita ao longo dos tempos. Algumas de<\/p>","protected":false},"author":1,"featured_media":0,"comment_status":"open","ping_status":"open","sticky":false,"template":"","format":"standard","meta":[],"categories":[1],"tags":[],"_links":{"self":[{"href":"https:\/\/www.ecletismomusical.pt\/en\/wp-json\/wp\/v2\/posts\/348"}],"collection":[{"href":"https:\/\/www.ecletismomusical.pt\/en\/wp-json\/wp\/v2\/posts"}],"about":[{"href":"https:\/\/www.ecletismomusical.pt\/en\/wp-json\/wp\/v2\/types\/post"}],"author":[{"embeddable":true,"href":"https:\/\/www.ecletismomusical.pt\/en\/wp-json\/wp\/v2\/users\/1"}],"replies":[{"embeddable":true,"href":"https:\/\/www.ecletismomusical.pt\/en\/wp-json\/wp\/v2\/comments?post=348"}],"version-history":[{"count":0,"href":"https:\/\/www.ecletismomusical.pt\/en\/wp-json\/wp\/v2\/posts\/348\/revisions"}],"wp:attachment":[{"href":"https:\/\/www.ecletismomusical.pt\/en\/wp-json\/wp\/v2\/media?parent=348"}],"wp:term":[{"taxonomy":"category","embeddable":true,"href":"https:\/\/www.ecletismomusical.pt\/en\/wp-json\/wp\/v2\/categories?post=348"},{"taxonomy":"post_tag","embeddable":true,"href":"https:\/\/www.ecletismomusical.pt\/en\/wp-json\/wp\/v2\/tags?post=348"}],"curies":[{"name":"wp","href":"https:\/\/api.w.org\/{rel}","templated":true}]}}