{"id":3485,"date":"2018-10-30T14:49:58","date_gmt":"2018-10-30T14:49:58","guid":{"rendered":"https:\/\/www.ecletismomusical.pt\/?p=3485"},"modified":"2018-10-30T14:50:42","modified_gmt":"2018-10-30T14:50:42","slug":"new-album-maro-manuel-rocha-maro-manel","status":"publish","type":"post","link":"https:\/\/www.ecletismomusical.pt\/en\/new-album-maro-manuel-rocha-maro-manel\/","title":{"rendered":"[New Album] MARO &#038; Manuel Rocha &#8211; Maro &#038; Manel"},"content":{"rendered":"<p><img class=\"alignnone wp-image-3486\" src=\"https:\/\/www.ecletismomusical.pt\/wp-content\/uploads\/2018\/10\/image001.jpg\" alt=\"\" width=\"370\" height=\"370\" srcset=\"https:\/\/www.ecletismomusical.pt\/wp-content\/uploads\/2018\/10\/image001.jpg 1000w, https:\/\/www.ecletismomusical.pt\/wp-content\/uploads\/2018\/10\/image001-150x150.jpg 150w, https:\/\/www.ecletismomusical.pt\/wp-content\/uploads\/2018\/10\/image001-300x300.jpg 300w, https:\/\/www.ecletismomusical.pt\/wp-content\/uploads\/2018\/10\/image001-768x768.jpg 768w\" \/><\/p>\n<p><span style=\"font-family: verdana, geneva, sans-serif\">A talentosa <a href=\"https:\/\/www.facebook.com\/maro.mus\/\"><strong>MARO <\/strong><\/a>(reler entrevista: <strong><a href=\"https:\/\/www.ecletismomusical.pt\/en\/entrevista-maro\/\">Aqui!<\/a>)<\/strong>\u00a0volta a apresentar-se em Portugu\u00eas, depois do trabalho com BLANDA (review <a href=\"https:\/\/www.ecletismomusical.pt\/en\/review-maro-blanda-mistake-to-be-learned-ep\/\">Aqui!<\/a>). Desta vez, no dia em que completa 24 anos, <strong>MARO<\/strong>, em colabora\u00e7\u00e3o com <strong>Manuel Rocha<\/strong>, jovem guitarrista e cantautor portugu\u00ea, lan\u00e7a um novo \u00e1lbum inteiramente em Portugu\u00eas.<\/span><\/p>\n<p><span style=\"font-family: verdana, geneva, sans-serif\">Em <strong>&#8220;Maro &amp; Manel&#8221; (Para ouvir <a href=\"https:\/\/www.youtube.com\/playlist?list=PLR_A7fCF7Rh6p7AoXS1dgYV-cUFWVD2wa\">aqui!<\/a>)<\/strong>, contam-se &#8220;hist\u00f3rias sobre rela\u00e7\u00f5es, experi\u00eancias e outros pequenos grandes prazeres da vida, sob uma\u00a0 perspectiva terna e divertida. S\u00e3o hist\u00f3rias que nos embalam, com vontade de despertar a crian\u00e7a que h\u00e1 em todos n\u00f3s.&#8221;<\/span><\/p>\n<p style=\"font-weight: 400\"><span style=\"font-family: verdana, geneva, sans-serif\">As 11 can\u00e7\u00f5es deste \u00e1lbum integram o conjunto de 42 temas que ser\u00e3o levados a vota\u00e7\u00e3o para definir a setlist do concerto da artista \u201cThe Jukebox Tour 2019\u201d, no Pequeno Audit\u00f3rio do CCB, dia 5 de Janeiro de 2019.<\/span><\/p>\n<p><iframe src=\"https:\/\/www.youtube.com\/embed\/1_gDNgZHACI\" width=\"560\" height=\"315\" frameborder=\"0\" allowfullscreen=\"allowfullscreen\"><\/iframe><\/p>","protected":false},"excerpt":{"rendered":"<p>A talentosa MARO (reler entrevista: Aqui!)\u00a0volta a apresentar-se em Portugu\u00eas, depois do trabalho com BLANDA (review Aqui!). Desta vez, no dia em que completa 24 anos, MARO, em colabora\u00e7\u00e3o com Manuel Rocha, jovem guitarrista e cantautor portugu\u00ea, lan\u00e7a um novo \u00e1lbum inteiramente em Portugu\u00eas. Em &#8220;Maro &amp; Manel&#8221; (Para ouvir aqui!), contam-se &#8220;hist\u00f3rias sobre rela\u00e7\u00f5es,<\/p>","protected":false},"author":3,"featured_media":3486,"comment_status":"open","ping_status":"open","sticky":false,"template":"","format":"video","meta":[],"categories":[529],"tags":[271,530,85],"_links":{"self":[{"href":"https:\/\/www.ecletismomusical.pt\/en\/wp-json\/wp\/v2\/posts\/3485"}],"collection":[{"href":"https:\/\/www.ecletismomusical.pt\/en\/wp-json\/wp\/v2\/posts"}],"about":[{"href":"https:\/\/www.ecletismomusical.pt\/en\/wp-json\/wp\/v2\/types\/post"}],"author":[{"embeddable":true,"href":"https:\/\/www.ecletismomusical.pt\/en\/wp-json\/wp\/v2\/users\/3"}],"replies":[{"embeddable":true,"href":"https:\/\/www.ecletismomusical.pt\/en\/wp-json\/wp\/v2\/comments?post=3485"}],"version-history":[{"count":1,"href":"https:\/\/www.ecletismomusical.pt\/en\/wp-json\/wp\/v2\/posts\/3485\/revisions"}],"predecessor-version":[{"id":3487,"href":"https:\/\/www.ecletismomusical.pt\/en\/wp-json\/wp\/v2\/posts\/3485\/revisions\/3487"}],"wp:featuredmedia":[{"embeddable":true,"href":"https:\/\/www.ecletismomusical.pt\/en\/wp-json\/wp\/v2\/media\/3486"}],"wp:attachment":[{"href":"https:\/\/www.ecletismomusical.pt\/en\/wp-json\/wp\/v2\/media?parent=3485"}],"wp:term":[{"taxonomy":"category","embeddable":true,"href":"https:\/\/www.ecletismomusical.pt\/en\/wp-json\/wp\/v2\/categories?post=3485"},{"taxonomy":"post_tag","embeddable":true,"href":"https:\/\/www.ecletismomusical.pt\/en\/wp-json\/wp\/v2\/tags?post=3485"}],"curies":[{"name":"wp","href":"https:\/\/api.w.org\/{rel}","templated":true}]}}