{"id":3491,"date":"2018-10-31T10:17:29","date_gmt":"2018-10-31T10:17:29","guid":{"rendered":"https:\/\/www.ecletismomusical.pt\/?p=3491"},"modified":"2018-10-31T10:18:23","modified_gmt":"2018-10-31T10:18:23","slug":"obrigatorio-a-historia-do-hip-hop-tuga","status":"publish","type":"post","link":"https:\/\/www.ecletismomusical.pt\/en\/obrigatorio-a-historia-do-hip-hop-tuga\/","title":{"rendered":"[Obrigat\u00f3rio] A Hist\u00f3ria do Hip Hop Tuga"},"content":{"rendered":"<p><img class=\"alignnone size-full wp-image-3492\" src=\"https:\/\/www.ecletismomusical.pt\/wp-content\/uploads\/2018\/10\/historia.jpg\" alt=\"\" width=\"600\" height=\"270\" srcset=\"https:\/\/www.ecletismomusical.pt\/wp-content\/uploads\/2018\/10\/historia.jpg 600w, https:\/\/www.ecletismomusical.pt\/wp-content\/uploads\/2018\/10\/historia-300x135.jpg 300w\" \/><\/p>\n<p><span style=\"font-family: verdana, geneva, sans-serif\">No dia <strong>8 de Mar\u00e7o de 2019<\/strong>, a Altice Arena vai assistir a um momento hist\u00f3rico no movimento nacional. Depois de uma primeira apresenta\u00e7\u00e3o do espect\u00e1culo<strong> &#8220;A Hist\u00f3ria do Hip Hop Tuga&#8221;<\/strong>, no\u00a0Sumol Summer Fest 2017, desta vez ser\u00e1 na maior sala do pa\u00eds e com um cartaz muito refor\u00e7ado.<\/span><\/p>\n<p><span style=\"font-family: verdana, geneva, sans-serif\">O ponto de partida \u00e9 o mesmo: reunir em palco uma boa parte dos nomes mais representativos dos \u00faltimos 20 anos do hip hop nacional, em celebra\u00e7\u00e3o do lugar de destaque em que hoje encontramos a cultura hip hop, mais forte do que nunca.<\/span><\/p>\n<p><span style=\"font-family: verdana, geneva, sans-serif\">Dos hist\u00f3ricos <strong>Ace &amp; Presto, Black Company, Boss AC, Chullage, Dealema, General D, Micro, NBC ou Sam The Kid<\/strong>, a nomes da nova escola como <strong>Dillaz, Phoenix, Piruka ou Profham ,<\/strong> a celebra\u00e7\u00e3o ser\u00e1 em grande. Contando ainda com os melhores DJs do pa\u00eds:\u00a0<strong>Bomberjack, Cruzfader, Kronic, Nel Assassin.<\/strong><\/span><br \/>\n<span style=\"font-family: verdana, geneva, sans-serif\">\u00a0<\/span><\/p>\n<p><span style=\"font-family: verdana, geneva, sans-serif\"><strong>Vhils<\/strong>\u00a0aceitou o desafio de criar a imagem que serve de suporte \u00e0 comunica\u00e7\u00e3o deste espet\u00e1culo.\u00a0<\/span><br \/>\n<span style=\"font-family: verdana, geneva, sans-serif\">Cartaz Completo:<\/span><br \/>\n<span style=\"font-family: verdana, geneva, sans-serif\">\u00a0<\/span><br \/>\n<span style=\"font-family: verdana, geneva, sans-serif\">MCs:\u00a0<strong>Ace &amp; Presto, Bispo, Black Company, Bob Da Rage Sense, Boss AC, Capicua, Carl\u00e3o, Chullage, Dealema, Deau, Dillaz, General D, GROGNation, Holly Hood, Micro, NBC, Nerve, NGA, Phoenix, RDC, Piruka, ProfJam, RDC, Sam The Kid, Sanryse &amp; Blasph, Sir Scratch, SP &amp; Wilson, Tekilla, Tribruto, Vado Mas Ki \u00c1s, Wet Bed Gang, Xeg.<\/strong><\/span><\/p>\n<p><span style=\"font-family: verdana, geneva, sans-serif\">DJs:\u00a0<strong>Bomberjack, Cruzfader, Kronic, Nel Assassin<\/strong><\/span><\/p>\n<p><span style=\"font-family: verdana, geneva, sans-serif\"><span class=\"m_6074721167229605892gr-progress\">Bboys<\/span>:\u00a0<strong>12 Macacos,\u00a0<\/strong><strong>Gaiolin<\/strong><strong>\u00a0City Breakers\u00a0<\/strong><\/span><\/p>\n<p><span style=\"font-family: verdana, geneva, sans-serif\">Writers:<strong>\u00a0Nomem, Youthone<\/strong><\/span><\/p>\n<p><span style=\"font-family: verdana, geneva, sans-serif\"><strong>Os bilhetes encontram-se \u00e0 venda na Blueticket e locais habituais<\/strong>, e o pre\u00e7o varia\u00a0<strong>entre os 20 e os 25 euros<\/strong>.<\/span><\/p>","protected":false},"excerpt":{"rendered":"<p>No dia 8 de Mar\u00e7o de 2019, a Altice Arena vai assistir a um momento hist\u00f3rico no movimento nacional. Depois de uma primeira apresenta\u00e7\u00e3o do espect\u00e1culo &#8220;A Hist\u00f3ria do Hip Hop Tuga&#8221;, no\u00a0Sumol Summer Fest 2017, desta vez ser\u00e1 na maior sala do pa\u00eds e com um cartaz muito refor\u00e7ado. O ponto de partida \u00e9<\/p>","protected":false},"author":3,"featured_media":3492,"comment_status":"open","ping_status":"open","sticky":false,"template":"","format":"standard","meta":[],"categories":[23],"tags":[532,45],"_links":{"self":[{"href":"https:\/\/www.ecletismomusical.pt\/en\/wp-json\/wp\/v2\/posts\/3491"}],"collection":[{"href":"https:\/\/www.ecletismomusical.pt\/en\/wp-json\/wp\/v2\/posts"}],"about":[{"href":"https:\/\/www.ecletismomusical.pt\/en\/wp-json\/wp\/v2\/types\/post"}],"author":[{"embeddable":true,"href":"https:\/\/www.ecletismomusical.pt\/en\/wp-json\/wp\/v2\/users\/3"}],"replies":[{"embeddable":true,"href":"https:\/\/www.ecletismomusical.pt\/en\/wp-json\/wp\/v2\/comments?post=3491"}],"version-history":[{"count":1,"href":"https:\/\/www.ecletismomusical.pt\/en\/wp-json\/wp\/v2\/posts\/3491\/revisions"}],"predecessor-version":[{"id":3493,"href":"https:\/\/www.ecletismomusical.pt\/en\/wp-json\/wp\/v2\/posts\/3491\/revisions\/3493"}],"wp:featuredmedia":[{"embeddable":true,"href":"https:\/\/www.ecletismomusical.pt\/en\/wp-json\/wp\/v2\/media\/3492"}],"wp:attachment":[{"href":"https:\/\/www.ecletismomusical.pt\/en\/wp-json\/wp\/v2\/media?parent=3491"}],"wp:term":[{"taxonomy":"category","embeddable":true,"href":"https:\/\/www.ecletismomusical.pt\/en\/wp-json\/wp\/v2\/categories?post=3491"},{"taxonomy":"post_tag","embeddable":true,"href":"https:\/\/www.ecletismomusical.pt\/en\/wp-json\/wp\/v2\/tags?post=3491"}],"curies":[{"name":"wp","href":"https:\/\/api.w.org\/{rel}","templated":true}]}}