{"id":350,"date":"2011-07-26T19:35:00","date_gmt":"2011-07-26T19:35:00","guid":{"rendered":"https:\/\/ecletismomusical.pt\/trailer-pearl-jam-twenty\/"},"modified":"2011-07-26T19:35:00","modified_gmt":"2011-07-26T19:35:00","slug":"trailer-pearl-jam-twenty","status":"publish","type":"post","link":"https:\/\/www.ecletismomusical.pt\/en\/trailer-pearl-jam-twenty\/","title":{"rendered":"[Trailer] Pearl Jam Twenty"},"content":{"rendered":"<div style=\"clear: both;text-align: center\"><a href=\"http:\/\/2.bp.blogspot.com\/-2Ixkr4rA2_g\/Ti8U37MxfnI\/AAAAAAAAAMs\/A-jod2hJ7RI\/s1600\/Pearl-Jam-Twenty-Poster-1.jpg\" style=\"clear: left;float: left;margin-bottom: 1em;margin-right: 1em\"><img height=\"400\" src=\"http:\/\/2.bp.blogspot.com\/-2Ixkr4rA2_g\/Ti8U37MxfnI\/AAAAAAAAAMs\/A-jod2hJ7RI\/s400\/Pearl-Jam-Twenty-Poster-1.jpg\" width=\"258\" \/><\/a><\/div>\n<div style=\"font-family: Arial,Helvetica,sans-serif;text-align: justify\"><\/div>\n<div style=\"font-family: Arial,Helvetica,sans-serif;text-align: justify\">\n<p>Foi divulgado hoje o primeiro trailer de <b>\u00abPearl Jam Twenty\u00bb<\/b>, document\u00e1rio sobre os 20 anos da banda de Seatle que \u00e9 digirido por<b> Cameron Crowe<\/b>.<\/div>\n<div style=\"font-family: Arial,Helvetica,sans-serif;text-align: justify\"><\/div>\n<div style=\"font-family: Arial,Helvetica,sans-serif;text-align: justify\">O v\u00eddeo come\u00e7a com <b>Eddie Vedder<\/b> a ser entrevistado pelo \u00edcone <b>David Lynch<\/b> e mostra tamb\u00e9m imagens de concertos e um depoimento de<b> Chris Cornell (Soundgarden, Audioslave)<\/b>.<\/div>\n<div style=\"font-family: Arial,Helvetica,sans-serif;text-align: justify\"><\/div>\n<div style=\"font-family: Arial,Helvetica,sans-serif;text-align: justify\">O Document\u00e1rio tem estreia marcada para o <b>Festival de Toronto a 10 de Setembro<\/b> e chega aos cinemas americanos a 20 de Setembro. Sendo que a banda sonora j\u00e1 se encontra em pr\u00e9-venda: <b><a href=\"http:\/\/www.pj20.com\/\">Aqui!<\/a><\/b><\/div>\n<p><iframe frameborder=\"0\" height=\"225\" src=\"http:\/\/player.vimeo.com\/video\/26633994?title=0&amp;byline=0&amp;portrait=0&amp;color=ffffff\" width=\"400\"><\/iframe><br \/><a href=\"http:\/\/vimeo.com\/26633994\">Pearl Jam Twenty<\/a> from <a href=\"http:\/\/vimeo.com\/pearljamofficial\">Pearl Jam<\/a> on <a href=\"http:\/\/vimeo.com\/\">Vimeo<\/a>.<\/p>","protected":false},"excerpt":{"rendered":"<p>Foi divulgado hoje o primeiro trailer de \u00abPearl Jam Twenty\u00bb, document\u00e1rio sobre os 20 anos da banda de Seatle que \u00e9 digirido por Cameron Crowe. O v\u00eddeo come\u00e7a com Eddie Vedder a ser entrevistado pelo \u00edcone David Lynch e mostra tamb\u00e9m imagens de concertos e um depoimento de Chris Cornell (Soundgarden, Audioslave). O Document\u00e1rio tem<\/p>","protected":false},"author":1,"featured_media":0,"comment_status":"open","ping_status":"open","sticky":false,"template":"","format":"standard","meta":[],"categories":[1],"tags":[],"_links":{"self":[{"href":"https:\/\/www.ecletismomusical.pt\/en\/wp-json\/wp\/v2\/posts\/350"}],"collection":[{"href":"https:\/\/www.ecletismomusical.pt\/en\/wp-json\/wp\/v2\/posts"}],"about":[{"href":"https:\/\/www.ecletismomusical.pt\/en\/wp-json\/wp\/v2\/types\/post"}],"author":[{"embeddable":true,"href":"https:\/\/www.ecletismomusical.pt\/en\/wp-json\/wp\/v2\/users\/1"}],"replies":[{"embeddable":true,"href":"https:\/\/www.ecletismomusical.pt\/en\/wp-json\/wp\/v2\/comments?post=350"}],"version-history":[{"count":0,"href":"https:\/\/www.ecletismomusical.pt\/en\/wp-json\/wp\/v2\/posts\/350\/revisions"}],"wp:attachment":[{"href":"https:\/\/www.ecletismomusical.pt\/en\/wp-json\/wp\/v2\/media?parent=350"}],"wp:term":[{"taxonomy":"category","embeddable":true,"href":"https:\/\/www.ecletismomusical.pt\/en\/wp-json\/wp\/v2\/categories?post=350"},{"taxonomy":"post_tag","embeddable":true,"href":"https:\/\/www.ecletismomusical.pt\/en\/wp-json\/wp\/v2\/tags?post=350"}],"curies":[{"name":"wp","href":"https:\/\/api.w.org\/{rel}","templated":true}]}}