{"id":351,"date":"2011-07-22T12:33:00","date_gmt":"2011-07-22T12:33:00","guid":{"rendered":"https:\/\/ecletismomusical.pt\/festival-milhoes-de-festa\/"},"modified":"2011-07-22T12:33:00","modified_gmt":"2011-07-22T12:33:00","slug":"festival-milhoes-de-festa","status":"publish","type":"post","link":"https:\/\/www.ecletismomusical.pt\/en\/festival-milhoes-de-festa\/","title":{"rendered":"[Festival] Milh\u00f5es de Festa"},"content":{"rendered":"<div style=\"clear: both;text-align: center\"><a href=\"http:\/\/4.bp.blogspot.com\/-3oFK4S_dlUQ\/TilrNfJc-2I\/AAAAAAAAAMo\/Wm151XYB4ek\/s1600\/milhoesdefesta.jpg\" style=\"clear: left;float: left;margin-bottom: 1em;margin-right: 1em\"><img height=\"188\" src=\"http:\/\/4.bp.blogspot.com\/-3oFK4S_dlUQ\/TilrNfJc-2I\/AAAAAAAAAMo\/Wm151XYB4ek\/s320\/milhoesdefesta.jpg\" width=\"320\" \/><\/a><\/div>\n<div style=\"font-family: Arial,Helvetica,sans-serif;text-align: justify\"><\/div>\n<div style=\"font-family: Arial,Helvetica,sans-serif;text-align: justify\">Arranca hoje o <b><a href=\"http:\/\/www.milhoesdefesta.com\/\">Festival \u00abMilh\u00f5es de Festa\u00bb<\/a> <\/b>que, mais uma vez, pretende transformar os dias de Barcelos. Ser\u00e3o <b>75 bandas em tr\u00eas dias e cinco palcos<\/b> espalhados pela cidade de <b>Barcelos<\/b>. Num alinhamento muito alternativo, os cabe\u00e7as de cartaz ser\u00e3o os <b>Liars, Electrelane, Graveyard e Vivian Girls<\/b>, mas tamb\u00e9m se poder\u00e3o ouvir os <b>Washed Out<\/b> ou os <b><span style=\"font-size: small\"><span style=\"border-collapse: separate;color: black;font-style: normal;font-variant: normal;font-weight: normal;letter-spacing: normal;line-height: normal;text-indent: 0px;text-transform: none\"><span style=\"line-height: 16px;text-align: justify\">Secret Chiefs 3.<\/span><\/span><\/span><span style=\"font-size: small\"> <\/span><\/b>Mais do que as bandas, o principal destaque vai para a capacidade de iniciativa e para o empreendedorismo de <b>Joaquim Dur\u00e3es<\/b> e da editora <b>Lovers &amp; Lollypops<\/b>.&nbsp;<\/div>\n<div style=\"font-family: Arial,Helvetica,sans-serif;text-align: justify\"><\/div>\n<div style=\"font-family: Arial,Helvetica,sans-serif;text-align: justify\"><b>Cartaz e infos: <a href=\"http:\/\/www.milhoesdefesta.com\/\">AQUI! <\/a><\/b><\/div>\n<p><span style=\"border-collapse: separate;color: black;font-family: 'Times New Roman';font-size: small;font-style: normal;font-variant: normal;font-weight: normal;letter-spacing: normal;line-height: normal;text-indent: 0px;text-transform: none\"><span style=\"color: #222222;font-family: arial,'trebuchet ms',sans-serif;font-size: 12px;font-style: italic;text-align: left\"><br \/><\/span><\/span><iframe allowfullscreen=\"\" frameborder=\"0\" height=\"349\" src=\"http:\/\/www.youtube.com\/embed\/mlSfPmqiplY\" width=\"480\"><\/iframe><\/p>","protected":false},"excerpt":{"rendered":"<p>Arranca hoje o Festival \u00abMilh\u00f5es de Festa\u00bb que, mais uma vez, pretende transformar os dias de Barcelos. Ser\u00e3o 75 bandas em tr\u00eas dias e cinco palcos espalhados pela cidade de Barcelos. Num alinhamento muito alternativo, os cabe\u00e7as de cartaz ser\u00e3o os Liars, Electrelane, Graveyard e Vivian Girls, mas tamb\u00e9m se poder\u00e3o ouvir os Washed Out<\/p>","protected":false},"author":1,"featured_media":0,"comment_status":"open","ping_status":"open","sticky":false,"template":"","format":"standard","meta":[],"categories":[1],"tags":[],"_links":{"self":[{"href":"https:\/\/www.ecletismomusical.pt\/en\/wp-json\/wp\/v2\/posts\/351"}],"collection":[{"href":"https:\/\/www.ecletismomusical.pt\/en\/wp-json\/wp\/v2\/posts"}],"about":[{"href":"https:\/\/www.ecletismomusical.pt\/en\/wp-json\/wp\/v2\/types\/post"}],"author":[{"embeddable":true,"href":"https:\/\/www.ecletismomusical.pt\/en\/wp-json\/wp\/v2\/users\/1"}],"replies":[{"embeddable":true,"href":"https:\/\/www.ecletismomusical.pt\/en\/wp-json\/wp\/v2\/comments?post=351"}],"version-history":[{"count":0,"href":"https:\/\/www.ecletismomusical.pt\/en\/wp-json\/wp\/v2\/posts\/351\/revisions"}],"wp:attachment":[{"href":"https:\/\/www.ecletismomusical.pt\/en\/wp-json\/wp\/v2\/media?parent=351"}],"wp:term":[{"taxonomy":"category","embeddable":true,"href":"https:\/\/www.ecletismomusical.pt\/en\/wp-json\/wp\/v2\/categories?post=351"},{"taxonomy":"post_tag","embeddable":true,"href":"https:\/\/www.ecletismomusical.pt\/en\/wp-json\/wp\/v2\/tags?post=351"}],"curies":[{"name":"wp","href":"https:\/\/api.w.org\/{rel}","templated":true}]}}