{"id":353,"date":"2011-07-13T15:11:00","date_gmt":"2011-07-13T15:11:00","guid":{"rendered":"https:\/\/ecletismomusical.pt\/especial-festival-sbsr-o-que-ver-horarios-infos-dia-2\/"},"modified":"2011-07-13T15:11:00","modified_gmt":"2011-07-13T15:11:00","slug":"especial-festival-sbsr-o-que-ver-horarios-infos-dia-2","status":"publish","type":"post","link":"https:\/\/www.ecletismomusical.pt\/en\/especial-festival-sbsr-o-que-ver-horarios-infos-dia-2\/","title":{"rendered":"[Especial Festival SBSR] O que ver, hor\u00e1rios, infos &#8211; Dia 2"},"content":{"rendered":"<div style=\"clear: both;text-align: center\"><a href=\"http:\/\/3.bp.blogspot.com\/-7ehPO0CrdsY\/Th1rHeGvsRI\/AAAAAAAAAMk\/NH9HvFAnIZ8\/s1600\/sbsr.jpg\" style=\"clear: left;float: left;margin-bottom: 1em;margin-right: 1em\"><img height=\"197\" src=\"http:\/\/3.bp.blogspot.com\/-7ehPO0CrdsY\/Th1rHeGvsRI\/AAAAAAAAAMk\/NH9HvFAnIZ8\/s320\/sbsr.jpg\" width=\"320\" \/><\/a><\/div>\n<p><b><span style=\"font-size: large\"><br style=\"font-family: Arial,Helvetica,sans-serif\" \/><span style=\"font-family: Arial,Helvetica,sans-serif\"><br \/>Dia 2 &#8211; 15 de Julho&nbsp;<\/span><\/span><\/b><\/p>\n<div style=\"font-family: Arial,Helvetica,sans-serif\"><b><span style=\"font-size: large\"><span style=\"font-size: small\">Noiserv<\/span><\/span><\/b><\/div>\n<div style=\"font-family: Arial,Helvetica,sans-serif\"><span style=\"font-size: large\"><span style=\"font-size: small\">Palco Super Bock &#8211; 19h<\/span><\/span><b><span style=\"font-size: large\"><span style=\"font-size: small\"><br \/><\/span><\/span><iframe allowfullscreen=\"\" frameborder=\"0\" height=\"149\" src=\"http:\/\/www.youtube.com\/embed\/soNcQwMNNQ0\" width=\"285\"><\/iframe> <\/p>\n<p>Rodrigo Le\u00e3o &amp; Cinema Ensemble <\/b><br \/>Palco Super Bock &#8211; 20h<\/p>\n<p><iframe allowfullscreen=\"\" frameborder=\"0\" height=\"149\" src=\"http:\/\/www.youtube.com\/embed\/CTyPuuq9yLM\" width=\"280\"><\/iframe> <br \/>&nbsp;<\/div>\n<div style=\"font-family: Arial,Helvetica,sans-serif\"><\/div>\n<div style=\"font-family: Arial,Helvetica,sans-serif\"><b>The Gift&nbsp;<\/b><\/div>\n<div style=\"font-family: Arial,Helvetica,sans-serif\">Palco Super Bock &#8211; 21h20m<\/div>\n<div style=\"font-family: Arial,Helvetica,sans-serif\"><\/div>\n<div style=\"font-family: Arial,Helvetica,sans-serif\"><iframe allowfullscreen=\"\" frameborder=\"0\" height=\"149\" src=\"http:\/\/www.youtube.com\/embed\/frOxeDEKUF0\" width=\"280\"><\/iframe><br \/>&nbsp;<\/div>\n<div style=\"font-family: Arial,Helvetica,sans-serif\"><b>Portishead <\/b><br \/>Palco Super Bock &#8211; 22h50m<\/div>\n<div style=\"font-family: Arial,Helvetica,sans-serif\"><iframe allowfullscreen=\"\" frameborder=\"0\" height=\"149\" src=\"http:\/\/www.youtube.com\/embed\/GxsopQLZpCI\" width=\"280\"><\/iframe> <br \/>&nbsp;<\/div>\n<div style=\"font-family: Arial,Helvetica,sans-serif\"><b>ARCADE FIRE <\/b><br \/>Palco Super Bock &#8211; 0h45m<\/div>\n<p><iframe allowfullscreen=\"\" frameborder=\"0\" height=\"149\" src=\"http:\/\/www.youtube.com\/embed\/kQBLTB2cx38\" width=\"285\"><\/iframe><\/p>\n<div style=\"text-align: justify\"><span style=\"font-family: Arial,Helvetica,sans-serif\">Atendendo ao alinhamento do <b>Palco Super Bock<\/b>, ser\u00e1 complicado haver disponibilidade para grandes desloca\u00e7\u00f5es ao <b>Palco EDP e @Meco<\/b>, pese embora os interessantes concertos que por l\u00e1 ir\u00e3o passar, tais como: <b>B Fachada, The Legendary Tigerman, Chromeo, Rui Vargas ou Sven Vath.<\/b><\/span> <\/div>","protected":false},"excerpt":{"rendered":"<p>Dia 2 &#8211; 15 de Julho&nbsp; Noiserv Palco Super Bock &#8211; 19h Rodrigo Le\u00e3o &amp; Cinema Ensemble Palco Super Bock &#8211; 20h &nbsp; The Gift&nbsp; Palco Super Bock &#8211; 21h20m &nbsp; Portishead Palco Super Bock &#8211; 22h50m &nbsp; ARCADE FIRE Palco Super Bock &#8211; 0h45m Atendendo ao alinhamento do Palco Super Bock, ser\u00e1 complicado haver<\/p>","protected":false},"author":1,"featured_media":0,"comment_status":"open","ping_status":"open","sticky":false,"template":"","format":"standard","meta":[],"categories":[1],"tags":[],"_links":{"self":[{"href":"https:\/\/www.ecletismomusical.pt\/en\/wp-json\/wp\/v2\/posts\/353"}],"collection":[{"href":"https:\/\/www.ecletismomusical.pt\/en\/wp-json\/wp\/v2\/posts"}],"about":[{"href":"https:\/\/www.ecletismomusical.pt\/en\/wp-json\/wp\/v2\/types\/post"}],"author":[{"embeddable":true,"href":"https:\/\/www.ecletismomusical.pt\/en\/wp-json\/wp\/v2\/users\/1"}],"replies":[{"embeddable":true,"href":"https:\/\/www.ecletismomusical.pt\/en\/wp-json\/wp\/v2\/comments?post=353"}],"version-history":[{"count":0,"href":"https:\/\/www.ecletismomusical.pt\/en\/wp-json\/wp\/v2\/posts\/353\/revisions"}],"wp:attachment":[{"href":"https:\/\/www.ecletismomusical.pt\/en\/wp-json\/wp\/v2\/media?parent=353"}],"wp:term":[{"taxonomy":"category","embeddable":true,"href":"https:\/\/www.ecletismomusical.pt\/en\/wp-json\/wp\/v2\/categories?post=353"},{"taxonomy":"post_tag","embeddable":true,"href":"https:\/\/www.ecletismomusical.pt\/en\/wp-json\/wp\/v2\/tags?post=353"}],"curies":[{"name":"wp","href":"https:\/\/api.w.org\/{rel}","templated":true}]}}