{"id":3560,"date":"2018-11-06T10:52:17","date_gmt":"2018-11-06T10:52:17","guid":{"rendered":"https:\/\/www.ecletismomusical.pt\/?p=3560"},"modified":"2018-11-06T10:55:54","modified_gmt":"2018-11-06T10:55:54","slug":"new-ep-samuel-uria-marcha-atroz","status":"publish","type":"post","link":"https:\/\/www.ecletismomusical.pt\/en\/new-ep-samuel-uria-marcha-atroz\/","title":{"rendered":"[New EP] Samuel \u00daria &#8211; Marcha Atroz"},"content":{"rendered":"<p><img class=\"alignnone wp-image-3561\" src=\"https:\/\/www.ecletismomusical.pt\/wp-content\/uploads\/2018\/11\/45121856_2181713468527675_108463480595546112_n.jpg\" alt=\"\" width=\"455\" height=\"455\" srcset=\"https:\/\/www.ecletismomusical.pt\/wp-content\/uploads\/2018\/11\/45121856_2181713468527675_108463480595546112_n.jpg 800w, https:\/\/www.ecletismomusical.pt\/wp-content\/uploads\/2018\/11\/45121856_2181713468527675_108463480595546112_n-150x150.jpg 150w, https:\/\/www.ecletismomusical.pt\/wp-content\/uploads\/2018\/11\/45121856_2181713468527675_108463480595546112_n-300x300.jpg 300w, https:\/\/www.ecletismomusical.pt\/wp-content\/uploads\/2018\/11\/45121856_2181713468527675_108463480595546112_n-768x768.jpg 768w\" \/><\/p>\n<p><span style=\"font-family: verdana, geneva, sans-serif\"><a href=\"https:\/\/www.facebook.com\/samu3luria\"><strong>Samuel \u00daria<\/strong><\/a> lan\u00e7ou um\u00a0EP Mini \u00e1lbum <strong>&#8220;Marcha Atroz&#8221;<\/strong> (2018) com quatro can\u00e7\u00f5es originais. \u00c9 poss\u00edvel assistir no Youtube aos quatro videoclips realizados pela <a href=\"https:\/\/www.facebook.com\/joana.0.linda\"><strong>Joana Linda<\/strong><\/a>.\u00a0<\/span><\/p>\n<p><span style=\"font-family: verdana, geneva, sans-serif\">Simultaneamente, Samuel \u00daria reeditou em vinil os seus anteriores \u00e1lbuns: &#8220;Nem Lhe Tocava&#8221;, &#8220;O Grande Medo do Pequeno Mundo&#8221; e &#8220;Carga de Ombro&#8221;.\u00a0<\/span><\/p>\n<p><iframe src=\"https:\/\/www.youtube.com\/embed\/Y-tdPe_IJx0\" width=\"560\" height=\"315\" frameborder=\"0\" allowfullscreen=\"allowfullscreen\"><\/iframe><\/p>\n<p><iframe src=\"https:\/\/www.youtube.com\/embed\/QVScuvUZXEY\" width=\"560\" height=\"315\" frameborder=\"0\" allowfullscreen=\"allowfullscreen\"><\/iframe><\/p>\n<p><iframe src=\"https:\/\/www.youtube.com\/embed\/kF_gneZZLRk\" width=\"560\" height=\"315\" frameborder=\"0\" allowfullscreen=\"allowfullscreen\"><\/iframe><\/p>\n<p><iframe src=\"https:\/\/www.youtube.com\/embed\/MF5D8akAxng\" width=\"560\" height=\"315\" frameborder=\"0\" allowfullscreen=\"allowfullscreen\"><\/iframe><\/p>","protected":false},"excerpt":{"rendered":"<p>Samuel \u00daria lan\u00e7ou um\u00a0EP Mini \u00e1lbum &#8220;Marcha Atroz&#8221; (2018) com quatro can\u00e7\u00f5es originais. \u00c9 poss\u00edvel assistir no Youtube aos quatro videoclips realizados pela Joana Linda.\u00a0 Simultaneamente, Samuel \u00daria reeditou em vinil os seus anteriores \u00e1lbuns: &#8220;Nem Lhe Tocava&#8221;, &#8220;O Grande Medo do Pequeno Mundo&#8221; e &#8220;Carga de Ombro&#8221;.\u00a0<\/p>","protected":false},"author":3,"featured_media":3563,"comment_status":"open","ping_status":"open","sticky":false,"template":"","format":"video","meta":[],"categories":[529],"tags":[125,85,434,548],"_links":{"self":[{"href":"https:\/\/www.ecletismomusical.pt\/en\/wp-json\/wp\/v2\/posts\/3560"}],"collection":[{"href":"https:\/\/www.ecletismomusical.pt\/en\/wp-json\/wp\/v2\/posts"}],"about":[{"href":"https:\/\/www.ecletismomusical.pt\/en\/wp-json\/wp\/v2\/types\/post"}],"author":[{"embeddable":true,"href":"https:\/\/www.ecletismomusical.pt\/en\/wp-json\/wp\/v2\/users\/3"}],"replies":[{"embeddable":true,"href":"https:\/\/www.ecletismomusical.pt\/en\/wp-json\/wp\/v2\/comments?post=3560"}],"version-history":[{"count":1,"href":"https:\/\/www.ecletismomusical.pt\/en\/wp-json\/wp\/v2\/posts\/3560\/revisions"}],"predecessor-version":[{"id":3564,"href":"https:\/\/www.ecletismomusical.pt\/en\/wp-json\/wp\/v2\/posts\/3560\/revisions\/3564"}],"wp:featuredmedia":[{"embeddable":true,"href":"https:\/\/www.ecletismomusical.pt\/en\/wp-json\/wp\/v2\/media\/3563"}],"wp:attachment":[{"href":"https:\/\/www.ecletismomusical.pt\/en\/wp-json\/wp\/v2\/media?parent=3560"}],"wp:term":[{"taxonomy":"category","embeddable":true,"href":"https:\/\/www.ecletismomusical.pt\/en\/wp-json\/wp\/v2\/categories?post=3560"},{"taxonomy":"post_tag","embeddable":true,"href":"https:\/\/www.ecletismomusical.pt\/en\/wp-json\/wp\/v2\/tags?post=3560"}],"curies":[{"name":"wp","href":"https:\/\/api.w.org\/{rel}","templated":true}]}}