{"id":3565,"date":"2018-11-07T13:14:25","date_gmt":"2018-11-07T13:14:25","guid":{"rendered":"https:\/\/www.ecletismomusical.pt\/?p=3565"},"modified":"2018-11-07T13:15:09","modified_gmt":"2018-11-07T13:15:09","slug":"live-surma-senoritas-nyika-indiegente-live","status":"publish","type":"post","link":"https:\/\/www.ecletismomusical.pt\/en\/live-surma-senoritas-nyika-indiegente-live\/","title":{"rendered":"[Live] Surma &#038; Se\u00f1oritas &#8211; Nyika (Indiegente Live)"},"content":{"rendered":"<p><iframe src=\"https:\/\/www.youtube.com\/embed\/D5JXK7hPM48\" width=\"560\" height=\"315\" frameborder=\"0\" allowfullscreen=\"allowfullscreen\"><\/iframe><\/p>\n<p><span style=\"font-family: verdana, geneva, sans-serif\">Excelente a colabora\u00e7\u00e3o entre <a href=\"https:\/\/www.facebook.com\/profile.php?id=1601535196742110&amp;ref=br_rs\">Surma<\/a> and <a href=\"https:\/\/www.facebook.com\/Se%C3%B1oritas-1735454326740916\/?ref=br_rs\">Se\u00f1oritas (Mit\u00f3 Mendes\/Sandra Baptista)<\/a>\u00a0no <strong>Indiegente Live<\/strong> do <strong>Nuno Calado (Antena 3)<\/strong><\/span><\/p>\n<p><span style=\"font-family: verdana, geneva, sans-serif\">Recordar entrevista de <strong>Surma<\/strong>: <a href=\"https:\/\/www.ecletismomusical.pt\/en\/entrevista-surma\/\">Aqui!<\/a><\/span><\/p>","protected":false},"excerpt":{"rendered":"<p>Excelente a colabora\u00e7\u00e3o entre Surma e Se\u00f1oritas (Mit\u00f3 Mendes\/Sandra Baptista)\u00a0no Indiegente Live do Nuno Calado (Antena 3) Recordar entrevista de Surma: Aqui!<\/p>","protected":false},"author":3,"featured_media":3566,"comment_status":"open","ping_status":"open","sticky":false,"template":"","format":"video","meta":[],"categories":[175],"tags":[550,240,549,284],"_links":{"self":[{"href":"https:\/\/www.ecletismomusical.pt\/en\/wp-json\/wp\/v2\/posts\/3565"}],"collection":[{"href":"https:\/\/www.ecletismomusical.pt\/en\/wp-json\/wp\/v2\/posts"}],"about":[{"href":"https:\/\/www.ecletismomusical.pt\/en\/wp-json\/wp\/v2\/types\/post"}],"author":[{"embeddable":true,"href":"https:\/\/www.ecletismomusical.pt\/en\/wp-json\/wp\/v2\/users\/3"}],"replies":[{"embeddable":true,"href":"https:\/\/www.ecletismomusical.pt\/en\/wp-json\/wp\/v2\/comments?post=3565"}],"version-history":[{"count":1,"href":"https:\/\/www.ecletismomusical.pt\/en\/wp-json\/wp\/v2\/posts\/3565\/revisions"}],"predecessor-version":[{"id":3567,"href":"https:\/\/www.ecletismomusical.pt\/en\/wp-json\/wp\/v2\/posts\/3565\/revisions\/3567"}],"wp:featuredmedia":[{"embeddable":true,"href":"https:\/\/www.ecletismomusical.pt\/en\/wp-json\/wp\/v2\/media\/3566"}],"wp:attachment":[{"href":"https:\/\/www.ecletismomusical.pt\/en\/wp-json\/wp\/v2\/media?parent=3565"}],"wp:term":[{"taxonomy":"category","embeddable":true,"href":"https:\/\/www.ecletismomusical.pt\/en\/wp-json\/wp\/v2\/categories?post=3565"},{"taxonomy":"post_tag","embeddable":true,"href":"https:\/\/www.ecletismomusical.pt\/en\/wp-json\/wp\/v2\/tags?post=3565"}],"curies":[{"name":"wp","href":"https:\/\/api.w.org\/{rel}","templated":true}]}}