{"id":359,"date":"2011-07-03T19:53:00","date_gmt":"2011-07-03T19:53:00","guid":{"rendered":"https:\/\/ecletismomusical.pt\/especial-optimus-alive11-o-que-ver-horarios-infos-dia-1\/"},"modified":"2011-07-03T19:53:00","modified_gmt":"2011-07-03T19:53:00","slug":"especial-optimus-alive11-o-que-ver-horarios-infos-dia-1","status":"publish","type":"post","link":"https:\/\/www.ecletismomusical.pt\/en\/especial-optimus-alive11-o-que-ver-horarios-infos-dia-1\/","title":{"rendered":"[Especial Optimus Alive&#8217;11!] O que ver, hor\u00e1rios, infos &#8211; Dia 1"},"content":{"rendered":"<div style=\"clear: both;text-align: center\"><a href=\"http:\/\/www.optimusalive.com\/system\/application\/backend\/views\/templates\/uploads\/header\/header_site.png\" style=\"clear: left;float: left;margin-bottom: 1em;margin-right: 1em\"><img height=\"95\" src=\"http:\/\/www.optimusalive.com\/system\/application\/backend\/views\/templates\/uploads\/header\/header_site.png\" width=\"400\" \/><\/a><\/div>\n<p><\/p>\n<div style=\"font-family: Arial,Helvetica,sans-serif;text-align: justify\">Numa edi\u00e7\u00e3o especial de anivers\u00e1rio com quatros dias, o <a href=\"http:\/\/www.optimusalive.com\/\"><b>Optimus Alive &#8217;11!<\/b><\/a> prepara-se para ser mais uma vez um enorme acontecimento musical. Aqui no <b>Eclectismo Musical<\/b> iremos dissecar o Festival, mostrando o que deve mesmo ser visto, a que horas e de que forma! Com tr\u00eas palcos em simult\u00e2neo, torna-se obrigat\u00f3rio fazer escolhas e, desde j\u00e1, para quem (ainda) vai (felizmente) a um Festival de M\u00fasica, pela m\u00fasica, s\u00f3 existe uma solu\u00e7\u00e3o: ver parcialmente os concertos. No entanto, existem para o <b>Eclectismo Musical<\/b> alguns que s\u00e3o imperd\u00edveis (ainda que parcialmente)!<\/div>\n<div style=\"font-family: Arial,Helvetica,sans-serif;text-align: justify\"><span style=\"font-size: large\"><b><br \/><\/b><\/span><\/div>\n<div style=\"font-family: Arial,Helvetica,sans-serif;text-align: justify\"><span style=\"font-size: large\"><b>Destaques do dia 6 de Julho &#8211; Dia 1<\/b><\/span><\/div>\n<div style=\"font-family: Arial,Helvetica,sans-serif;text-align: justify\"><\/div>\n<div style=\"clear: both;font-family: Arial,Helvetica,sans-serif;text-align: justify\"><a href=\"http:\/\/2.bp.blogspot.com\/-HQcAU8Vu6q4\/ThBvF-kbWZI\/AAAAAAAAAME\/zd8lcJo2st4\/s1600\/naked_fotoprincipal1.jpg\" style=\"clear: left;float: left;margin-bottom: 1em;margin-right: 1em\"><img height=\"145\" src=\"http:\/\/2.bp.blogspot.com\/-HQcAU8Vu6q4\/ThBvF-kbWZI\/AAAAAAAAAME\/zd8lcJo2st4\/s400\/naked_fotoprincipal1.jpg\" width=\"400\" \/><\/a><\/div>\n<div style=\"font-family: Arial,Helvetica,sans-serif;text-align: justify\"><\/div>\n<div style=\"font-family: Arial,Helvetica,sans-serif;text-align: justify\"><\/div>\n<div style=\"font-family: Arial,Helvetica,sans-serif;text-align: justify\"><\/div>\n<div style=\"font-family: Arial,Helvetica,sans-serif;text-align: justify\"><\/div>\n<div style=\"font-family: Arial,Helvetica,sans-serif;text-align: justify\"><\/div>\n<div style=\"font-family: Arial,Helvetica,sans-serif;text-align: justify\"><\/div>\n<div style=\"font-family: Arial,Helvetica,sans-serif;text-align: justify\"><\/div>\n<div style=\"font-family: Arial,Helvetica,sans-serif;text-align: justify\"><\/div>\n<div style=\"font-family: Arial,Helvetica,sans-serif;text-align: justify\"><b><br \/><\/b><\/div>\n<div style=\"font-family: Arial,Helvetica,sans-serif;text-align: justify\"><b><br \/>The Naked And Famous<br \/>Palco Super Bock &#8211; 17h<\/b><\/div>\n<div style=\"font-family: Arial,Helvetica,sans-serif;text-align: justify\"><\/div>\n<div style=\"font-family: Arial,Helvetica,sans-serif;text-align: justify\">Tal como o ano passado, em que foram os Local Natives a abrir as hostilidades, este ano vale a pena sair mais cedo do emprego e estar em Oeiras \u00e0s 17h.&nbsp; O Festival arranca com a promissora banda neozelandesa&nbsp; &#8211; <b>\u00abThe Naked And Famous\u00bb<\/b>. Algures entre o rock alternativo e a electr\u00f3nica e com singles contagiantes como <b>\u00abYoung Blood\u00bb<\/b>, os <b>\u00abThe Naked And Famous\u00bb<\/b> far\u00e3o a sua estreia em Portugal.<span style=\"border-collapse: separate;color: black;font-family: 'Times New Roman';font-size: small;font-style: normal;font-variant: normal;font-weight: normal;letter-spacing: normal;line-height: normal;text-indent: 0px;text-transform: none\"><span style=\"color: white;font-family: 'Trebuchet MS',Helvetica,sans-serif;font-size: 12px;line-height: 18px;text-align: left\">tugal no Passeio Mar\u00edtimo de Alg\u00e9s, em Oeiras, dia 6 de Julho. Uma estreia a n\u00e3o perder.<\/span><\/span><\/div>\n<div style=\"list-style-type: none;margin-bottom: 0px;margin-left: 0px;margin-right: 0px;margin-top: 0px;padding-bottom: 0px;padding-left: 0px;padding-right: 0px;padding-top: 0px\"><iframe allowfullscreen=\"\" frameborder=\"0\" height=\"149\" src=\"http:\/\/www.youtube.com\/embed\/WdO85Qf4Poc\" width=\"280\"><\/iframe> <span style=\"border-collapse: separate;color: black;font-family: 'Times New Roman';font-size: small;font-style: normal;font-variant: normal;font-weight: normal;letter-spacing: normal;line-height: normal;text-indent: 0px;text-transform: none\"><span style=\"color: white;font-family: 'Trebuchet MS',Helvetica,sans-serif;font-size: 12px;line-height: 18px;text-align: left\"> <\/span><\/span><\/div>\n<div style=\"clear: both;text-align: center\"><a href=\"http:\/\/4.bp.blogspot.com\/-NVpxdgifb4w\/ThBywqVzLgI\/AAAAAAAAAMI\/ifFvr6ov_kg\/s1600\/avibuffalo630x2301.jpg\" style=\"clear: left;float: left;margin-bottom: 1em;margin-right: 1em\"><img height=\"116\" src=\"http:\/\/4.bp.blogspot.com\/-NVpxdgifb4w\/ThBywqVzLgI\/AAAAAAAAAMI\/ifFvr6ov_kg\/s320\/avibuffalo630x2301.jpg\" width=\"320\" \/><\/a><\/div>\n<p><b><br style=\"font-family: Arial,Helvetica,sans-serif\" \/><span style=\"font-family: Arial,Helvetica,sans-serif\"><br \/>Avi Bufallo<\/span><br style=\"font-family: Arial,Helvetica,sans-serif\" \/><span style=\"font-family: Arial,Helvetica,sans-serif\">Palco Super Bock &#8211; 17h55m<\/span><\/b><\/p>\n<div style=\"font-family: Arial,Helvetica,sans-serif;text-align: justify\">Mais uma estreia em Portugal. Os <b>Avi Bufallo<\/b> s\u00e3o a mais recente aposta da prestigiada editora <b>Sub-Pop<\/b> e s\u00e3o fruto da capacidade criativa de <span style=\"font-size: small\"><span style=\"border-collapse: separate;color: black;font-style: normal;font-variant: normal;font-weight: normal;letter-spacing: normal;line-height: normal;text-indent: 0px;text-transform: none\"><span style=\"line-height: 18px;text-align: left\"><b>Avigdor Zahner-Isenberg<\/b>.<\/span><\/span><\/span><\/div>\n<p><\/p>\n<div style=\"clear: both;text-align: center\"><a href=\"http:\/\/2.bp.blogspot.com\/-jwuGeH8cDf8\/ThB2rcQNX6I\/AAAAAAAAAMM\/7dDkMLvHbFY\/s1600\/tws_fotoprincipal1.jpg\" style=\"clear: right;float: right;margin-bottom: 1em;margin-left: 1em\"><br \/><\/a><\/div>\n<p><iframe allowfullscreen=\"\" frameborder=\"0\" height=\"149\" src=\"http:\/\/www.youtube.com\/embed\/evu_MqAZpC0\" width=\"280\"><\/iframe><\/p>\n<p><\/p>\n<div style=\"clear: both;text-align: center\"><a href=\"http:\/\/2.bp.blogspot.com\/-jwuGeH8cDf8\/ThB2rcQNX6I\/AAAAAAAAAMM\/7dDkMLvHbFY\/s1600\/tws_fotoprincipal1.jpg\" style=\"clear: left;float: left;margin-bottom: 1em;margin-right: 1em\"><img height=\"116\" src=\"http:\/\/2.bp.blogspot.com\/-jwuGeH8cDf8\/ThB2rcQNX6I\/AAAAAAAAAMM\/7dDkMLvHbFY\/s320\/tws_fotoprincipal1.jpg\" width=\"320\" \/><\/a><\/div>\n<p><b><span style=\"font-family: Arial,Helvetica,sans-serif\">The Twilight Singers<\/span><br style=\"font-family: Arial,Helvetica,sans-serif\" \/><span style=\"font-family: Arial,Helvetica,sans-serif\">Palco Optimus &#8211; 18h<\/span><\/b><\/p>\n<div style=\"text-align: justify\"><span style=\"font-family: Arial,Helvetica,sans-serif\">Primeiro momento em que ser\u00e1 necess\u00e1rio&nbsp; saltar entre o <b>Palco Super Bock e o Palco Optimus<\/b>. Os <b>\u00abThe Twilight Singers\u00bb<\/b> s\u00e3o tamb\u00e9m uma aposta da Sub-Pop e t\u00eam uma sonoridade bem interessante.<\/span><\/div>\n<p><iframe allowfullscreen=\"\" frameborder=\"0\" height=\"149\" src=\"http:\/\/www.youtube.com\/embed\/IWoe6S0LMLQ\" width=\"280\"><\/iframe><\/p>\n<p><\/p>\n<div style=\"clear: both;text-align: center\"><a href=\"http:\/\/3.bp.blogspot.com\/-peeyDObDzgk\/ThB7nKbXtEI\/AAAAAAAAAMQ\/xh6Saa2JlKY\/s1600\/grouplove_fotoprincipal1.jpg\" style=\"clear: left;float: left;margin-bottom: 1em;margin-right: 1em\"><img height=\"116\" src=\"http:\/\/3.bp.blogspot.com\/-peeyDObDzgk\/ThB7nKbXtEI\/AAAAAAAAAMQ\/xh6Saa2JlKY\/s320\/grouplove_fotoprincipal1.jpg\" width=\"320\" \/><\/a><\/div>\n<p><b><br style=\"font-family: Arial,Helvetica,sans-serif\" \/><span style=\"font-family: Arial,Helvetica,sans-serif\"><br \/>Grouplove<\/span><br style=\"font-family: Arial,Helvetica,sans-serif\" \/><span style=\"font-family: Arial,Helvetica,sans-serif\">Palco Optimus &#8211; 19h10m<\/span><\/b><\/p>\n<div style=\"font-family: Arial,Helvetica,sans-serif;text-align: justify\">Apenas com um EP editado, estes indie-rockers t\u00eam sido apontados como uma das grandes revela\u00e7\u00f5es do panorama alternativo americano. <\/div>\n<p><iframe allowfullscreen=\"\" frameborder=\"0\" height=\"149\" src=\"http:\/\/www.youtube.com\/embed\/2ddd70PMxTE\" width=\"280\"><\/iframe><\/p>\n<p><\/p>\n<div style=\"clear: both;text-align: center\"><a href=\"http:\/\/3.bp.blogspot.com\/-8U9RpWscO_c\/ThB9cqpLo2I\/AAAAAAAAAMU\/wSeVttBBN-4\/s1600\/jamesblake_fotoprincipal1.jpg\" style=\"clear: left;float: left;margin-bottom: 1em;margin-right: 1em\"><img height=\"116\" src=\"http:\/\/3.bp.blogspot.com\/-8U9RpWscO_c\/ThB9cqpLo2I\/AAAAAAAAAMU\/wSeVttBBN-4\/s320\/jamesblake_fotoprincipal1.jpg\" width=\"320\" \/><\/a><\/div>\n<p><b><span style=\"font-family: Arial,Helvetica,sans-serif\">James Blake<\/span><br style=\"font-family: Arial,Helvetica,sans-serif\" \/><span style=\"font-family: Arial,Helvetica,sans-serif\">Palco Super Bock &#8211; 20h<\/span><\/b><\/p>\n<div style=\"font-family: Arial,Helvetica,sans-serif;text-align: left\"><span style=\"font-size: small\"><br \/><\/span><\/div>\n<div style=\"font-family: Arial,Helvetica,sans-serif;text-align: justify\">\n<div style=\"text-align: justify\"><span style=\"font-size: small\">Considerado pela BBC como um dos artistas mais promissores de 2011, <b>James Blake<\/b> lan\u00e7ou em Fevereiro o \u00e1lbum de estreia, hom\u00f3nimo, e j\u00e1 considerado como um dos melhores do ano.<\/span><\/div>\n<p><\/p>\n<div style=\"text-align: justify\">\n<div style=\"text-align: left\">\n<div style=\"text-align: justify\"><span style=\"font-size: small\"><span style=\"border-collapse: separate;font-style: normal;font-variant: normal;font-weight: normal;letter-spacing: normal;line-height: normal;text-indent: 0px;text-transform: none\"><span style=\"line-height: 18px;text-align: left\"><\/span><\/span><\/span><\/p>\n<div style=\"list-style-type: none;margin: 0px;padding: 0px\"><span style=\"font-size: small\"><span style=\"border-collapse: separate;font-style: normal;font-variant: normal;font-weight: normal;letter-spacing: normal;line-height: normal;text-indent: 0px;text-transform: none\"><span style=\"line-height: 18px;text-align: left\">Produzido e gravado pelo pr\u00f3prio em sua casa, o disco foi apresentado pelo single <b>\u00abLimit to Your Love\u00bb<\/b>, uma brilhante vers\u00e3o de um original de <b>Feist<\/b>. <\/span><\/span><\/span><\/div>\n<p><span style=\"font-size: small\"><span style=\"border-collapse: separate;font-style: normal;font-variant: normal;font-weight: normal;letter-spacing: normal;line-height: normal;text-indent: 0px;text-transform: none\"><span style=\"line-height: 18px;text-align: left\"><\/span><\/span><\/span><\/div>\n<\/div>\n<div style=\"text-align: left\"><span style=\"font-size: small\"><span style=\"border-collapse: separate;font-style: normal;font-variant: normal;font-weight: normal;letter-spacing: normal;line-height: normal;text-indent: 0px;text-transform: none\"><span style=\"line-height: 18px;text-align: left\"><\/span><\/span><\/span><\/div>\n<p><span style=\"font-size: small\"><span style=\"border-collapse: separate;font-style: normal;font-variant: normal;font-weight: normal;letter-spacing: normal;line-height: normal;text-indent: 0px;text-transform: none\"><span style=\"line-height: 18px;text-align: left\"><\/span><\/span><\/span><\/div>\n<\/div>\n<p><iframe allowfullscreen=\"\" frameborder=\"0\" height=\"149\" src=\"http:\/\/www.youtube.com\/embed\/oOT2-OTebx0\" width=\"280\"><\/iframe><\/p>\n<p><\/p>\n<div style=\"clear: both;text-align: center\"><a href=\"http:\/\/3.bp.blogspot.com\/-5Mw0Ptw4Jww\/ThCC9mLlBgI\/AAAAAAAAAMY\/RYvllePcRpE\/s1600\/calvi_fotoprincipal2.jpg\" style=\"clear: left;float: left;margin-bottom: 1em;margin-right: 1em\"><img height=\"116\" src=\"http:\/\/3.bp.blogspot.com\/-5Mw0Ptw4Jww\/ThCC9mLlBgI\/AAAAAAAAAMY\/RYvllePcRpE\/s320\/calvi_fotoprincipal2.jpg\" width=\"320\" \/><\/a><\/div>\n<p><b><br style=\"font-family: Arial,Helvetica,sans-serif\" \/><span style=\"font-family: Arial,Helvetica,sans-serif\">&nbsp;<\/span><\/b><br \/><b><span style=\"font-family: Arial,Helvetica,sans-serif\">Anna Calvi<\/span><br style=\"font-family: Arial,Helvetica,sans-serif\" \/><span style=\"font-family: Arial,Helvetica,sans-serif\">Palco Super Bock &#8211; 21h10m<\/span><\/b><\/p>\n<div style=\"text-align: justify\"><span style=\"font-family: Arial,Helvetica,sans-serif\">Estreia imperd\u00edvel da mais promissora artista feminina de 2010. Detentora de uma portentosa, elogiada por <b>Brian Eno<\/b> e apadrinhada por <b>Nick Cave<\/b> e com influ\u00eancias de<b> PJ Harvey<\/b> (Rob Ellis, produtor de Polly Jean, assina tamb\u00e9m este trabalho), <b>Anna Calvi<\/b> vai certamente surpreender no Alive!<br \/><\/span><\/div>\n<p><iframe allowfullscreen=\"\" frameborder=\"0\" height=\"149\" src=\"http:\/\/www.youtube.com\/embed\/4KVVCHeHKXM\" width=\"280\"><\/iframe><\/p>\n<p><\/p>\n<div style=\"clear: both;text-align: center\"><a href=\"http:\/\/4.bp.blogspot.com\/-iFZRzEUxWOI\/ThCMqLNcjrI\/AAAAAAAAAMc\/VL1np5wqy5A\/s1600\/coldplay_fotoprincipal1.jpg\" style=\"clear: left;float: left;margin-bottom: 1em;margin-right: 1em\"><img height=\"116\" src=\"http:\/\/4.bp.blogspot.com\/-iFZRzEUxWOI\/ThCMqLNcjrI\/AAAAAAAAAMc\/VL1np5wqy5A\/s320\/coldplay_fotoprincipal1.jpg\" width=\"320\" \/><\/a><\/div>\n<p><b><span style=\"font-family: Arial,Helvetica,sans-serif\">Coldplay<\/span><\/b><br \/><b><span style=\"font-family: Arial,Helvetica,sans-serif\">Palco Optimus &#8211; 22h<\/span><\/b><\/p>\n<div style=\"font-family: Arial,Helvetica,sans-serif\">Incontorn\u00e1veis. Uma das maiores bandas pop do mundo.<\/div>\n<p><iframe allowfullscreen=\"\" frameborder=\"0\" height=\"149\" src=\"http:\/\/www.youtube.com\/embed\/1MwjX4dG72s\" width=\"280\"><\/iframe><\/p>\n<p><\/p>\n<div style=\"clear: both;text-align: center\"><a href=\"http:\/\/2.bp.blogspot.com\/-ZFVMZBetzEA\/ThCQez7t55I\/AAAAAAAAAMg\/0X8iWzYfUl4\/s1600\/examplei_fotoprincipal1.jpg\" style=\"clear: left;float: left;margin-bottom: 1em;margin-right: 1em\"><img height=\"116\" src=\"http:\/\/2.bp.blogspot.com\/-ZFVMZBetzEA\/ThCQez7t55I\/AAAAAAAAAMg\/0X8iWzYfUl4\/s320\/examplei_fotoprincipal1.jpg\" width=\"320\" \/><\/a><\/div>\n<p><b><span style=\"font-family: Arial,Helvetica,sans-serif\">Example<\/span><\/b><\/p>\n<div style=\"text-align: justify\"><b><span style=\"font-family: Arial,Helvetica,sans-serif\">Palco Super Bock &#8211; 1h<\/span><\/b><\/div>\n<div style=\"text-align: justify\"><\/div>\n<div style=\"font-family: Arial,Helvetica,sans-serif;text-align: justify\">Para fechar o dia, nada melhor que terminar com a energia contagiante de <b>Example<\/b> que vai certamente fazer abanar a tenda Super Bock!<\/div>\n<div style=\"text-align: justify\"><\/div>\n<div style=\"text-align: justify\"><\/div>\n<p><iframe allowfullscreen=\"\" frameborder=\"0\" height=\"149\" src=\"http:\/\/www.youtube.com\/embed\/CLXt3yh2g0s\" width=\"280\"><\/iframe><\/p>","protected":false},"excerpt":{"rendered":"<p>Numa edi\u00e7\u00e3o especial de anivers\u00e1rio com quatros dias, o Optimus Alive &#8217;11! prepara-se para ser mais uma vez um enorme acontecimento musical. Aqui no Eclectismo Musical iremos dissecar o Festival, mostrando o que deve mesmo ser visto, a que horas e de que forma! Com tr\u00eas palcos em simult\u00e2neo, torna-se obrigat\u00f3rio fazer escolhas e, desde<\/p>","protected":false},"author":1,"featured_media":0,"comment_status":"open","ping_status":"open","sticky":false,"template":"","format":"standard","meta":[],"categories":[1],"tags":[],"_links":{"self":[{"href":"https:\/\/www.ecletismomusical.pt\/en\/wp-json\/wp\/v2\/posts\/359"}],"collection":[{"href":"https:\/\/www.ecletismomusical.pt\/en\/wp-json\/wp\/v2\/posts"}],"about":[{"href":"https:\/\/www.ecletismomusical.pt\/en\/wp-json\/wp\/v2\/types\/post"}],"author":[{"embeddable":true,"href":"https:\/\/www.ecletismomusical.pt\/en\/wp-json\/wp\/v2\/users\/1"}],"replies":[{"embeddable":true,"href":"https:\/\/www.ecletismomusical.pt\/en\/wp-json\/wp\/v2\/comments?post=359"}],"version-history":[{"count":0,"href":"https:\/\/www.ecletismomusical.pt\/en\/wp-json\/wp\/v2\/posts\/359\/revisions"}],"wp:attachment":[{"href":"https:\/\/www.ecletismomusical.pt\/en\/wp-json\/wp\/v2\/media?parent=359"}],"wp:term":[{"taxonomy":"category","embeddable":true,"href":"https:\/\/www.ecletismomusical.pt\/en\/wp-json\/wp\/v2\/categories?post=359"},{"taxonomy":"post_tag","embeddable":true,"href":"https:\/\/www.ecletismomusical.pt\/en\/wp-json\/wp\/v2\/tags?post=359"}],"curies":[{"name":"wp","href":"https:\/\/api.w.org\/{rel}","templated":true}]}}