{"id":3608,"date":"2018-11-14T11:13:21","date_gmt":"2018-11-14T11:13:21","guid":{"rendered":"https:\/\/www.ecletismomusical.pt\/?p=3608"},"modified":"2018-11-14T11:29:33","modified_gmt":"2018-11-14T11:29:33","slug":"new-video-birds-are-indie-close-but-no-cigar","status":"publish","type":"post","link":"https:\/\/www.ecletismomusical.pt\/en\/new-video-birds-are-indie-close-but-no-cigar\/","title":{"rendered":"[New Video] Birds Are Indie &#8211; Close, but no cigar"},"content":{"rendered":"<p><iframe src=\"https:\/\/www.youtube.com\/embed\/ZiERmbjWOR8\" width=\"560\" height=\"315\" frameborder=\"0\" allowfullscreen=\"allowfullscreen\"><\/iframe><\/p>\n<p style=\"font-weight: 400\"><span style=\"font-family: verdana, geneva, sans-serif\">Depois de \u201cCome into the water\u201d e \u201cMessing with your mind\u201d, este \u00e9 o 3\u00ba single do \u00e1lbum\u00a0<em>Local Affairs<\/em>, gravado nos est\u00fadios Blue House, e editado pela conimbricense Lux Records.<\/span><\/p>\n<p style=\"font-weight: 400\"><span style=\"font-family: verdana, geneva, sans-serif\">Entretanto, os Birds Are Indie continuam a preencher a agenda de concertos. Nos pr\u00f3ximos meses continuar\u00e3o a andar de norte a sul do pa\u00eds e, como \u00e9 habitual, tamb\u00e9m por Espanha.\u00a0 \u00a0<\/span><\/p>\n<p style=\"font-weight: 400\"><span style=\"font-family: verdana, geneva, sans-serif\">23 Novembro 2018 \u2013 LISBOA \u2013 Super Bock em Stock<\/span><\/p>\n<p style=\"font-weight: 400\"><span style=\"font-family: verdana, geneva, sans-serif\">14 Dezembro 2018 \u2013 FIGUEIRA DA FOZ \u2013 Centro de Artes e Espect\u00e1culos<\/span><\/p>\n<p style=\"font-weight: 400\"><span style=\"font-family: verdana, geneva, sans-serif\">19 Janeiro 2019 \u2013 COIMBRA \u2013 Teatro Acad\u00e9mico de Gil Vicente<\/span><\/p>\n<p style=\"font-weight: 400\"><span style=\"font-family: verdana, geneva, sans-serif\">02 Fevereiro 2019 \u2013 PORTO \u2013 Hard Club<\/span><\/p>\n<p style=\"font-weight: 400\"><span style=\"font-family: verdana, geneva, sans-serif\">07 Fevereiro 2019 \u2013 VIGO (ES) \u2013 Radar Estudios<\/span><\/p>\n<p style=\"font-weight: 400\"><span style=\"font-family: verdana, geneva, sans-serif\">08 Fevereiro 2019 \u2013 PONTEVEDRA (ES) \u2013 El Peque\u00f1o\u00a0<\/span><\/p>\n<p style=\"font-weight: 400\"><span style=\"font-family: verdana, geneva, sans-serif\">09 Fevereiro 2019 \u2013 GALIZA (ES) \u2013 a anunciar<\/span><\/p>\n<p style=\"font-weight: 400\"><span style=\"font-family: verdana, geneva, sans-serif\">28 Fevereiro 2019 \u2013 AVEIRO \u2013 Teatro Aveirense<\/span><\/p>","protected":false},"excerpt":{"rendered":"<p>Depois de \u201cCome into the water\u201d e \u201cMessing with your mind\u201d, este \u00e9 o 3\u00ba single do \u00e1lbum\u00a0Local Affairs, gravado nos est\u00fadios Blue House, e editado pela conimbricense Lux Records. Entretanto, os Birds Are Indie continuam a preencher a agenda de concertos. Nos pr\u00f3ximos meses continuar\u00e3o a andar de norte a sul do pa\u00eds e,<\/p>","protected":false},"author":3,"featured_media":3609,"comment_status":"open","ping_status":"open","sticky":false,"template":"","format":"video","meta":[],"categories":[26,235],"tags":[559,87,89],"_links":{"self":[{"href":"https:\/\/www.ecletismomusical.pt\/en\/wp-json\/wp\/v2\/posts\/3608"}],"collection":[{"href":"https:\/\/www.ecletismomusical.pt\/en\/wp-json\/wp\/v2\/posts"}],"about":[{"href":"https:\/\/www.ecletismomusical.pt\/en\/wp-json\/wp\/v2\/types\/post"}],"author":[{"embeddable":true,"href":"https:\/\/www.ecletismomusical.pt\/en\/wp-json\/wp\/v2\/users\/3"}],"replies":[{"embeddable":true,"href":"https:\/\/www.ecletismomusical.pt\/en\/wp-json\/wp\/v2\/comments?post=3608"}],"version-history":[{"count":1,"href":"https:\/\/www.ecletismomusical.pt\/en\/wp-json\/wp\/v2\/posts\/3608\/revisions"}],"predecessor-version":[{"id":3610,"href":"https:\/\/www.ecletismomusical.pt\/en\/wp-json\/wp\/v2\/posts\/3608\/revisions\/3610"}],"wp:featuredmedia":[{"embeddable":true,"href":"https:\/\/www.ecletismomusical.pt\/en\/wp-json\/wp\/v2\/media\/3609"}],"wp:attachment":[{"href":"https:\/\/www.ecletismomusical.pt\/en\/wp-json\/wp\/v2\/media?parent=3608"}],"wp:term":[{"taxonomy":"category","embeddable":true,"href":"https:\/\/www.ecletismomusical.pt\/en\/wp-json\/wp\/v2\/categories?post=3608"},{"taxonomy":"post_tag","embeddable":true,"href":"https:\/\/www.ecletismomusical.pt\/en\/wp-json\/wp\/v2\/tags?post=3608"}],"curies":[{"name":"wp","href":"https:\/\/api.w.org\/{rel}","templated":true}]}}