{"id":361,"date":"2011-06-28T16:51:00","date_gmt":"2011-06-28T16:51:00","guid":{"rendered":"https:\/\/ecletismomusical.pt\/new-album-foster-the-people-torches\/"},"modified":"2011-06-28T16:51:00","modified_gmt":"2011-06-28T16:51:00","slug":"new-album-foster-the-people-torches","status":"publish","type":"post","link":"https:\/\/www.ecletismomusical.pt\/en\/new-album-foster-the-people-torches\/","title":{"rendered":"[New Album] Foster The People &#8211; Torches"},"content":{"rendered":"<div style=\"clear: both;text-align: center\"><a href=\"http:\/\/www.fosterthepeople.com\/wp-content\/uploads\/2011\/04\/FTP_TORCHES_CVR_5X5_FINAL.jpg\" style=\"clear: left;float: left;margin-bottom: 1em;margin-right: 1em\"><img height=\"320\" src=\"http:\/\/www.fosterthepeople.com\/wp-content\/uploads\/2011\/04\/FTP_TORCHES_CVR_5X5_FINAL.jpg\" width=\"320\" \/><\/a><\/div>\n<p><\/p>\n<div style=\"font-family: Arial,Helvetica,sans-serif;text-align: justify\">\n<p>Em 2011 as pistas de dan\u00e7a j\u00e1 n\u00e3o s\u00e3o um exclusivo da techno ou da house music. Em pleno s\u00e9culo XXI, o universo <i>indie<\/i> j\u00e1 largou o medo de dan\u00e7ar como se n\u00e3o houvesse amanh\u00e3. E o \u00e1lbum de estreia dos californianos <a href=\"http:\/\/www.fosterthepeople.com\/\"><b>\u00abFoster The People\u00bb<\/b><\/a> chega para tomar conta das pistas <i>indie<\/i> do mundo e para fazer furor nos Festivais de M\u00fasica deste Ver\u00e3o.<\/p>\n<\/div>\n<p><iframe allowfullscreen=\"\" frameborder=\"0\" height=\"349\" src=\"http:\/\/www.youtube.com\/embed\/2e1gznKajpI\" width=\"480\"><\/iframe><\/p>\n<div style=\"font-family: Arial,Helvetica,sans-serif;text-align: justify\"><\/div>\n<div style=\"text-align: justify\"><span style=\"font-family: Arial,Helvetica,sans-serif\">Com um som caracterizado por melodias dan\u00e7antes, com forte apelo de sintetizadores e uma voz penetrante, <b>\u00abTorches\u00bb<\/b>, \u00e9 um dos melhores \u00e1lbuns de indie pop de 2011 e vai certamente conquistar o Ver\u00e3o!<br \/><\/span><\/div>\n<p><iframe allowfullscreen=\"\" frameborder=\"0\" height=\"349\" src=\"http:\/\/www.youtube.com\/embed\/04TXoFI6CSM\" width=\"480\"><\/iframe><\/p>","protected":false},"excerpt":{"rendered":"<p>Em 2011 as pistas de dan\u00e7a j\u00e1 n\u00e3o s\u00e3o um exclusivo da techno ou da house music. Em pleno s\u00e9culo XXI, o universo indie j\u00e1 largou o medo de dan\u00e7ar como se n\u00e3o houvesse amanh\u00e3. E o \u00e1lbum de estreia dos californianos \u00abFoster The People\u00bb chega para tomar conta das pistas indie do mundo e<\/p>","protected":false},"author":1,"featured_media":0,"comment_status":"open","ping_status":"open","sticky":false,"template":"","format":"standard","meta":[],"categories":[1],"tags":[],"_links":{"self":[{"href":"https:\/\/www.ecletismomusical.pt\/en\/wp-json\/wp\/v2\/posts\/361"}],"collection":[{"href":"https:\/\/www.ecletismomusical.pt\/en\/wp-json\/wp\/v2\/posts"}],"about":[{"href":"https:\/\/www.ecletismomusical.pt\/en\/wp-json\/wp\/v2\/types\/post"}],"author":[{"embeddable":true,"href":"https:\/\/www.ecletismomusical.pt\/en\/wp-json\/wp\/v2\/users\/1"}],"replies":[{"embeddable":true,"href":"https:\/\/www.ecletismomusical.pt\/en\/wp-json\/wp\/v2\/comments?post=361"}],"version-history":[{"count":0,"href":"https:\/\/www.ecletismomusical.pt\/en\/wp-json\/wp\/v2\/posts\/361\/revisions"}],"wp:attachment":[{"href":"https:\/\/www.ecletismomusical.pt\/en\/wp-json\/wp\/v2\/media?parent=361"}],"wp:term":[{"taxonomy":"category","embeddable":true,"href":"https:\/\/www.ecletismomusical.pt\/en\/wp-json\/wp\/v2\/categories?post=361"},{"taxonomy":"post_tag","embeddable":true,"href":"https:\/\/www.ecletismomusical.pt\/en\/wp-json\/wp\/v2\/tags?post=361"}],"curies":[{"name":"wp","href":"https:\/\/api.w.org\/{rel}","templated":true}]}}