{"id":3622,"date":"2018-11-15T12:41:18","date_gmt":"2018-11-15T12:41:18","guid":{"rendered":"https:\/\/www.ecletismomusical.pt\/?p=3622"},"modified":"2018-11-15T12:55:15","modified_gmt":"2018-11-15T12:55:15","slug":"review-david-fonseca-coliseu-de-lisboa-14-11-2018","status":"publish","type":"post","link":"https:\/\/www.ecletismomusical.pt\/en\/review-david-fonseca-coliseu-de-lisboa-14-11-2018\/","title":{"rendered":"[Review] David Fonseca @Coliseu de Lisboa (14\/11\/2018)"},"content":{"rendered":"<p><img class=\"alignnone wp-image-3623\" src=\"https:\/\/www.ecletismomusical.pt\/wp-content\/uploads\/2018\/11\/4c5e6c79-6f46-4165-b9c9-47c0e121042d.jpg\" alt=\"\" width=\"282\" height=\"282\" srcset=\"https:\/\/www.ecletismomusical.pt\/wp-content\/uploads\/2018\/11\/4c5e6c79-6f46-4165-b9c9-47c0e121042d.jpg 1600w, https:\/\/www.ecletismomusical.pt\/wp-content\/uploads\/2018\/11\/4c5e6c79-6f46-4165-b9c9-47c0e121042d-150x150.jpg 150w, https:\/\/www.ecletismomusical.pt\/wp-content\/uploads\/2018\/11\/4c5e6c79-6f46-4165-b9c9-47c0e121042d-300x300.jpg 300w, https:\/\/www.ecletismomusical.pt\/wp-content\/uploads\/2018\/11\/4c5e6c79-6f46-4165-b9c9-47c0e121042d-768x768.jpg 768w, https:\/\/www.ecletismomusical.pt\/wp-content\/uploads\/2018\/11\/4c5e6c79-6f46-4165-b9c9-47c0e121042d-1024x1024.jpg 1024w\" \/><\/p>\n<p><span style=\"font-family: verdana, geneva, sans-serif\">Foi um <strong>Coliseu de Lisboa<\/strong> praticamente esgotado e com um p\u00fablico muito heterog\u00e9neo, desde a gera\u00e7\u00e3o a chegar aos 40 e que acompanhou David desde os Silence 4, a muitos jovens que s\u00f3 ter\u00e3o vivido os \u00faltimos \u00e1lbuns a solo,\u00a0<\/span><span style=\"font-family: verdana, geneva, sans-serif\">que assistiu ontem, ao primeiro de dois concertos (sexta-feira ser\u00e1 a vez do Coliseu do Porto) de celebra\u00e7\u00e3o dos <strong>20 anos de carreira de <a href=\"http:\/\/davidfonseca.com\/\">David Fonseca<\/a><\/strong>.<\/span><\/p>\n<p><span style=\"font-family: verdana, geneva, sans-serif\">E, com exce\u00e7\u00e3o de bolo, houve de tudo um pouco. Desde muitos confetis a bailarinas sexy, passando pela simplicidade do in\u00edcio de carreira enquanto Silence 4 e at\u00e9 uma vers\u00e3o de &#8220;Barco Negro&#8221;, assistiu-se a um desfiar da sua hist\u00f3ria, devidamente acompanhado por amigos pr\u00f3ximos do seu percurso.<\/span><\/p>\n<p><span style=\"font-family: verdana, geneva, sans-serif\">Depois de um arranque com <strong>&#8220;Superstars&#8221;<\/strong> e passagem por um dos seus temas com mais sucesso:<strong>&#8220;Someone That Cannot Love&#8221;,<\/strong> que David referiu ser, estranhamente, a m\u00fasica que mais lhe pediram para tocar em Casamentos, come\u00e7ou o desfilar de convidados.<\/span><\/p>\n<p><span style=\"font-family: verdana, geneva, sans-serif\">A primeira a ter o privilegio de subir ao palco foi a jovem espanhola <strong>Alice Wonder<\/strong>, que David diz ter conhecido via Instagram, e que interpretou <strong>&#8220;Resist&#8221;<\/strong>, um dos temas do seu \u00faltimo \u00e1lbum &#8211; Radio Gemini.<\/span><\/p>\n<p><img class=\"alignnone wp-image-3626\" src=\"https:\/\/www.ecletismomusical.pt\/wp-content\/uploads\/2018\/11\/image3-e1542280495411.jpeg\" alt=\"\" width=\"291\" height=\"217\" srcset=\"https:\/\/www.ecletismomusical.pt\/wp-content\/uploads\/2018\/11\/image3-e1542280495411.jpeg 640w, https:\/\/www.ecletismomusical.pt\/wp-content\/uploads\/2018\/11\/image3-e1542280495411-300x225.jpeg 300w\" \/><\/p>\n<p><span style=\"font-family: verdana, geneva, sans-serif\">Depois de <strong>&#8220;Kiss Me, Oh Kiss Me&#8221;<\/strong>, chegou <strong>&#8220;U Know Who I Am&#8221;<\/strong> que serviu de antec\u00e2mara para um dos primeiros grandes momentos da noite. David Fonseca contou com a presen\u00e7a de <strong>Rita Redshoes<\/strong> na recorda\u00e7\u00e3o de <strong>&#8220;Hold Still&#8221;<\/strong>. Seguiu-se <strong>Manuela Azevedo<\/strong> (Cl\u00e3) em <strong>&#8220;Futuro Eu&#8221; e &#8220;Muda de Vida&#8221; de Ant\u00f3nio Varia\u00e7\u00f5es<\/strong>. Depois, foi a vez de <strong>Caman\u00e9<\/strong> subir ao Palco e, depois de ter ajudado em <strong>&#8220;Hoje Eu N\u00e3o Sou&#8221;<\/strong>, ofereceu a todos os presentes, a reedi\u00e7\u00e3o do projeto <strong>Humanos por inteiro<\/strong>.<\/span><\/p>\n<p><span style=\"font-family: verdana, geneva, sans-serif\">Todos os presentes cantaram a plenos pulm\u00f5es o hit <strong>&#8220;Maria Albertina&#8221;. <\/strong>Esta sequ\u00eancia de colabora\u00e7\u00f5es fechou com<strong> Bruno Nogueira em &#8220;Ela Gosta de Mim Assim&#8221;.<\/strong><\/span><\/p>\n<p><img class=\"alignnone wp-image-3628\" src=\"https:\/\/www.ecletismomusical.pt\/wp-content\/uploads\/2018\/11\/image5.jpeg\" alt=\"\" width=\"205\" height=\"121\" srcset=\"https:\/\/www.ecletismomusical.pt\/wp-content\/uploads\/2018\/11\/image5.jpeg 640w, https:\/\/www.ecletismomusical.pt\/wp-content\/uploads\/2018\/11\/image5-300x177.jpeg 300w\" \/> <img class=\"alignnone wp-image-3629\" src=\"https:\/\/www.ecletismomusical.pt\/wp-content\/uploads\/2018\/11\/image7.jpeg\" alt=\"\" width=\"231\" height=\"122\" srcset=\"https:\/\/www.ecletismomusical.pt\/wp-content\/uploads\/2018\/11\/image7.jpeg 640w, https:\/\/www.ecletismomusical.pt\/wp-content\/uploads\/2018\/11\/image7-300x158.jpeg 300w\" \/><br \/>\n<img class=\"alignnone wp-image-3631\" src=\"https:\/\/www.ecletismomusical.pt\/wp-content\/uploads\/2018\/11\/image6-e1542281162731.jpeg\" alt=\"\" width=\"241\" height=\"181\" srcset=\"https:\/\/www.ecletismomusical.pt\/wp-content\/uploads\/2018\/11\/image6-e1542281162731.jpeg 640w, https:\/\/www.ecletismomusical.pt\/wp-content\/uploads\/2018\/11\/image6-e1542281162731-300x225.jpeg 300w\" \/><\/p>\n<p><span style=\"font-family: verdana, geneva, sans-serif\">Tamb\u00e9m houve tempo para, por exemplo, <strong>&#8220;Tell Me Something I Don&#8217;t Know&#8221;<\/strong>, <strong>&#8220;Stop 4 a Minute&#8221;<\/strong> (com excerto de &#8220;Riders on the Storm&#8221; dos Doors), tendo a primeira parte do concerto terminado com, provavelmente, um dos maiores hits da sua carreira, a explosiva <strong>&#8220;The 80&#8217;s&#8221;<\/strong> que colocou todo o Coliseu aos saltos.<\/span><\/p>\n<p><span style=\"font-family: verdana, geneva, sans-serif\"><img class=\"alignnone wp-image-3632\" src=\"https:\/\/www.ecletismomusical.pt\/wp-content\/uploads\/2018\/11\/image10-e1542281585724.jpeg\" alt=\"\" width=\"243\" height=\"182\" srcset=\"https:\/\/www.ecletismomusical.pt\/wp-content\/uploads\/2018\/11\/image10-e1542281585724.jpeg 640w, https:\/\/www.ecletismomusical.pt\/wp-content\/uploads\/2018\/11\/image10-e1542281585724-300x225.jpeg 300w\" \/> <img class=\"alignnone wp-image-3633\" src=\"https:\/\/www.ecletismomusical.pt\/wp-content\/uploads\/2018\/11\/image11-e1542281608136.jpeg\" alt=\"\" width=\"242\" height=\"181\" srcset=\"https:\/\/www.ecletismomusical.pt\/wp-content\/uploads\/2018\/11\/image11-e1542281608136.jpeg 640w, https:\/\/www.ecletismomusical.pt\/wp-content\/uploads\/2018\/11\/image11-e1542281608136-300x225.jpeg 300w\" \/><\/span><\/p>\n<p><span style=\"font-family: verdana, geneva, sans-serif\">No primeiro Encore, David Fonseca pegou em <strong>&#8220;Slow Karma&#8221;<\/strong>, tema que faz parte do \u00faltimo \u00e1lbum e depois surpreendeu com uma vers\u00e3o de <strong>&#8220;Barco Negro&#8221; de Am\u00e1lia Rodrigues<\/strong> e continuou em portugu\u00eas com uma sublime interpreta\u00e7\u00e3o de <strong>&#8220;Adeus, N\u00e3o Afastes Os Teus Olhos Dos Meus&#8221;.<\/strong><\/span><\/p>\n<p><span style=\"font-family: verdana, geneva, sans-serif\">Mas, ainda havia tempo para surpreender todos os presentes. David Fonseca, depois de j\u00e1 ter ido durante o concerto at\u00e9 ao meio da bancada, <strong>reapareceu no segundo Encore literalmente no meio do p\u00fablico.<\/strong> No centro do Coliseu, apenas com um microfone e uma lanterna, prestou reden\u00e7\u00e3o a um dos cl\u00e1ssicos:<strong>&#8220;Song to the Siren&#8221; de Tim Buckley<\/strong> e que os <strong>This Mortal Coil<\/strong> (<strong>Elizabeth Fraser e Robin Guthrie dos Cocteau Twin<\/strong>s) popularizaram.<\/span><\/p>\n<p><span style=\"font-family: verdana, geneva, sans-serif\">Seguiu-se o momento <strong>Silence 4<\/strong> desta celebra\u00e7\u00e3o, como que num regresso \u00e0s origens. Primeiro, ainda no meio do p\u00fablico, David interpretou uma das duas \u00fanicas m\u00fasicas em portugu\u00eas do hist\u00f3rico primeiro \u00e1lbum da m\u00edtica banda de leiria:<strong>&#8220;Eu N\u00e3o Sei Dizer&#8221;<\/strong>.<\/span><\/p>\n<p><span style=\"font-family: verdana, geneva, sans-serif\">Em seguida, iniciou uma vers\u00e3o ac\u00fastica do maior cl\u00e1ssico dos Silence 4, a inevit\u00e1vel <strong>&#8220;Borrow&#8221;<\/strong> mas, rapidamente a interrompeu para voltar ao Palco e apresentar uma vers\u00e3o com banda e, para del\u00edrio de muitos dos presentes, com a participa\u00e7\u00e3o de <strong>Sofia Lisboa<\/strong>.<\/span><\/p>\n<p><img class=\"alignnone wp-image-3635\" src=\"https:\/\/www.ecletismomusical.pt\/wp-content\/uploads\/2018\/11\/image15-e1542284675767.jpeg\" alt=\"\" width=\"235\" height=\"176\" srcset=\"https:\/\/www.ecletismomusical.pt\/wp-content\/uploads\/2018\/11\/image15-e1542284675767.jpeg 640w, https:\/\/www.ecletismomusical.pt\/wp-content\/uploads\/2018\/11\/image15-e1542284675767-300x225.jpeg 300w\" \/> <img class=\"alignnone wp-image-3636\" src=\"https:\/\/www.ecletismomusical.pt\/wp-content\/uploads\/2018\/11\/image14-e1542284734594.jpeg\" alt=\"\" width=\"234\" height=\"176\" srcset=\"https:\/\/www.ecletismomusical.pt\/wp-content\/uploads\/2018\/11\/image14-e1542284734594.jpeg 639w, https:\/\/www.ecletismomusical.pt\/wp-content\/uploads\/2018\/11\/image14-e1542284734594-300x225.jpeg 300w\" \/> <img class=\"alignnone wp-image-3637\" src=\"https:\/\/www.ecletismomusical.pt\/wp-content\/uploads\/2018\/11\/IMG_5076.jpg\" alt=\"\" width=\"473\" height=\"222\" srcset=\"https:\/\/www.ecletismomusical.pt\/wp-content\/uploads\/2018\/11\/IMG_5076.jpg 1331w, https:\/\/www.ecletismomusical.pt\/wp-content\/uploads\/2018\/11\/IMG_5076-300x141.jpg 300w, https:\/\/www.ecletismomusical.pt\/wp-content\/uploads\/2018\/11\/IMG_5076-768x361.jpg 768w, https:\/\/www.ecletismomusical.pt\/wp-content\/uploads\/2018\/11\/IMG_5076-1024x482.jpg 1024w\" \/><\/p>\n<p><span style=\"font-family: verdana, geneva, sans-serif\">Para fechar esta noite de emo\u00e7\u00f5es e, onde a pr\u00f3pria voz de David Fonseca, parece ter, em alguns momentos, amea\u00e7ado render-se, o Coliseu celebrou os 20 anos em festa com o seu atual maior hit:<strong>&#8220;Oh My Heart&#8221;<\/strong>.<\/span><\/p>","protected":false},"excerpt":{"rendered":"<p>Foi um Coliseu de Lisboa praticamente esgotado e com um p\u00fablico muito heterog\u00e9neo, desde a gera\u00e7\u00e3o a chegar aos 40 e que acompanhou David desde os Silence 4, a muitos jovens que s\u00f3 ter\u00e3o vivido os \u00faltimos \u00e1lbuns a solo,\u00a0que assistiu ontem, ao primeiro de dois concertos (sexta-feira ser\u00e1 a vez do Coliseu do Porto)<\/p>","protected":false},"author":3,"featured_media":3623,"comment_status":"open","ping_status":"open","sticky":false,"template":"","format":"standard","meta":[],"categories":[23,28],"tags":[562,563,50,98],"_links":{"self":[{"href":"https:\/\/www.ecletismomusical.pt\/en\/wp-json\/wp\/v2\/posts\/3622"}],"collection":[{"href":"https:\/\/www.ecletismomusical.pt\/en\/wp-json\/wp\/v2\/posts"}],"about":[{"href":"https:\/\/www.ecletismomusical.pt\/en\/wp-json\/wp\/v2\/types\/post"}],"author":[{"embeddable":true,"href":"https:\/\/www.ecletismomusical.pt\/en\/wp-json\/wp\/v2\/users\/3"}],"replies":[{"embeddable":true,"href":"https:\/\/www.ecletismomusical.pt\/en\/wp-json\/wp\/v2\/comments?post=3622"}],"version-history":[{"count":6,"href":"https:\/\/www.ecletismomusical.pt\/en\/wp-json\/wp\/v2\/posts\/3622\/revisions"}],"predecessor-version":[{"id":3643,"href":"https:\/\/www.ecletismomusical.pt\/en\/wp-json\/wp\/v2\/posts\/3622\/revisions\/3643"}],"wp:featuredmedia":[{"embeddable":true,"href":"https:\/\/www.ecletismomusical.pt\/en\/wp-json\/wp\/v2\/media\/3623"}],"wp:attachment":[{"href":"https:\/\/www.ecletismomusical.pt\/en\/wp-json\/wp\/v2\/media?parent=3622"}],"wp:term":[{"taxonomy":"category","embeddable":true,"href":"https:\/\/www.ecletismomusical.pt\/en\/wp-json\/wp\/v2\/categories?post=3622"},{"taxonomy":"post_tag","embeddable":true,"href":"https:\/\/www.ecletismomusical.pt\/en\/wp-json\/wp\/v2\/tags?post=3622"}],"curies":[{"name":"wp","href":"https:\/\/api.w.org\/{rel}","templated":true}]}}