{"id":364,"date":"2011-06-20T16:20:00","date_gmt":"2011-06-20T16:20:00","guid":{"rendered":"https:\/\/ecletismomusical.pt\/new-album-bon-iver-bon-iver\/"},"modified":"2011-06-20T16:20:00","modified_gmt":"2011-06-20T16:20:00","slug":"new-album-bon-iver-bon-iver","status":"publish","type":"post","link":"https:\/\/www.ecletismomusical.pt\/en\/new-album-bon-iver-bon-iver\/","title":{"rendered":"[New Album] Bon Iver &#8211; Bon Iver"},"content":{"rendered":"<div style=\"clear: both;text-align: center\"><a href=\"http:\/\/3.bp.blogspot.com\/-YXFFrULxcbc\/Tf9TbbyLoGI\/AAAAAAAAALw\/ZWiVQdWIDXk\/s1600\/bon-iver.jpg\" style=\"clear: left;float: left;margin-bottom: 1em;margin-right: 1em\"><img height=\"320\" src=\"http:\/\/3.bp.blogspot.com\/-YXFFrULxcbc\/Tf9TbbyLoGI\/AAAAAAAAALw\/ZWiVQdWIDXk\/s320\/bon-iver.jpg\" width=\"320\" \/><\/a><\/div>\n<div style=\"font-family: Arial,Helvetica,sans-serif;text-align: justify\"><\/div>\n<div style=\"font-family: Arial,Helvetica,sans-serif;text-align: justify\">\n<p>Em Fevereiro de 2008, <b>Justin Vernon (Aka <a href=\"http:\/\/www.boniver.org\/\">Bon Iver<\/a>)<\/b> emergiu da cabana onde esteve enclausurado a curar males de amor, e apresentou ao mundo um seminal \u00e1lbum &#8211; <b>\u00abFor Emma, Forever Ago\u00bb<\/b> &#8211; merecedor de aclama\u00e7\u00e3o mundial. \u00c1lbum de letras fortes e de uma beleza cruel, colocando automaticamente <b>Justin Vernon<\/b> entre o songwriter cl\u00e1ssico, melanc\u00f3lico, negativo e sofredor e o artista pop moderno, que n\u00e3o tem medo do experimentalismo, e de preencher a sua m\u00fasica com camadas c\u00edclicas de efeitos sonoros.<\/p>\n<p>Em Junho de 2011, <a href=\"http:\/\/www.boniver.org\/\"><b>Bon Iver<\/b><\/a> apresenta o seu 2\u00ba \u00e1lbum &#8211; <b>\u00abBon Iver\u00bb<\/b> &#8211; e escolhe para imagem de capa, nada menos, nada mais, do que uma  cabana no meio de uma floresta. Mas, Emma, saiu da cabana e percorre  neste \u00e1lbum diferentes locais nos Estados Unidos.<\/div>\n<p><iframe allowfullscreen=\"\" frameborder=\"0\" height=\"349\" src=\"http:\/\/www.youtube.com\/embed\/KbJy1zeoDn4\" width=\"480\"><\/iframe><\/p>\n<div style=\"font-family: Arial,Helvetica,sans-serif;text-align: justify\">\n<p>Este  \u00e1lbum pode ser visto como fazendo parte de um livro de hist\u00f3rias de  encantar, segundo acto da vida de uma personagem nascida da escurid\u00e3o,  isolamento e desespero absoluto. Em <a href=\"http:\/\/www.boniver.org\/\"><b>\u00abBon Iver\u00bb<\/b><\/a>, Emma, vai soltando as  amarras do desespero e vai vendo que existe um mundo para al\u00e9m da cabana  onde nasceu. <\/p>\n<div style=\"font-family: Arial,Helvetica,sans-serif;text-align: justify\"><\/div>\n<div style=\"font-family: Arial,Helvetica,sans-serif;text-align: justify\">E neste <b>\u00abBon Iver\u00bb<\/b>,  a beleza de Emma resplandece \u00e0 medida que Justin vai apresentado os  ambientes visuais, que, sendo agora muito mais cosmopolitas e  preenchidos (de 2008 at\u00e9 2011, Justin at\u00e9 parceria com <b>Kayne West<\/b> fez)&nbsp; s\u00e3o representados por in\u00fameras camadas s\u00f3nicas sobrepostas e em  loop, mas nunca perdendo o foco da import\u00e2ncia da invulgar voz de  Justin. <\/div>\n<p><\/div>\n<p><iframe frameborder=\"0\" height=\"225\" src=\"http:\/\/player.vimeo.com\/video\/25335305?title=0&amp;byline=0&amp;portrait=0\" width=\"400\"><\/iframe><br \/><a href=\"http:\/\/vimeo.com\/25335305\">Bon Iver \u00e2\u20ac\u201c Holocene<\/a> from <a href=\"http:\/\/vimeo.com\/user6737034\">fotomuse<\/a> on <a href=\"http:\/\/vimeo.com\/\">Vimeo<\/a>.<\/p>\n<div style=\"font-family: Arial,Helvetica,sans-serif;text-align: justify\"><\/div>\n<div style=\"font-family: Arial,Helvetica,sans-serif;text-align: justify\">Para alguns, nunca haver\u00e1 Emma como a primeira e convenhamos, depois de um \u00e1lbum t\u00e3o completo e absoluto como \u00abFor Emma, Forever Ago\u00bb, a tarefa de Bon Iver n\u00e3o era nada f\u00e1cil, mas os g\u00e9nios s\u00e3o isto mesmo, e <b>\u00abBon Iver\u00bb<\/b> pode n\u00e3o ser o melhor \u00e1lbum da carreira de Justin (vamos ver o que o futuro nos reservar\u00e1), mas ser\u00e1 certamente um \u00e1lbum de enorme beleza, riqueza sonora e, como tal, absolutamente obrigat\u00f3rio!<\/div>\n<div style=\"font-family: Arial,Helvetica,sans-serif;text-align: justify\"><\/div>\n<div style=\"text-align: justify\"><span style=\"font-family: Arial,Helvetica,sans-serif\">Chamamos a aten\u00e7\u00e3o para o facto de a cr\u00edtica especializada estar a receber este \u00e1lbum com enorme entusiasmo, merecendo <b>100 em 100 para revistas como a Mojo e Uncut e 9,5 em 10 na Pitchfork.<\/b><\/span><\/div>","protected":false},"excerpt":{"rendered":"<p>Em Fevereiro de 2008, Justin Vernon (Aka Bon Iver) emergiu da cabana onde esteve enclausurado a curar males de amor, e apresentou ao mundo um seminal \u00e1lbum &#8211; \u00abFor Emma, Forever Ago\u00bb &#8211; merecedor de aclama\u00e7\u00e3o mundial. \u00c1lbum de letras fortes e de uma beleza cruel, colocando automaticamente Justin Vernon entre o songwriter cl\u00e1ssico, melanc\u00f3lico,<\/p>","protected":false},"author":1,"featured_media":0,"comment_status":"open","ping_status":"open","sticky":false,"template":"","format":"standard","meta":[],"categories":[1],"tags":[],"_links":{"self":[{"href":"https:\/\/www.ecletismomusical.pt\/en\/wp-json\/wp\/v2\/posts\/364"}],"collection":[{"href":"https:\/\/www.ecletismomusical.pt\/en\/wp-json\/wp\/v2\/posts"}],"about":[{"href":"https:\/\/www.ecletismomusical.pt\/en\/wp-json\/wp\/v2\/types\/post"}],"author":[{"embeddable":true,"href":"https:\/\/www.ecletismomusical.pt\/en\/wp-json\/wp\/v2\/users\/1"}],"replies":[{"embeddable":true,"href":"https:\/\/www.ecletismomusical.pt\/en\/wp-json\/wp\/v2\/comments?post=364"}],"version-history":[{"count":0,"href":"https:\/\/www.ecletismomusical.pt\/en\/wp-json\/wp\/v2\/posts\/364\/revisions"}],"wp:attachment":[{"href":"https:\/\/www.ecletismomusical.pt\/en\/wp-json\/wp\/v2\/media?parent=364"}],"wp:term":[{"taxonomy":"category","embeddable":true,"href":"https:\/\/www.ecletismomusical.pt\/en\/wp-json\/wp\/v2\/categories?post=364"},{"taxonomy":"post_tag","embeddable":true,"href":"https:\/\/www.ecletismomusical.pt\/en\/wp-json\/wp\/v2\/tags?post=364"}],"curies":[{"name":"wp","href":"https:\/\/api.w.org\/{rel}","templated":true}]}}