{"id":366,"date":"2011-06-13T15:30:00","date_gmt":"2011-06-13T15:30:00","guid":{"rendered":"https:\/\/ecletismomusical.pt\/fernando-pessoa-e-a-musica\/"},"modified":"2011-06-13T15:30:00","modified_gmt":"2011-06-13T15:30:00","slug":"fernando-pessoa-e-a-musica","status":"publish","type":"post","link":"https:\/\/www.ecletismomusical.pt\/en\/fernando-pessoa-e-a-musica\/","title":{"rendered":"Fernando Pessoa e a M\u00fasica"},"content":{"rendered":"<div style=\"clear: both;text-align: center\"><a href=\"http:\/\/3.bp.blogspot.com\/-SB-2CI2MLTo\/TfYeVTnSOnI\/AAAAAAAAALo\/Uku2qfDFjhc\/s1600\/fernandopessoa11-hp.jpg\" style=\"clear: left;float: left;margin-bottom: 1em;margin-right: 1em\"><img height=\"153\" src=\"http:\/\/3.bp.blogspot.com\/-SB-2CI2MLTo\/TfYeVTnSOnI\/AAAAAAAAALo\/Uku2qfDFjhc\/s400\/fernandopessoa11-hp.jpg\" width=\"400\" \/><\/a><\/div>\n<div style=\"font-family: Arial,Helvetica,sans-serif\"><\/div>\n<div style=\"font-family: Arial,Helvetica,sans-serif;text-align: justify\">No dia em que o gigante <b>Google<\/b> faz homenagem ao escritor <b>Fernando Pessoa<\/b> pelo seu 123\u00ba anivers\u00e1rio, o <b>Eclectismo Musical<\/b> apresenta uma compila\u00e7\u00e3o de algumas m\u00fasicas baseadas em poemas do nome maior da literatura portuguesa a quem faltou o Nobel.<\/div>\n<div style=\"font-family: Arial,Helvetica,sans-serif\"><\/div>\n<div style=\"font-family: Arial,Helvetica,sans-serif\">Tom Jobim &#8211; Autopsicografia<span style=\"border-collapse: separate;color: black;font-size: 16px;font-style: normal;font-variant: normal;font-weight: normal;letter-spacing: normal;line-height: normal;text-indent: 0px;text-transform: none\"><span style=\"font-size: 12px;text-align: left\"><\/span><\/span> <\/div>\n<div style=\"font-family: Arial,Helvetica,sans-serif\"><iframe allowfullscreen=\"\" frameborder=\"0\" height=\"349\" src=\"http:\/\/www.youtube.com\/embed\/U2zJ3XISTs4\" width=\"425\"><\/iframe><\/div>\n<div style=\"font-family: Arial,Helvetica,sans-serif\"><\/div>\n<div style=\"font-family: Arial,Helvetica,sans-serif\">Dulce Pontes &#8211; O Infante<\/div>\n<div style=\"font-family: Arial,Helvetica,sans-serif\"><iframe allowfullscreen=\"\" frameborder=\"0\" height=\"349\" src=\"http:\/\/www.youtube.com\/embed\/Hr9sTxkO2xw\" width=\"425\"><\/iframe><\/div>\n<div style=\"font-family: Arial,Helvetica,sans-serif\"><\/div>\n<div style=\"font-family: Arial,Helvetica,sans-serif\">Caetano Veloso &#8211; Padr\u00e3o<\/div>\n<div style=\"font-family: Arial,Helvetica,sans-serif\"><iframe allowfullscreen=\"\" frameborder=\"0\" height=\"349\" src=\"http:\/\/www.youtube.com\/embed\/Hr9sTxkO2xw\" width=\"425\"><\/iframe><span style=\"border-collapse: separate;color: black;font-size: 16px;font-style: normal;font-variant: normal;font-weight: normal;letter-spacing: normal;line-height: normal;text-indent: 0px;text-transform: none\"><span style=\"font-size: 12px;text-align: left\"><\/p>\n<p> Zeca Afonso &#8211; No Comboio Descendente<br \/><iframe allowfullscreen=\"\" frameborder=\"0\" height=\"349\" src=\"http:\/\/www.youtube.com\/embed\/hhlFE0PxsYM\" width=\"425\"><\/iframe><\/p>\n<p>Ana Moura &#8211; Vaga no Azul<\/span><\/span><\/div>\n<div style=\"font-family: Arial,Helvetica,sans-serif\"><span style=\"border-collapse: separate;color: black;font-size: 16px;font-style: normal;font-variant: normal;font-weight: normal;letter-spacing: normal;line-height: normal;text-indent: 0px;text-transform: none\"><span style=\"font-size: 12px;text-align: left\"><br \/><\/span><\/span><iframe allowfullscreen=\"\" frameborder=\"0\" height=\"349\" src=\"http:\/\/www.youtube.com\/embed\/GD1i14HKEdM\" width=\"425\"><\/iframe> <br \/>Mariza &#8211; Cavaleiro Monge<br \/><iframe allowfullscreen=\"\" frameborder=\"0\" height=\"349\" src=\"http:\/\/www.youtube.com\/embed\/57DDs5FEJPg\" width=\"425\"><\/iframe> <br \/>Cristina Branco &#8211; Margarida<br \/><iframe allowfullscreen=\"\" frameborder=\"0\" height=\"349\" src=\"http:\/\/www.youtube.com\/embed\/iYDkZG1pGdc\" width=\"425\"><\/iframe> <\/p>\n<p>Mariza &amp; Caman\u00e9 &#8211; H\u00e1 uma M\u00fasica no Povo <iframe allowfullscreen=\"\" frameborder=\"0\" height=\"349\" src=\"http:\/\/www.youtube.com\/embed\/9RvTuyhdOsg\" width=\"425\"><\/iframe> <\/div>\n<div style=\"font-family: Arial,Helvetica,sans-serif\">Wordsong &#8211; Sistema Sentimental<br \/><iframe allowfullscreen=\"\" frameborder=\"0\" height=\"349\" src=\"http:\/\/www.youtube.com\/embed\/d9JfW2nyBfE\" width=\"425\"><\/iframe><\/p>\n<p>Secos &amp; Molhados &#8211; N\u00e3o: n\u00e3o digas nada!<\/p><\/div>\n<div style=\"font-family: Arial,Helvetica,sans-serif\"><\/div>\n<p><iframe allowfullscreen=\"\" frameborder=\"0\" height=\"349\" src=\"http:\/\/www.youtube.com\/embed\/c2xdiwCCxiA\" style=\"font-family: Arial,Helvetica,sans-serif\" width=\"425\"><\/iframe> <\/p>\n<p><span style=\"font-family: Arial,Helvetica,sans-serif\">Am\u00e9lia Muge &#8211; Nevoeiro<\/span><br \/><iframe allowfullscreen=\"\" frameborder=\"0\" height=\"349\" src=\"http:\/\/www.youtube.com\/embed\/6UP--oY3dFg\" style=\"font-family: Arial,Helvetica,sans-serif\" width=\"425\"><\/iframe> <\/p>\n<p><span style=\"font-family: Arial,Helvetica,sans-serif\">Lu\u00eds C\u00edlia &#8211; O Menino de Sua M\u00e3e<\/span><br \/><iframe allowfullscreen=\"\" frameborder=\"0\" height=\"349\" src=\"http:\/\/www.youtube.com\/embed\/QYmWJRCtxz8\" style=\"font-family: Arial,Helvetica,sans-serif\" width=\"425\"><\/iframe> <\/p>\n<p><span style=\"font-family: Arial,Helvetica,sans-serif\">Tiago Bettencourt &#8211; Menino Aprendiz<\/span><br \/><iframe allowfullscreen=\"\" frameborder=\"0\" height=\"349\" src=\"http:\/\/www.youtube.com\/embed\/qel8bHSMlW4\" width=\"425\"><\/iframe><\/p>","protected":false},"excerpt":{"rendered":"<p>No dia em que o gigante Google faz homenagem ao escritor Fernando Pessoa pelo seu 123\u00ba anivers\u00e1rio, o Eclectismo Musical apresenta uma compila\u00e7\u00e3o de algumas m\u00fasicas baseadas em poemas do nome maior da literatura portuguesa a quem faltou o Nobel. Tom Jobim &#8211; Autopsicografia Dulce Pontes &#8211; O Infante Caetano Veloso &#8211; Padr\u00e3o Zeca Afonso<\/p>","protected":false},"author":1,"featured_media":0,"comment_status":"open","ping_status":"open","sticky":false,"template":"","format":"standard","meta":[],"categories":[1],"tags":[],"_links":{"self":[{"href":"https:\/\/www.ecletismomusical.pt\/en\/wp-json\/wp\/v2\/posts\/366"}],"collection":[{"href":"https:\/\/www.ecletismomusical.pt\/en\/wp-json\/wp\/v2\/posts"}],"about":[{"href":"https:\/\/www.ecletismomusical.pt\/en\/wp-json\/wp\/v2\/types\/post"}],"author":[{"embeddable":true,"href":"https:\/\/www.ecletismomusical.pt\/en\/wp-json\/wp\/v2\/users\/1"}],"replies":[{"embeddable":true,"href":"https:\/\/www.ecletismomusical.pt\/en\/wp-json\/wp\/v2\/comments?post=366"}],"version-history":[{"count":0,"href":"https:\/\/www.ecletismomusical.pt\/en\/wp-json\/wp\/v2\/posts\/366\/revisions"}],"wp:attachment":[{"href":"https:\/\/www.ecletismomusical.pt\/en\/wp-json\/wp\/v2\/media?parent=366"}],"wp:term":[{"taxonomy":"category","embeddable":true,"href":"https:\/\/www.ecletismomusical.pt\/en\/wp-json\/wp\/v2\/categories?post=366"},{"taxonomy":"post_tag","embeddable":true,"href":"https:\/\/www.ecletismomusical.pt\/en\/wp-json\/wp\/v2\/tags?post=366"}],"curies":[{"name":"wp","href":"https:\/\/api.w.org\/{rel}","templated":true}]}}