{"id":3672,"date":"2018-11-20T11:25:52","date_gmt":"2018-11-20T11:25:52","guid":{"rendered":"https:\/\/www.ecletismomusical.pt\/?p=3672"},"modified":"2018-11-20T11:26:43","modified_gmt":"2018-11-20T11:26:43","slug":"new-single-os-quatro-e-meia-a-terra-gira","status":"publish","type":"post","link":"https:\/\/www.ecletismomusical.pt\/en\/new-single-os-quatro-e-meia-a-terra-gira\/","title":{"rendered":"[New Single] Os Quatro e Meia &#8211; A Terra Gira"},"content":{"rendered":"<p><iframe src=\"https:\/\/www.youtube.com\/embed\/zStxI1m5Jcs\" width=\"560\" height=\"315\" frameborder=\"0\" allowfullscreen=\"allowfullscreen\"><\/iframe><\/p>\n<p><strong><span style=\"font-family: verdana, geneva, sans-serif\">Na descri\u00e7\u00e3o dos pr\u00f3prios:<\/span><\/strong><br \/>\n<span style=\"font-family: verdana, geneva, sans-serif\">&#8220;A vida \u00e9 uma queda livre.<\/span><\/p>\n<p><span style=\"font-family: verdana, geneva, sans-serif\">Assim que saltamos, sustemos a respira\u00e7\u00e3o, fitamos o ch\u00e3o que se aproxima e na sorte.<\/span><\/p>\n<p><span style=\"font-family: verdana, geneva, sans-serif\">Aceitamos a vertigem estonteante e fazemos figas para que um p\u00e1ra-quedas nos ajude a aterrar, seja onde for, mas s\u00e3os e salvos.<\/span><\/p>\n<p><span style=\"font-family: verdana, geneva, sans-serif\">Naqueles instantes, deixamo-nos ir. O controlo do nosso caminho pertence \u00e0s for\u00e7as e vontades da Terra e do Ar.<\/span><\/p>\n<p><span style=\"font-family: verdana, geneva, sans-serif\">Enquanto a vida nos leva a toda a velocidade contra o solo, numa apneia que nos estonteia, esquecemo-nos de quanto, um dia, s\u00f3 sonh\u00e1vamos tocar as nuvens.<\/span><\/p>\n<p><span style=\"font-family: verdana, geneva, sans-serif\"><a class=\"_58cn\" href=\"https:\/\/www.facebook.com\/hashtag\/aterragira\">#aterragira<\/a>\u00a0<a class=\"_58cn\" href=\"https:\/\/www.facebook.com\/hashtag\/osquatroemeia\">#osquatroemeia<\/a>\u00a0@primeiralinhapt @sonymusicpt\u00a0<a class=\"_58cn\" href=\"https:\/\/www.facebook.com\/hashtag\/pontosnosis\">#pontosnosis<\/a>\u00a0<a class=\"_58cn\" href=\"https:\/\/www.facebook.com\/hashtag\/coliseudoporto\">#coliseudoporto<\/a><a class=\"_58cn\" href=\"https:\/\/www.facebook.com\/hashtag\/cmcoimbra\">#CMCoimbra<\/a>\u00a0<a class=\"_58cn\" href=\"https:\/\/www.facebook.com\/hashtag\/newsong\">#newsong<\/a>\u00a0<a class=\"_58cn\" href=\"https:\/\/www.facebook.com\/hashtag\/newmusic\">#newmusic<\/a>\u00a0<a class=\"_58cn\" href=\"https:\/\/www.facebook.com\/hashtag\/newsingle\">#newsingle<\/a><a class=\"_58cn\" href=\"https:\/\/www.facebook.com\/hashtag\/single\">#single<\/a>\u00a0<a class=\"_58cn\" href=\"https:\/\/www.facebook.com\/hashtag\/videoclip\">#videoclip<\/a>&#8220;<\/span><\/p>","protected":false},"excerpt":{"rendered":"<p>Na descri\u00e7\u00e3o dos pr\u00f3prios: &#8220;A vida \u00e9 uma queda livre. Assim que saltamos, sustemos a respira\u00e7\u00e3o, fitamos o ch\u00e3o que se aproxima e na sorte. Aceitamos a vertigem estonteante e fazemos figas para que um p\u00e1ra-quedas nos ajude a aterrar, seja onde for, mas s\u00e3os e salvos. Naqueles instantes, deixamo-nos ir. O controlo do nosso<\/p>","protected":false},"author":3,"featured_media":3676,"comment_status":"open","ping_status":"open","sticky":false,"template":"","format":"standard","meta":[],"categories":[26],"tags":[87,568],"_links":{"self":[{"href":"https:\/\/www.ecletismomusical.pt\/en\/wp-json\/wp\/v2\/posts\/3672"}],"collection":[{"href":"https:\/\/www.ecletismomusical.pt\/en\/wp-json\/wp\/v2\/posts"}],"about":[{"href":"https:\/\/www.ecletismomusical.pt\/en\/wp-json\/wp\/v2\/types\/post"}],"author":[{"embeddable":true,"href":"https:\/\/www.ecletismomusical.pt\/en\/wp-json\/wp\/v2\/users\/3"}],"replies":[{"embeddable":true,"href":"https:\/\/www.ecletismomusical.pt\/en\/wp-json\/wp\/v2\/comments?post=3672"}],"version-history":[{"count":2,"href":"https:\/\/www.ecletismomusical.pt\/en\/wp-json\/wp\/v2\/posts\/3672\/revisions"}],"predecessor-version":[{"id":3678,"href":"https:\/\/www.ecletismomusical.pt\/en\/wp-json\/wp\/v2\/posts\/3672\/revisions\/3678"}],"wp:featuredmedia":[{"embeddable":true,"href":"https:\/\/www.ecletismomusical.pt\/en\/wp-json\/wp\/v2\/media\/3676"}],"wp:attachment":[{"href":"https:\/\/www.ecletismomusical.pt\/en\/wp-json\/wp\/v2\/media?parent=3672"}],"wp:term":[{"taxonomy":"category","embeddable":true,"href":"https:\/\/www.ecletismomusical.pt\/en\/wp-json\/wp\/v2\/categories?post=3672"},{"taxonomy":"post_tag","embeddable":true,"href":"https:\/\/www.ecletismomusical.pt\/en\/wp-json\/wp\/v2\/tags?post=3672"}],"curies":[{"name":"wp","href":"https:\/\/api.w.org\/{rel}","templated":true}]}}