{"id":369,"date":"2011-06-05T16:30:00","date_gmt":"2011-06-05T16:30:00","guid":{"rendered":"https:\/\/ecletismomusical.pt\/entrevista-pedro-barroso\/"},"modified":"2020-03-17T17:19:35","modified_gmt":"2020-03-17T17:19:35","slug":"entrevista-pedro-barroso","status":"publish","type":"post","link":"https:\/\/www.ecletismomusical.pt\/en\/entrevista-pedro-barroso\/","title":{"rendered":"[ENTREVISTA] Pedro Barroso (2011)"},"content":{"rendered":"<div style=\"font-family: Arial,Helvetica,sans-serif;text-align: justify\">Porque os Grandes Tributos se fazem em Vida, o <b>Eclectismo Musical<\/b> presta homenagem a <a href=\"http:\/\/www.pedrobarroso.com\/\"><b>Pedro Barroso<\/b><\/a>, um dos maiores Autores portugueses, com uma entrevista muito especial. Trovador de excel\u00eancia, com mais de 40 anos de carreira, sempre com um esp\u00edrito interventivo, acutilante e possuidor de uma mordaz ironia, a sua vida corre na tranquilidade de Riachos (Ribatejo), mas sem nunca deixar de ser um atento observador de tudo o que se passa nos nossos tempos.<\/div>\n<div style=\"font-family: Arial,Helvetica,sans-serif;text-align: justify\">&nbsp;<\/div>\n<div style=\"font-family: Arial,Helvetica,sans-serif;text-align: justify\">Professor, fisioterapeuta, escritor, poeta, pintor, artista pl\u00e1stico, M\u00fasico, numa palavra, <b>Iluminado<\/b>. Sem meias palavras, sempre sem medo de dizer o que pensa, <b>Pedro Barroso<\/b> respondeu, com a frontalidade de sempre, \u00e0s quest\u00f5es colocadas pelo <b>Eclectismo Musical.<\/b><\/div>\n<div style=\"font-family: Arial,Helvetica,sans-serif;text-align: justify\">&nbsp;<\/div>\n<div style=\"font-family: Arial,Helvetica,sans-serif;text-align: justify\">Ainda que tendo a consci\u00eancia de n\u00e3o ser este um nome conhecido da maioria dos seus leitores, o <b>Eclectismo Musical<\/b> considerou que a <b>Obra e o Homem<\/b>, justificavam cabalmente este momento que, esperamos, sirva tamb\u00e9m precisamente para mais pessoas procurarem conhecer a extraordin\u00e1ria Obra deste grande Senhor da Arte em Portugal.<\/div>\n<div style=\"font-family: Arial,Helvetica,sans-serif;text-align: justify\"><b>&nbsp;<\/b><\/div>\n<div style=\"font-family: Arial,Helvetica,sans-serif;text-align: justify\">\n<p><b><span style=\"color: black\"><span style=\"font-size: small\">Eclectismo Musical (EM): Com pragmatismo, ainda que com algum sentimento de enorme injusti\u00e7a, teremos que dizer que o Pedro Barroso (O trovador, j\u00e1 que existe um outro medi\u00e1tico via &#8220;morangadas\u201d da TV) \u00e9 um perfeito desconhecido para as novas gera\u00e7\u00f5es. O que diria a estes jovens (e outros nem tanto) sobre o seu legado? <\/span><\/span><\/b><\/p>\n<p>&nbsp;<\/p>\n<\/div>\n<div style=\"text-align: justify\"><span style=\"color: black;font-family: Arial,Helvetica,sans-serif\"><span style=\"font-size: small\"><b>Pedro Barroso:<\/b> Venham assistir a um concerto meu e ficar\u00e3o a saber como comunico e que recados trago na bagagem e na poesia que fa\u00e7o. Normalmente no fim v\u00eam confessar a sua surpresa e ficam seduzidos, pois tenho tido provas de ser transversal e intergeracional.<\/span><iframe width=\"560\" height=\"315\" src=\"https:\/\/www.youtube.com\/embed\/uMkxT2n0D8c\" frameborder=\"0\" allowfullscreen><\/iframe>\n<div style=\"text-align: justify\"><b><span style=\"font-family: Arial,Helvetica,sans-serif\">EM: Para alguns (infinitamente redutores) o Pedro Barroso \u00e9 o cantor popular da \u201cperninha da menina\u201d, para outros, uma esp\u00e9cie de eremita afastado dos c\u00edrculos sociais, quem \u00e9 realmente o Pedro Barroso depois de mais de 40 anos de carreira?&nbsp;<\/span><\/b><\/div>\n<div style=\"font-family: Arial,Helvetica,sans-serif;text-align: justify\">&nbsp;<\/div>\n<div style=\"font-family: Arial,Helvetica,sans-serif;text-align: justify\"><b>Pedro Barroso:<\/b> O menos \u00abperninha da menina\u00bb que \u00e9 poss\u00edvel \u2013 que nem faz normalmente parte do alinhamento dos concertos\u2026- pois toda a minha obra de h\u00e1 30 anos a esta parte \u00e9 dedicada ao sonho de um mundo melhor, mais humano, mais solid\u00e1rio, ao amor pela hist\u00f3ria, \u00e0s artes infinitas da intimidade e da ternura, ao erotismo, \u00e0 interven\u00e7\u00e3o &#8211; n\u00e3o panflet\u00e1ria, mas outrossim atenta e sempre procurando sem\u00e2nticas da intelig\u00eancia e da sensibilidade\u2026<\/div>\n<div style=\"font-family: Arial,Helvetica,sans-serif;text-align: justify\">&nbsp;<\/div>\n<div style=\"font-family: Arial,Helvetica,sans-serif;text-align: justify\"><b>EM: Considera que o seu esp\u00edrito inconformista, de constante interven\u00e7\u00e3o social, por vezes mesmo de cr\u00edtica mordaz, bem como a conota\u00e7\u00e3o pol\u00edtica que lhe est\u00e1 associada desde os tempos das campanhas de dinamiza\u00e7\u00e3o cultural organizadas pelo MFA e posteriores interven\u00e7\u00f5es c\u00edvicas, marcou, limitou e condicionou significativamente a sua carreira e a forma como as pessoas o v\u00eaem? <\/b><\/div>\n<div style=\"font-family: Arial,Helvetica,sans-serif;text-align: justify\"><b>Pedro Barroso:<\/b> Estou no ponto de vida e de carreira em que me estou absolutamente a afastar do que pensem e dos alinhamentos recomend\u00e1veis. Sou, existo e intervenho criticamente \u2013 basta. O meu corrosivo livro &#8220;o pa\u00eds pimba&#8221; \u00e9 muito explicativo sobre isso. A ironia \u00e9 uma arma letal. Um problema \u00e9 que os verdadeiramente est\u00fapidos e med\u00edocres n\u00e3o a entendem. E os verdadeiramente culp\u00e1veis e corruptos percebem que \u00e9 com eles, mas j\u00e1 perderam a vergonha h\u00e1 muito tempo.<\/div>\n<div style=\"font-family: Arial,Helvetica,sans-serif;text-align: justify\">Mas direi que sim \u2013 se tivesse aceitado condi\u00e7\u00f5es pol\u00edtico partid\u00e1rias ou qualquer outro tipo de arregimenta\u00e7\u00e3o vis\u00edvel ou oculta, provavelmente seria o \u00edcone que a espa\u00e7os referenciam em mim os verdadeiramente livres e independentes de crit\u00e9rio, como vejo nos coment\u00e1rios que de mim fazem no <i>youtube<\/i>. Assim, sou um desconhecido, que para uns milhares de pessoas de sensibilidade \u00e9 quase um guru da diferen\u00e7a e para os outros \u00e9 absolutamente ningu\u00e9m.\n\n\n<div style=\"text-align: justify\">\n<p>&nbsp;<\/p>\n<p>EM: Ou seja, tal como por exemplo um S\u00edlvio Rodriguez ou um V\u00edtor Jara, ainda que com n\u00edveis de participa\u00e7\u00e3o e hist\u00f3ria conjectural substancialmente diferentes, considera que dissociar a arte e o artista, das suas convic\u00e7\u00f5es pol\u00edticas, \u00e9 um exerc\u00edcio exequ\u00edvel? Ou, por outro lado, \u00e9 uma tentativa que nem sequer faz sentido?<\/p>\n<\/div>\n<div style=\"text-align: justify\"><span style=\"font-family: Arial,Helvetica,sans-serif\"><b>Pedro Barroso:<\/b> Eu tenho dificuldades em controlar o Pedro Chora, o meu heter\u00f3nimo pintor, por exemplo. O homem \u00e9 louco e arrojado, n\u00e3o tenho m\u00e3o nele\u2026 e muitas vezes acontece-me o mesmo com o Barroso, tenho de o travar para n\u00e3o ser t\u00e3o chato e excessivamente palavroso gong\u00f3rico e criptado na sua erudi\u00e7\u00e3o. Sou cooperativista mas tamb\u00e9m sou pela propriedade privada. N\u00e3o h\u00e1 partido em que me reveja e nas elei\u00e7\u00f5es esse meu n\u00e3o alinhamento diverte-me imenso, respondo apenas perante a minha consci\u00eancia. Mas uma boa can\u00e7\u00e3o sobre a ternura humana, o entendimento da montanha, o sonho do futuro, n\u00e3o pode ter peias nem emblemas ou nunca seria livre<\/span><\/div>\n<div style=\"text-align: justify\"><span style=\"font-family: Arial,Helvetica,sans-serif\">Nos ant\u00edpodas, o artista engajado a uma for\u00e7a politica concreta, fica condenado a uma esp\u00e9cie de disciplina criativa e tem\u00e1tica que, pe\u00e7o desculpa, mas, me repugna.<\/span><\/div>\n<div style=\"text-align: justify\">&nbsp;<\/div>\n<div style=\"text-align: justify\"><b><span style=\"font-family: Arial,Helvetica,sans-serif\">EM: O Pedro dizia, em 1999, que <i>&#8220;Vivemos dias cinzentos. D\u00e1 vontade de voltar \u00e0 can\u00e7\u00e3o de interven\u00e7\u00e3o com ironia e rigor po\u00e9tico&#8221;<\/i>. Perante a actual situa\u00e7\u00e3o do Pa\u00eds, para al\u00e9m de iniciativas como a manifesta\u00e7\u00e3o \u00abfacebook\u00bb, onde marcou presen\u00e7a, considera poss\u00edvel voltar \u00e0 can\u00e7\u00e3o de interven\u00e7\u00e3o? <\/span><\/b><\/div>\n<div style=\"text-align: justify\"><span style=\"font-family: Arial,Helvetica,sans-serif\"><b>Pedro Barroso:<\/b> Toda a can\u00e7\u00e3o pensada de forma profunda reflecte e faz parte da estrutura de onde nasce, isto \u00e9, a na\u00e7\u00e3o onde vive e cresceu a ideia criativa. Grande parte dos pol\u00edticos actuais s\u00e3o aldrab\u00f5es e oportunistas e n\u00e3o prestam. Precisam de ser enxotados e desconfiam dos homens da cultura como c\u00e3es perigosos que podem expor a sua incompet\u00eancia. Ser culto \u00e9 uma forma de intervir \u2013 eles sabem disso e n\u00e3o gostam. N\u00e3o \u00e9 preciso uma can\u00e7\u00e3o dizer mata e esfola. Basta ter profundidade, tema, intelig\u00eancia, humanidade, vis\u00e3o livre das coisas e ideias e j\u00e1 estar\u00e1 a ser de \u201cinterven\u00e7\u00e3o\u201d Mas que isto est\u00e1 a precisar de outro sistema e outra nomenclatura\u2026 est\u00e1 sim senhor!<br><\/span><\/div>\n<div style=\"text-align: justify\">&nbsp;<\/div>\n<div style=\"text-align: justify\">&nbsp;<\/div>\n<p><iframe src=\"http:\/\/www.youtube.com\/embed\/kpTHCheKP24\" width=\"425\" height=\"349\" frameborder=\"0\" allowfullscreen=\"allowfullscreen\"><\/iframe><\/p>\n<div style=\"text-align: justify\">&nbsp;<\/div>\n<div style=\"font-family: Arial,Helvetica,sans-serif;text-align: justify\"><b>EM: A prop\u00f3sito, qual considera ser o \u00abestado d&#8217;arte\u00bb da m\u00fasica feita em Portugal?&nbsp;<\/b><\/div>\n<div style=\"font-family: Arial,Helvetica,sans-serif;text-align: justify\">&nbsp;<\/div>\n<div style=\"font-family: Arial,Helvetica,sans-serif;text-align: justify\"><b>Pedro Barroso:<\/b> Sei pouco do que se faz e n\u00e3o gosto da maior parte das porcarias que ou\u00e7o na r\u00e1dio e vejo na TV. Aprendi com o ZECA, fiz palco tamb\u00e9m com o Fanhais; o Adriano; Janita; o Vitorino; o Julio Pereira; o Fausto; o Tordo; o Carlos Mendes; o Paulo; o Ant\u00f3nio Macedo. Bebi inspira\u00e7\u00e3o na Barbara; no Brel; no Becaud; no Aznavour; na Piaf; no Cohen; no Pete Seeger, eu sei l\u00e1 quem \u00e9 esta gente que hoje comanda os pr\u00e9mios e o tempo de antena todo que anda por a\u00ed\u2026Nem quero saber, \u00e9-me indiferente! Vingo-me assim \u2013 eles n\u00e3o sabem quem eu sou e eu raramente tamb\u00e9m sei quem s\u00e3o estes modernos\u2026<\/div>\n<div style=\"font-family: Arial,Helvetica,sans-serif;text-align: justify\">&nbsp;<\/div>\n<div style=\"font-family: Arial,Helvetica,sans-serif;text-align: justify\"><b>EM: No entanto, a sua carreira \u00e9 muito mais do que apenas m\u00fasicas de interven\u00e7\u00e3o ou de alerta e consciencializa\u00e7\u00e3o social. Bastar\u00e1 recordar meia d\u00fazia de can\u00e7\u00f5es de Amor, com \u00abMenina dos olhos d\u2019\u00e1gua\u00bb \u00e0 cabe\u00e7a e o peso da Mulher na sua Arte, na m\u00fasica, nos poemas, nos livros, na pintura (enquanto Pedro Chora, o &#8220;pr\u00e9-verso&#8221;) O Pedro \u00e9 um eterno apaixonado?<\/b><\/div>\n<div style=\"font-family: Arial,Helvetica,sans-serif;text-align: justify\"><b>Pedro Barroso:<\/b> Gosto muito de alguns animais lind\u00edssimos que h\u00e1 na natureza, sim. Entre eles o tigre da Sib\u00e9ria, o cavalo lusitano e obviamente, a f\u00eamea do homem \u2013 esse espanto da sedu\u00e7\u00e3o e do capricho, esse ser da tes\u00e3o e da beleza que \u00e9 a mulher &#8211; quando sabe s\u00ea-lo\u2026 perdoem-me o humor, claro\u2026<\/div>\n<div style=\"font-family: Arial,Helvetica,sans-serif;text-align: justify\">Uma mulher bonita fura a eternidade e faz poesia por si. Sou um enorme admirador. Assumo.<\/div>\n<div style=\"font-family: Arial,Helvetica,sans-serif;text-align: justify\">&nbsp;<\/div>\n<p><iframe src=\"http:\/\/www.youtube.com\/embed\/wMpzPenX2zk\" width=\"425\" height=\"349\" frameborder=\"0\" allowfullscreen=\"allowfullscreen\"><\/iframe><\/p>\n<p>&nbsp;<\/p>\n<div style=\"text-align: justify\"><b><span style=\"font-family: Arial,Helvetica,sans-serif\">EM: Em 1987 escreveu: \u201c\u00e9 t\u00e3o dif\u00edcil encontrar pessoas assim bonitas \/ \u00e9 t\u00e3o dif\u00edcil encontrar pessoas assim pessoas\u201d (M\u00fasica: Bonita) De l\u00e1 para c\u00e1, o balan\u00e7o que faz das pessoas que foi conhecendo \u00e9 mais positivo ou mais negativo? <\/span><\/b><\/div>\n<div style=\"text-align: justify\"><b><br><\/b><span style=\"font-family: Arial,Helvetica,sans-serif\"><b>Pedro Barroso:<\/b> Est\u00e3o mais bonitas por fora. Fazem pl\u00e1sticas, <i>piercings<\/i> e depilam-se e tudo. Elas e eles. Mas por dentro\u2026 ai que longe de serem o que \u00e9 preciso\u2026eu \u00e9 que aprendi talvez a seleccionar melhor quem me entra na intimidade.<iframe width=\"560\" height=\"315\" src=\"https:\/\/www.youtube.com\/embed\/OSW3Z5oSrM8\" frameborder=\"0\" allowfullscreen><\/iframe>\n<div style=\"font-family: Arial,Helvetica,sans-serif;text-align: justify\"><b>EM: Vive na sua casa de Riachos na tranquilidade do campo, afastado dos grandes centros (\u201ce digam por favor de onde nasce o sol\/que eu basta-me o calor \u2013 para l\u00e1 me voltarei\u201d) A solid\u00e3o da cria\u00e7\u00e3o e da frui\u00e7\u00e3o dos dias \u00e9 fasc\u00ednio, op\u00e7\u00e3o ou, passe a express\u00e3o, falta de paci\u00eancia para pessoas?&nbsp;<\/b><\/div>\n<div style=\"font-family: Arial,Helvetica,sans-serif;text-align: justify\">&nbsp;<\/div>\n<div style=\"font-family: Arial,Helvetica,sans-serif;text-align: justify\"><b>Pedro Barroso:<\/b> Muita falta de pachorra. E sou exclusivo e muito secreto tamb\u00e9m. N\u00e3o facilito muito, confesso, a intrus\u00e3o nos meus espa\u00e7os. Gosto imenso de estar sossegado e fazer muito pouco. Por exemplo tenho imensa arte &#8211; escultura e pintura sobretudo &#8211; nas minhas casas. Se a pessoa que a visita n\u00e3o perceber as paredes que est\u00e1 a ver, para qu\u00ea fazer amizade com um imbecil? Se n\u00e3o entende os recados que est\u00e3o numa can\u00e7\u00e3o, e me disser apenas que est\u00e1 muito bem cantada e que tenho uma bela voz, para qu\u00ea discutir com ela as inten\u00e7\u00f5es que presidiram \u00e0 can\u00e7\u00e3o? Tenho lados de mim que s\u00e3o muito, muito selectivos e s\u00f3 experts poder\u00e3o penetrar. Se o conseguirem fazer, ok, s\u00e3o suficientemente inteligentes e c\u00famplices para merecerem a minha amizade. Se n\u00e3o me percebem, ent\u00e3o por favor tamb\u00e9m n\u00e3o me chateiem. Sou muito pregui\u00e7oso e gosto imenso.<\/div>\n<div style=\"font-family: Arial,Helvetica,sans-serif;text-align: justify\">&nbsp;<\/div>\n<div style=\"font-family: Arial,Helvetica,sans-serif;text-align: justify\"><b>EM: Depois do \u00abdram\u00e1tico\u00bb an\u00fancio do final de 2010 sobre o seu abandono dos palcos, a verdade \u00e9 que, em 2011, continua a poder ver-se, ainda que esporadicamente, o Pedro em concerto. Foram \u00abos amigos\u00bb a convence-lo ou continua a sentir \u201cfome de palco\u201d?&nbsp;<\/b><\/div>\n<div style=\"font-family: Arial,Helvetica,sans-serif;text-align: justify\">&nbsp;<\/div>\n<div style=\"font-family: Arial,Helvetica,sans-serif;text-align: justify\"><b>Pedro Barroso:<\/b> Eu disse que terminava os grandes concertos, os de mais de duas horas sem intervalo. E acabei. Hoje fa\u00e7o concertos de uma hora. E trabalho o menos que posso. Mas o palco nunca se recusa, \u00e9 um sitio m\u00e1gico onde vivi os melhores momentos da minha vida.<\/div>\n\n<p><b><span style=\"font-family: Arial,Helvetica,sans-serif\"><br>EM: Em 2009 gravou \u00abEsperan\u00e7a\u00bb com a Tuna de Veteranos de Viana do Castelo. Como surgiu o convite? <\/span><\/b><\/p>\n<p><span style=\"font-family: Arial,Helvetica,sans-serif\"><b>Pedro Barroso:<\/b> Eles contactaram-me, tinham uma vers\u00e3o; senti curiosidade e fui. Ficamos muito amigos.<\/span><\/p>\n<\/div>\n<p><iframe src=\"http:\/\/www.youtube.com\/embed\/Q6PS1OsSR2I\" width=\"425\" height=\"349\" frameborder=\"0\" allowfullscreen=\"allowfullscreen\"><\/iframe><\/p>\n<div style=\"font-family: Arial,Helvetica,sans-serif;text-align: justify\">\n<p><b>EM: Perante a excel\u00eancia e riqueza da sua obra, o exerc\u00edcio de escolher os seus melhores poema \u00e9 algo extremamente dif\u00edcil e ingrato. No entanto, \u00abExcesso\u00bb \u00e9 provavelmente a sua can\u00e7\u00e3o mais \u00edntima, a que mais provoca \u201cc\u00f3cegas na alma\u201d. Partilha desta vis\u00e3o? O criador consegue preferir algum dos seus \u201cfilhos\u201d? <\/b><\/p>\n<p><b>Pedro Barroso:<\/b> &#8220;Nah&#8221; H\u00e1 tantas coisas que gosto que era imposs\u00edvel. Mas h\u00e1 can\u00e7\u00f5es que ainda hoje me arrepiam e outras que me espanto como consegui faz\u00ea-las.<\/p>\n<\/div>\n<div style=\"font-family: Arial,Helvetica,sans-serif;text-align: justify\">&nbsp;<\/div>\n<p><iframe src=\"http:\/\/www.youtube.com\/embed\/-KY8VGfca94\" width=\"425\" height=\"349\" frameborder=\"0\" allowfullscreen=\"allowfullscreen\"><\/iframe><\/p>\n<p>&nbsp;<\/p>\n<div style=\"text-align: justify\"><b><span style=\"font-family: Arial,Helvetica,sans-serif\">EM: Uma curiosidade, enquanto professor, orador e comunicador de excel\u00eancia, o que lhe parece o presente Acordo Ortogr\u00e1fico, a que, alguns, chamam de Novo?&nbsp;<\/span><\/b><\/div>\n<div style=\"font-family: Arial,Helvetica,sans-serif;text-align: justify\">&nbsp;<\/div>\n<div style=\"font-family: Arial,Helvetica,sans-serif;text-align: justify\"><b>Pedro Barroso:<\/b> Um disparate sem sentido, com ced\u00eancias que nem muitos intelectuais brasileiros compreendem!<\/div>\n<div style=\"font-family: Arial,Helvetica,sans-serif;text-align: justify\">&nbsp;<\/div>\n<div style=\"font-family: Arial,Helvetica,sans-serif;text-align: justify\"><b>EM: Que nome colocaria no seu &#8220;Festival de M\u00fasica&#8221; ideal?<\/b><\/div>\n<div style=\"font-family: Arial,Helvetica,sans-serif;text-align: justify\">\n<p><b>Pedro Barroso:<\/b> &#8220;Esque\u00e7a tudo o que ouviu&#8221;, talvez&#8230;ou &#8220;Vamos cantar baixinho&#8221;, sei l\u00e1&#8230;<\/p>\n<\/div>\n<p><iframe src=\"http:\/\/www.youtube.com\/embed\/S4U9rlAeu8U\" width=\"425\" height=\"349\" frameborder=\"0\" allowfullscreen=\"allowfullscreen\"><\/iframe><\/p>\n<div style=\"font-family: Arial,Helvetica,sans-serif;text-align: justify\"><b><br>EM: O que est\u00e1 a criar neste momento? Podemos esperar algum material novo nos pr\u00f3ximos tempos?&nbsp;<\/b><\/div>\n<div style=\"font-family: Arial,Helvetica,sans-serif;text-align: justify\">&nbsp;<\/div>\n<div style=\"font-family: Arial,Helvetica,sans-serif;text-align: justify\"><b>Pedro Barroso:<\/b> Deve chamar-se &#8220;itiner\u00e1rios do amor e da revolta&#8221;e est\u00e1 em grava\u00e7\u00e3o mas avan\u00e7a lentamente \u2026talvez para o fim do ano se tudo correr bem.<\/div>\n<div style=\"font-family: Arial,Helvetica,sans-serif;text-align: justify\">&nbsp;<\/div>\n<div style=\"font-family: Arial,Helvetica,sans-serif;text-align: justify\"><b>EM: Que mensagem deixaria \u00e0s gera\u00e7\u00f5es mais jovens sobre o Futuro?&nbsp;<\/b><\/div>\n<div style=\"font-family: Arial,Helvetica,sans-serif;text-align: justify\">&nbsp;<\/div>\n<div style=\"font-family: Arial,Helvetica,sans-serif;text-align: justify\">\n<p><b>Pedro Barroso:<\/b> Leiam, fascinem-se procurem. Ou\u00e7am as coisas que ningu\u00e9m ouve; e nunca achem que muito barulho equivale a muita raz\u00e3o &#8211; nem na politica nem na m\u00fasica. Sonhem muito. Vivam o vosso tempo e a vossa idade. Amem muito mas busquem o fundo do mar e o pico da montanha. Ou\u00e7am o Barroso, j\u00e1 agora, escondidos ao fim da noite, nem que seja em grupos clandestinos. Abracem o futuro com ganas de mudan\u00e7a. Criem outros pol\u00edticos e outro sistema. Sejam sempre livres por dentro, que \u00e9 o sitio certo para nunca ser agrilhoado.<\/p>\n<\/div>\n<p><iframe src=\"http:\/\/www.youtube.com\/embed\/YJfWcpbJUD0\" width=\"425\" height=\"349\" frameborder=\"0\" allowfullscreen=\"allowfullscreen\"><\/iframe><\/p>\n<p><b style=\"font-family: Arial,Helvetica,sans-serif\">&#8220;Nunca \u00e9 tarde para sonhar&#8230;&#8221; Obrigado Pedro! <\/b><\/p>","protected":false},"excerpt":{"rendered":"<p>Porque os Grandes Tributos se fazem em Vida, o Eclectismo Musical presta homenagem a Pedro Barroso, um dos maiores Autores portugueses, com uma entrevista muito especial. Trovador de excel\u00eancia, com mais de 40 anos de carreira, sempre com um esp\u00edrito interventivo, acutilante e possuidor de uma mordaz ironia, a sua vida corre na tranquilidade de<\/p>","protected":false},"author":1,"featured_media":1785,"comment_status":"open","ping_status":"open","sticky":false,"template":"","format":"standard","meta":[],"categories":[25],"tags":[52],"_links":{"self":[{"href":"https:\/\/www.ecletismomusical.pt\/en\/wp-json\/wp\/v2\/posts\/369"}],"collection":[{"href":"https:\/\/www.ecletismomusical.pt\/en\/wp-json\/wp\/v2\/posts"}],"about":[{"href":"https:\/\/www.ecletismomusical.pt\/en\/wp-json\/wp\/v2\/types\/post"}],"author":[{"embeddable":true,"href":"https:\/\/www.ecletismomusical.pt\/en\/wp-json\/wp\/v2\/users\/1"}],"replies":[{"embeddable":true,"href":"https:\/\/www.ecletismomusical.pt\/en\/wp-json\/wp\/v2\/comments?post=369"}],"version-history":[{"count":3,"href":"https:\/\/www.ecletismomusical.pt\/en\/wp-json\/wp\/v2\/posts\/369\/revisions"}],"predecessor-version":[{"id":5105,"href":"https:\/\/www.ecletismomusical.pt\/en\/wp-json\/wp\/v2\/posts\/369\/revisions\/5105"}],"wp:featuredmedia":[{"embeddable":true,"href":"https:\/\/www.ecletismomusical.pt\/en\/wp-json\/wp\/v2\/media\/1785"}],"wp:attachment":[{"href":"https:\/\/www.ecletismomusical.pt\/en\/wp-json\/wp\/v2\/media?parent=369"}],"wp:term":[{"taxonomy":"category","embeddable":true,"href":"https:\/\/www.ecletismomusical.pt\/en\/wp-json\/wp\/v2\/categories?post=369"},{"taxonomy":"post_tag","embeddable":true,"href":"https:\/\/www.ecletismomusical.pt\/en\/wp-json\/wp\/v2\/tags?post=369"}],"curies":[{"name":"wp","href":"https:\/\/api.w.org\/{rel}","templated":true}]}}