{"id":3699,"date":"2018-11-21T14:42:45","date_gmt":"2018-11-21T14:42:45","guid":{"rendered":"https:\/\/www.ecletismomusical.pt\/?p=3699"},"modified":"2018-11-21T14:42:45","modified_gmt":"2018-11-21T14:42:45","slug":"new-video-prana-convida-surma-vaso-chines","status":"publish","type":"post","link":"https:\/\/www.ecletismomusical.pt\/en\/new-video-prana-convida-surma-vaso-chines\/","title":{"rendered":"[New Video] Prana Convida Surma &#8211; Vaso Chin\u00eas"},"content":{"rendered":"<p><iframe src=\"https:\/\/www.youtube.com\/embed\/Agsq0T_Ej7Q\" width=\"560\" height=\"315\" frameborder=\"0\" allowfullscreen=\"allowfullscreen\"><\/iframe><\/p>\n<p><span style=\"font-family: verdana, geneva, sans-serif\">Surma aceitou o convite dos Prana e juntou-se a eles no carism\u00e1tico Centro Cultural S. F\u00e9lix da Marinha para esta vers\u00e3o de Vaso Chin\u00eas, o \u00faltimo <em>single<\/em> da banda, presente no <a href=\"https:\/\/open.spotify.com\/artist\/6xTeCnV0OAlckWTqgSUJ6b\">\u00e1lbum Ser Nenhum<\/a>.<\/span><\/p>","protected":false},"excerpt":{"rendered":"<p>Surma aceitou o convite dos Prana e juntou-se a eles no carism\u00e1tico Centro Cultural S. F\u00e9lix da Marinha para esta vers\u00e3o de Vaso Chin\u00eas, o \u00faltimo single da banda, presente no \u00e1lbum Ser Nenhum.<\/p>","protected":false},"author":3,"featured_media":3700,"comment_status":"open","ping_status":"open","sticky":false,"template":"","format":"video","meta":[],"categories":[235,30],"tags":[89,574,284],"_links":{"self":[{"href":"https:\/\/www.ecletismomusical.pt\/en\/wp-json\/wp\/v2\/posts\/3699"}],"collection":[{"href":"https:\/\/www.ecletismomusical.pt\/en\/wp-json\/wp\/v2\/posts"}],"about":[{"href":"https:\/\/www.ecletismomusical.pt\/en\/wp-json\/wp\/v2\/types\/post"}],"author":[{"embeddable":true,"href":"https:\/\/www.ecletismomusical.pt\/en\/wp-json\/wp\/v2\/users\/3"}],"replies":[{"embeddable":true,"href":"https:\/\/www.ecletismomusical.pt\/en\/wp-json\/wp\/v2\/comments?post=3699"}],"version-history":[{"count":1,"href":"https:\/\/www.ecletismomusical.pt\/en\/wp-json\/wp\/v2\/posts\/3699\/revisions"}],"predecessor-version":[{"id":3701,"href":"https:\/\/www.ecletismomusical.pt\/en\/wp-json\/wp\/v2\/posts\/3699\/revisions\/3701"}],"wp:featuredmedia":[{"embeddable":true,"href":"https:\/\/www.ecletismomusical.pt\/en\/wp-json\/wp\/v2\/media\/3700"}],"wp:attachment":[{"href":"https:\/\/www.ecletismomusical.pt\/en\/wp-json\/wp\/v2\/media?parent=3699"}],"wp:term":[{"taxonomy":"category","embeddable":true,"href":"https:\/\/www.ecletismomusical.pt\/en\/wp-json\/wp\/v2\/categories?post=3699"},{"taxonomy":"post_tag","embeddable":true,"href":"https:\/\/www.ecletismomusical.pt\/en\/wp-json\/wp\/v2\/tags?post=3699"}],"curies":[{"name":"wp","href":"https:\/\/api.w.org\/{rel}","templated":true}]}}