{"id":3702,"date":"2018-11-26T15:42:46","date_gmt":"2018-11-26T15:42:46","guid":{"rendered":"https:\/\/www.ecletismomusical.pt\/?p=3702"},"modified":"2018-11-26T15:42:46","modified_gmt":"2018-11-26T15:42:46","slug":"new-album-marcelo-camelo-sinfonia-no-1-primitiva","status":"publish","type":"post","link":"https:\/\/www.ecletismomusical.pt\/en\/new-album-marcelo-camelo-sinfonia-no-1-primitiva\/","title":{"rendered":"[New Album] Marcelo Camelo &#8211; Sinfonia N\u00ba 1 \u2013 Primitiva"},"content":{"rendered":"<p><iframe src=\"https:\/\/www.youtube.com\/embed\/_zzNcDlFveg\" width=\"560\" height=\"315\" frameborder=\"0\" allowfullscreen=\"allowfullscreen\"><\/iframe><\/p>\n<p><span style=\"font-family: verdana, geneva, sans-serif\">Marcelo Camelo j\u00e1 h\u00e1 muito que provou de que era muito mais do que o vocalista dos Los Hermanos. Tem vindo a apresentar v\u00e1rios projetos musicais de g\u00e9nese muito distinta ao longo dos anos e, decidiu agora, apresentar um novo projeto. Nada mais, do que uma sinfonia em quatro movimentos composta inteiramente pelo m\u00fasico no seu est\u00fadio em Lisboa e interpretada pela Orquestra Filarm\u00f3nica de Praga. Vale a pena a audi\u00e7\u00e3o cuidada!<\/span><\/p>","protected":false},"excerpt":{"rendered":"<p>Marcelo Camelo j\u00e1 h\u00e1 muito que provou de que era muito mais do que o vocalista dos Los Hermanos. Tem vindo a apresentar v\u00e1rios projetos musicais de g\u00e9nese muito distinta ao longo dos anos e, decidiu agora, apresentar um novo projeto. Nada mais, do que uma sinfonia em quatro movimentos composta inteiramente pelo m\u00fasico no<\/p>","protected":false},"author":3,"featured_media":3703,"comment_status":"open","ping_status":"open","sticky":false,"template":"","format":"video","meta":[],"categories":[529],"tags":[575,85],"_links":{"self":[{"href":"https:\/\/www.ecletismomusical.pt\/en\/wp-json\/wp\/v2\/posts\/3702"}],"collection":[{"href":"https:\/\/www.ecletismomusical.pt\/en\/wp-json\/wp\/v2\/posts"}],"about":[{"href":"https:\/\/www.ecletismomusical.pt\/en\/wp-json\/wp\/v2\/types\/post"}],"author":[{"embeddable":true,"href":"https:\/\/www.ecletismomusical.pt\/en\/wp-json\/wp\/v2\/users\/3"}],"replies":[{"embeddable":true,"href":"https:\/\/www.ecletismomusical.pt\/en\/wp-json\/wp\/v2\/comments?post=3702"}],"version-history":[{"count":1,"href":"https:\/\/www.ecletismomusical.pt\/en\/wp-json\/wp\/v2\/posts\/3702\/revisions"}],"predecessor-version":[{"id":3704,"href":"https:\/\/www.ecletismomusical.pt\/en\/wp-json\/wp\/v2\/posts\/3702\/revisions\/3704"}],"wp:featuredmedia":[{"embeddable":true,"href":"https:\/\/www.ecletismomusical.pt\/en\/wp-json\/wp\/v2\/media\/3703"}],"wp:attachment":[{"href":"https:\/\/www.ecletismomusical.pt\/en\/wp-json\/wp\/v2\/media?parent=3702"}],"wp:term":[{"taxonomy":"category","embeddable":true,"href":"https:\/\/www.ecletismomusical.pt\/en\/wp-json\/wp\/v2\/categories?post=3702"},{"taxonomy":"post_tag","embeddable":true,"href":"https:\/\/www.ecletismomusical.pt\/en\/wp-json\/wp\/v2\/tags?post=3702"}],"curies":[{"name":"wp","href":"https:\/\/api.w.org\/{rel}","templated":true}]}}