{"id":3724,"date":"2018-11-23T13:27:10","date_gmt":"2018-11-23T13:27:10","guid":{"rendered":"https:\/\/www.ecletismomusical.pt\/?p=3724"},"modified":"2018-11-23T13:27:10","modified_gmt":"2018-11-23T13:27:10","slug":"new-songs-linda-martini-europeu-comum-ossea-menor","status":"publish","type":"post","link":"https:\/\/www.ecletismomusical.pt\/en\/new-songs-linda-martini-europeu-comum-ossea-menor\/","title":{"rendered":"[New Songs] Linda Martini &#8211; Europeu Comum &#038; \u00d3ssea Menor"},"content":{"rendered":"<p><iframe src=\"https:\/\/www.youtube.com\/embed\/jwq-yNRT8x8\" width=\"560\" height=\"315\" frameborder=\"0\" allowfullscreen=\"allowfullscreen\"><\/iframe><\/p>\n<p><iframe src=\"https:\/\/www.youtube.com\/embed\/Y-Y_rIqdqc8\" width=\"560\" height=\"315\" frameborder=\"0\" allowfullscreen=\"allowfullscreen\"><\/iframe><\/p>\n<p><span style=\"font-family: verdana, geneva, sans-serif\">Os Linda Martini voltaram em grande! Para al\u00e9m da reedi\u00e7\u00e3o do seu \u00faltimo lan\u00e7aram duas m\u00fasicas in\u00e9ditas e anunciaram um Tour de Final de Ano que est\u00e1 a esgotar como p\u00e3o quente!<\/span><\/p>\n<p><em><span style=\"font-family: verdana, geneva, sans-serif\">&#8220;A Tour Agora Escolha ir\u00e1 percorrer o pa\u00eds de 5 a 20 de Dezembro e desta vez o p\u00fablico tem uma palavra a dizer. Ao acederem \u00e0 plataforma Agora Escolha, alojada no site da banda, podem construir a sua setlist de sonho com todas as m\u00fasicas que querem ouvir nos concertos. Dos cl\u00e1ssicos \u00e0s raridades, as m\u00fasicas mais escolhidas ser\u00e3o tocadas ao vivo, al<span class=\"text_exposed_show\">gumas delas pela primeira vez.<\/span><\/span><\/em><\/p>\n<div class=\"text_exposed_show\">\n<p><em><span style=\"font-family: verdana, geneva, sans-serif\">AGORA ESCOLHA<\/span><\/em><br \/>\n<em><span style=\"font-family: verdana, geneva, sans-serif\"><a href=\"https:\/\/l.facebook.com\/l.php?u=http%3A%2F%2Fwww.lindamartini.net%2Fagoraescolha%3Ffbclid%3DIwAR3IYxTf15o_OQdQb6XODAQLwSIKG2wZlLoMNILfhX6dNSqDGJVl8z6wm4c&amp;h=AT0EYrS4NEGKpklQDzqa76BCa6yOX0pTUtOcjOIiwXNhF9iiUhBTY2wsKUdl_UaX7Mvho-I_eLq0qCX7ZcOjRz0iOrR4TWBEpS9Q28x96TLApCJlewD-HAhbcyVbbNvPlLpz5JJxsHbVG5WMy98RLBr-5YDNr9N1T5dZUBXzY5Yo_6FWvwwIILdMffR5zUc-VYnUdqMuVlcjv-z1s0wlJh-Ig_ADOqRuoXkGH9Kj2sCmiL1KMs7g1HzexwPjd-vrHMhCqr5ieR_rrcD9yUiP-FuSu6yamNWH97SCvOwUDroMtctghOuyzm0jv9pkH9I5jiSHvAh_beeNZZO4c7nJvOSG3FrMvVdBQptWmSAfVsCfeDq1e4QDgDxcA_buyMZgGd0SffAyY7dlZDxT57zfPRKreDEtPjHf9_dODRS2Jb6evmJwuGF7StbAXMO1n08afN0soVxi6GecYcE95QJQtUkB6vnA1vmn7v4Zec7TsnU7oW5kMbR0zEciFQNl5Hymc24cB94NQ7XJHn1K320rvHbpXtp07E5Cyw\" target=\"_blank\">www.lindamartini.net\/agoraescolha&#8221;<\/a><\/span><\/em><\/p>\n<p><img class=\"alignnone  wp-image-3728\" src=\"https:\/\/www.ecletismomusical.pt\/wp-content\/uploads\/2018\/11\/46508920_10161043845905641_6788366587817623552_o-1.jpg\" alt=\"\" width=\"1005\" height=\"566\" srcset=\"https:\/\/www.ecletismomusical.pt\/wp-content\/uploads\/2018\/11\/46508920_10161043845905641_6788366587817623552_o-1.jpg 1200w, https:\/\/www.ecletismomusical.pt\/wp-content\/uploads\/2018\/11\/46508920_10161043845905641_6788366587817623552_o-1-300x169.jpg 300w, https:\/\/www.ecletismomusical.pt\/wp-content\/uploads\/2018\/11\/46508920_10161043845905641_6788366587817623552_o-1-768x432.jpg 768w, https:\/\/www.ecletismomusical.pt\/wp-content\/uploads\/2018\/11\/46508920_10161043845905641_6788366587817623552_o-1-1024x576.jpg 1024w\" \/><\/p>\n<\/div>","protected":false},"excerpt":{"rendered":"<p>Os Linda Martini voltaram em grande! Para al\u00e9m da reedi\u00e7\u00e3o do seu \u00faltimo lan\u00e7aram duas m\u00fasicas in\u00e9ditas e anunciaram um Tour de Final de Ano que est\u00e1 a esgotar como p\u00e3o quente! &#8220;A Tour Agora Escolha ir\u00e1 percorrer o pa\u00eds de 5 a 20 de Dezembro e desta vez o p\u00fablico tem uma palavra a<\/p>","protected":false},"author":3,"featured_media":3725,"comment_status":"open","ping_status":"open","sticky":false,"template":"","format":"standard","meta":[],"categories":[263],"tags":[286,580],"_links":{"self":[{"href":"https:\/\/www.ecletismomusical.pt\/en\/wp-json\/wp\/v2\/posts\/3724"}],"collection":[{"href":"https:\/\/www.ecletismomusical.pt\/en\/wp-json\/wp\/v2\/posts"}],"about":[{"href":"https:\/\/www.ecletismomusical.pt\/en\/wp-json\/wp\/v2\/types\/post"}],"author":[{"embeddable":true,"href":"https:\/\/www.ecletismomusical.pt\/en\/wp-json\/wp\/v2\/users\/3"}],"replies":[{"embeddable":true,"href":"https:\/\/www.ecletismomusical.pt\/en\/wp-json\/wp\/v2\/comments?post=3724"}],"version-history":[{"count":2,"href":"https:\/\/www.ecletismomusical.pt\/en\/wp-json\/wp\/v2\/posts\/3724\/revisions"}],"predecessor-version":[{"id":3729,"href":"https:\/\/www.ecletismomusical.pt\/en\/wp-json\/wp\/v2\/posts\/3724\/revisions\/3729"}],"wp:featuredmedia":[{"embeddable":true,"href":"https:\/\/www.ecletismomusical.pt\/en\/wp-json\/wp\/v2\/media\/3725"}],"wp:attachment":[{"href":"https:\/\/www.ecletismomusical.pt\/en\/wp-json\/wp\/v2\/media?parent=3724"}],"wp:term":[{"taxonomy":"category","embeddable":true,"href":"https:\/\/www.ecletismomusical.pt\/en\/wp-json\/wp\/v2\/categories?post=3724"},{"taxonomy":"post_tag","embeddable":true,"href":"https:\/\/www.ecletismomusical.pt\/en\/wp-json\/wp\/v2\/tags?post=3724"}],"curies":[{"name":"wp","href":"https:\/\/api.w.org\/{rel}","templated":true}]}}