{"id":3730,"date":"2018-11-23T15:22:58","date_gmt":"2018-11-23T15:22:58","guid":{"rendered":"https:\/\/www.ecletismomusical.pt\/?p=3730"},"modified":"2018-11-23T15:23:34","modified_gmt":"2018-11-23T15:23:34","slug":"new-single-carminho-o-menino-e-a-cidade","status":"publish","type":"post","link":"https:\/\/www.ecletismomusical.pt\/en\/new-single-carminho-o-menino-e-a-cidade\/","title":{"rendered":"[New Single] Carminho &#8211; O Menino e a Cidade"},"content":{"rendered":"<p><iframe src=\"https:\/\/www.youtube.com\/embed\/ZeSTzWG00p8\" width=\"560\" height=\"315\" frameborder=\"0\" allowfullscreen=\"allowfullscreen\"><\/iframe><\/p>\n<p><span style=\"font-family: verdana, geneva, sans-serif\">O novo \u00e1lbum de <a href=\"https:\/\/www.carminhomusic.com\/\">Carminho<\/a>, &#8220;Maria&#8221;, \u00e9 editado no pr\u00f3ximo dia 30. O Primeiro <em>single<\/em> &#8220;O Menino e a Cidade&#8221; tem letra de <a href=\"https:\/\/www.facebook.com\/JoanaEspadinha\/\">Joana Espadinha<\/a> e conta com o extraordin\u00e1rio talento de Bernardo Couto na guitarra portuguesa.<\/span><\/p>","protected":false},"excerpt":{"rendered":"<p>O novo \u00e1lbum de Carminho, &#8220;Maria&#8221;, \u00e9 editado no pr\u00f3ximo dia 30. O Primeiro single &#8220;O Menino e a Cidade&#8221; tem letra de Joana Espadinha e conta com o extraordin\u00e1rio talento de Bernardo Couto na guitarra portuguesa.<\/p>","protected":false},"author":3,"featured_media":3731,"comment_status":"open","ping_status":"open","sticky":false,"template":"","format":"video","meta":[],"categories":[26],"tags":[582,581,305,87],"_links":{"self":[{"href":"https:\/\/www.ecletismomusical.pt\/en\/wp-json\/wp\/v2\/posts\/3730"}],"collection":[{"href":"https:\/\/www.ecletismomusical.pt\/en\/wp-json\/wp\/v2\/posts"}],"about":[{"href":"https:\/\/www.ecletismomusical.pt\/en\/wp-json\/wp\/v2\/types\/post"}],"author":[{"embeddable":true,"href":"https:\/\/www.ecletismomusical.pt\/en\/wp-json\/wp\/v2\/users\/3"}],"replies":[{"embeddable":true,"href":"https:\/\/www.ecletismomusical.pt\/en\/wp-json\/wp\/v2\/comments?post=3730"}],"version-history":[{"count":1,"href":"https:\/\/www.ecletismomusical.pt\/en\/wp-json\/wp\/v2\/posts\/3730\/revisions"}],"predecessor-version":[{"id":3732,"href":"https:\/\/www.ecletismomusical.pt\/en\/wp-json\/wp\/v2\/posts\/3730\/revisions\/3732"}],"wp:featuredmedia":[{"embeddable":true,"href":"https:\/\/www.ecletismomusical.pt\/en\/wp-json\/wp\/v2\/media\/3731"}],"wp:attachment":[{"href":"https:\/\/www.ecletismomusical.pt\/en\/wp-json\/wp\/v2\/media?parent=3730"}],"wp:term":[{"taxonomy":"category","embeddable":true,"href":"https:\/\/www.ecletismomusical.pt\/en\/wp-json\/wp\/v2\/categories?post=3730"},{"taxonomy":"post_tag","embeddable":true,"href":"https:\/\/www.ecletismomusical.pt\/en\/wp-json\/wp\/v2\/tags?post=3730"}],"curies":[{"name":"wp","href":"https:\/\/api.w.org\/{rel}","templated":true}]}}