{"id":374,"date":"2011-05-28T11:01:00","date_gmt":"2011-05-28T11:01:00","guid":{"rendered":"https:\/\/ecletismomusical.pt\/r-i-p-gil-scott-heron-1949-2011\/"},"modified":"2011-05-28T11:01:00","modified_gmt":"2011-05-28T11:01:00","slug":"r-i-p-gil-scott-heron-1949-2011","status":"publish","type":"post","link":"https:\/\/www.ecletismomusical.pt\/en\/r-i-p-gil-scott-heron-1949-2011\/","title":{"rendered":"[R.I.P.] Gil Scott-Heron (1949-2011)"},"content":{"rendered":"<div style=\"clear: both;text-align: center\"><a href=\"http:\/\/3.bp.blogspot.com\/-KLfXt00pysk\/TeDUcFR7Z3I\/AAAAAAAAALE\/V7IIY3mQlRc\/s1600\/gil1.jpg\" style=\"clear: left;float: left;margin-bottom: 1em;margin-right: 1em\"><img height=\"197\" src=\"http:\/\/3.bp.blogspot.com\/-KLfXt00pysk\/TeDUcFR7Z3I\/AAAAAAAAALE\/V7IIY3mQlRc\/s400\/gil1.jpg\" width=\"400\" \/><\/a><\/div>\n<div style=\"text-align: justify\"><\/div>\n<div style=\"font-family: Arial,Helvetica,sans-serif;text-align: justify\">\n<p>Faleceu esta noite em NY aos 62 anos, <b><a href=\"http:\/\/gilscottheron.net\/\">Gil Scott-Heron<\/a><\/b>, um dos maiores \u00edcones da m\u00fasica negra. Um dia muito triste para a m\u00fasica. R.I.P.<\/div>\n<p><iframe allowfullscreen=\"\" frameborder=\"0\" height=\"349\" src=\"http:\/\/www.youtube.com\/embed\/pkKCb7uElcs\" width=\"425\"><\/iframe><iframe allowfullscreen=\"\" frameborder=\"0\" height=\"349\" src=\"http:\/\/www.youtube.com\/embed\/MRe3c_n20sA\" width=\"425\"><\/iframe><\/p>","protected":false},"excerpt":{"rendered":"<p>Faleceu esta noite em NY aos 62 anos, Gil Scott-Heron, um dos maiores \u00edcones da m\u00fasica negra. Um dia muito triste para a m\u00fasica. R.I.P.<\/p>","protected":false},"author":1,"featured_media":0,"comment_status":"open","ping_status":"open","sticky":false,"template":"","format":"standard","meta":[],"categories":[1],"tags":[],"_links":{"self":[{"href":"https:\/\/www.ecletismomusical.pt\/en\/wp-json\/wp\/v2\/posts\/374"}],"collection":[{"href":"https:\/\/www.ecletismomusical.pt\/en\/wp-json\/wp\/v2\/posts"}],"about":[{"href":"https:\/\/www.ecletismomusical.pt\/en\/wp-json\/wp\/v2\/types\/post"}],"author":[{"embeddable":true,"href":"https:\/\/www.ecletismomusical.pt\/en\/wp-json\/wp\/v2\/users\/1"}],"replies":[{"embeddable":true,"href":"https:\/\/www.ecletismomusical.pt\/en\/wp-json\/wp\/v2\/comments?post=374"}],"version-history":[{"count":0,"href":"https:\/\/www.ecletismomusical.pt\/en\/wp-json\/wp\/v2\/posts\/374\/revisions"}],"wp:attachment":[{"href":"https:\/\/www.ecletismomusical.pt\/en\/wp-json\/wp\/v2\/media?parent=374"}],"wp:term":[{"taxonomy":"category","embeddable":true,"href":"https:\/\/www.ecletismomusical.pt\/en\/wp-json\/wp\/v2\/categories?post=374"},{"taxonomy":"post_tag","embeddable":true,"href":"https:\/\/www.ecletismomusical.pt\/en\/wp-json\/wp\/v2\/tags?post=374"}],"curies":[{"name":"wp","href":"https:\/\/api.w.org\/{rel}","templated":true}]}}